{"id":20880,"date":"2026-04-27T05:07:36","date_gmt":"2026-04-27T01:07:36","guid":{"rendered":"https:\/\/etab.ac-reunion.fr\/lyc-bel-air\/?p=20880"},"modified":"2026-04-27T05:07:37","modified_gmt":"2026-04-27T01:07:37","slug":"devoir-de-memoire-nos-eleves-a-lhonneur-au-monument-de-la-victoire-2","status":"publish","type":"post","link":"https:\/\/etab.ac-reunion.fr\/lyc-bel-air\/2026\/04\/27\/devoir-de-memoire-nos-eleves-a-lhonneur-au-monument-de-la-victoire-2\/","title":{"rendered":"Devoir de m\u00e9moire : nos \u00e9l\u00e8ves \u00e0 l\u2019honneur au Monument de la Victoire"},"content":{"rendered":"\n<p class=\"has-black-color has-text-color has-link-color wp-elements-31f3c9ba7922f3e933c2c464cd3f7c3a\"><strong>Ce dimanche 26 avril 2026, la ville de Saint-Denis a comm\u00e9mor\u00e9 la Journ\u00e9e nationale du souvenir des victimes et des h\u00e9ros de la d\u00e9portation. Parmi les officiels et les associations de m\u00e9moire, les \u00e9l\u00e8ves du lyc\u00e9e ont fi\u00e8rement repr\u00e9sent\u00e9 la jeunesse r\u00e9unionnaise.<\/strong><\/p>\n\n\n\n<p class=\"has-black-color has-text-color has-link-color wp-elements-329c9d25348dd45af7b77e914e1320cb\">Sous l&rsquo;\u00e9gide de leurs professeurs, les \u00e9l\u00e8ves des classes de <strong>1\u00e8re STI2D<\/strong> et de la <strong>102<\/strong> se sont rendus au monument de la Victoire pour participer \u00e0 cette c\u00e9r\u00e9monie empreinte de solennit\u00e9.<\/p>\n\n\n\n<figure class=\"wp-block-image size-large\"><img loading=\"lazy\" decoding=\"async\" width=\"1024\" height=\"769\" src=\"https:\/\/etab.ac-reunion.fr\/lyc-bel-air\/wp-content\/uploads\/sites\/71\/2026\/04\/20260426_0908063-2-1024x769.jpg\" alt=\"\" class=\"wp-image-20882\" srcset=\"https:\/\/etab.ac-reunion.fr\/lyc-bel-air\/wp-content\/uploads\/sites\/71\/2026\/04\/20260426_0908063-2-1024x769.jpg 1024w, https:\/\/etab.ac-reunion.fr\/lyc-bel-air\/wp-content\/uploads\/sites\/71\/2026\/04\/20260426_0908063-2-980x736.jpg 980w, https:\/\/etab.ac-reunion.fr\/lyc-bel-air\/wp-content\/uploads\/sites\/71\/2026\/04\/20260426_0908063-2-480x360.jpg 480w\" sizes=\"(min-width: 0px) and (max-width: 480px) 480px, (min-width: 481px) and (max-width: 980px) 980px, (min-width: 981px) 1024px, 100vw\" \/><\/figure>\n\n\n\n<p class=\"has-black-color has-text-color has-link-color wp-elements-229f0c9cacce9f9bb28d5ff658a96082\">Pr\u00e9sid\u00e9e par <strong>Philippe MALIZARD<\/strong>, sous-pr\u00e9fet de Saint-Paul, cette comm\u00e9moration a r\u00e9uni autorit\u00e9s civiles, militaires et anciens combattants pour rendre hommage au courage de ceux qui ont subi l&rsquo;horreur des camps.<\/p>\n\n\n\n<figure class=\"wp-block-gallery has-nested-images columns-default is-cropped wp-block-gallery-1 is-layout-flex wp-block-gallery-is-layout-flex\">\n<figure class=\"wp-block-image size-large\"><img loading=\"lazy\" decoding=\"async\" width=\"1024\" height=\"769\" data-id=\"20884\" src=\"https:\/\/etab.ac-reunion.fr\/lyc-bel-air\/wp-content\/uploads\/sites\/71\/2026\/04\/20260426_091952-1024x769.jpg\" alt=\"\" class=\"wp-image-20884\" srcset=\"https:\/\/etab.ac-reunion.fr\/lyc-bel-air\/wp-content\/uploads\/sites\/71\/2026\/04\/20260426_091952-1024x769.jpg 1024w, https:\/\/etab.ac-reunion.fr\/lyc-bel-air\/wp-content\/uploads\/sites\/71\/2026\/04\/20260426_091952-980x736.jpg 980w, https:\/\/etab.ac-reunion.fr\/lyc-bel-air\/wp-content\/uploads\/sites\/71\/2026\/04\/20260426_091952-480x360.jpg 480w\" sizes=\"(min-width: 0px) and (max-width: 480px) 480px, (min-width: 481px) and (max-width: 980px) 980px, (min-width: 981px) 1024px, 100vw\" \/><\/figure>\n\n\n\n<figure class=\"wp-block-image size-large\"><img loading=\"lazy\" decoding=\"async\" width=\"1024\" height=\"769\" data-id=\"20883\" src=\"https:\/\/etab.ac-reunion.fr\/lyc-bel-air\/wp-content\/uploads\/sites\/71\/2026\/04\/20260426_0920322-1-1024x769.jpg\" alt=\"\" class=\"wp-image-20883\" srcset=\"https:\/\/etab.ac-reunion.fr\/lyc-bel-air\/wp-content\/uploads\/sites\/71\/2026\/04\/20260426_0920322-1-1024x769.jpg 1024w, https:\/\/etab.ac-reunion.fr\/lyc-bel-air\/wp-content\/uploads\/sites\/71\/2026\/04\/20260426_0920322-1-980x736.jpg 980w, https:\/\/etab.ac-reunion.fr\/lyc-bel-air\/wp-content\/uploads\/sites\/71\/2026\/04\/20260426_0920322-1-480x360.jpg 480w\" sizes=\"(min-width: 0px) and (max-width: 480px) 480px, (min-width: 481px) and (max-width: 980px) 980px, (min-width: 981px) 1024px, 100vw\" \/><\/figure>\n\n\n\n<figure class=\"wp-block-image size-large\"><img loading=\"lazy\" decoding=\"async\" width=\"1024\" height=\"576\" data-id=\"20888\" src=\"https:\/\/etab.ac-reunion.fr\/lyc-bel-air\/wp-content\/uploads\/sites\/71\/2026\/04\/20260426_093120-1-1024x576.jpg\" alt=\"\" class=\"wp-image-20888\" srcset=\"https:\/\/etab.ac-reunion.fr\/lyc-bel-air\/wp-content\/uploads\/sites\/71\/2026\/04\/20260426_093120-1-980x552.jpg 980w, https:\/\/etab.ac-reunion.fr\/lyc-bel-air\/wp-content\/uploads\/sites\/71\/2026\/04\/20260426_093120-1-480x270.jpg 480w\" sizes=\"(min-width: 0px) and (max-width: 480px) 480px, (min-width: 481px) and (max-width: 980px) 980px, (min-width: 981px) 1024px, 100vw\" \/><\/figure>\n\n\n\n<figure class=\"wp-block-image size-large\"><img loading=\"lazy\" decoding=\"async\" width=\"1024\" height=\"769\" data-id=\"20886\" src=\"https:\/\/etab.ac-reunion.fr\/lyc-bel-air\/wp-content\/uploads\/sites\/71\/2026\/04\/20260426_094308-1-1024x769.jpg\" alt=\"\" class=\"wp-image-20886\" srcset=\"https:\/\/etab.ac-reunion.fr\/lyc-bel-air\/wp-content\/uploads\/sites\/71\/2026\/04\/20260426_094308-1-1024x769.jpg 1024w, https:\/\/etab.ac-reunion.fr\/lyc-bel-air\/wp-content\/uploads\/sites\/71\/2026\/04\/20260426_094308-1-980x736.jpg 980w, https:\/\/etab.ac-reunion.fr\/lyc-bel-air\/wp-content\/uploads\/sites\/71\/2026\/04\/20260426_094308-1-480x360.jpg 480w\" sizes=\"(min-width: 0px) and (max-width: 480px) 480px, (min-width: 481px) and (max-width: 980px) 980px, (min-width: 981px) 1024px, 100vw\" \/><\/figure>\n\n\n\n<figure class=\"wp-block-image size-large\"><img loading=\"lazy\" decoding=\"async\" width=\"1024\" height=\"769\" data-id=\"20885\" src=\"https:\/\/etab.ac-reunion.fr\/lyc-bel-air\/wp-content\/uploads\/sites\/71\/2026\/04\/20260426_094353-1-1024x769.jpg\" alt=\"\" class=\"wp-image-20885\" srcset=\"https:\/\/etab.ac-reunion.fr\/lyc-bel-air\/wp-content\/uploads\/sites\/71\/2026\/04\/20260426_094353-1-1024x769.jpg 1024w, https:\/\/etab.ac-reunion.fr\/lyc-bel-air\/wp-content\/uploads\/sites\/71\/2026\/04\/20260426_094353-1-980x736.jpg 980w, https:\/\/etab.ac-reunion.fr\/lyc-bel-air\/wp-content\/uploads\/sites\/71\/2026\/04\/20260426_094353-1-480x360.jpg 480w\" sizes=\"(min-width: 0px) and (max-width: 480px) 480px, (min-width: 481px) and (max-width: 980px) 980px, (min-width: 981px) 1024px, 100vw\" \/><\/figure>\n\n\n\n<figure class=\"wp-block-image size-large\"><img loading=\"lazy\" decoding=\"async\" width=\"1024\" height=\"769\" data-id=\"20887\" src=\"https:\/\/etab.ac-reunion.fr\/lyc-bel-air\/wp-content\/uploads\/sites\/71\/2026\/04\/20260426_094412-1024x769.jpg\" alt=\"\" class=\"wp-image-20887\" srcset=\"https:\/\/etab.ac-reunion.fr\/lyc-bel-air\/wp-content\/uploads\/sites\/71\/2026\/04\/20260426_094412-1024x769.jpg 1024w, https:\/\/etab.ac-reunion.fr\/lyc-bel-air\/wp-content\/uploads\/sites\/71\/2026\/04\/20260426_094412-980x736.jpg 980w, https:\/\/etab.ac-reunion.fr\/lyc-bel-air\/wp-content\/uploads\/sites\/71\/2026\/04\/20260426_094412-480x360.jpg 480w\" sizes=\"(min-width: 0px) and (max-width: 480px) 480px, (min-width: 481px) and (max-width: 980px) 980px, (min-width: 981px) 1024px, 100vw\" \/><\/figure>\n<\/figure>\n\n\n\n<p class=\"has-black-color has-text-color has-link-color wp-elements-b930f1e66ad992ff449595fb6f8210f8\">Nos \u00e9l\u00e8ves ont brill\u00e9 par leur performance lors de l&rsquo;interpr\u00e9tation de <em>La Marseillaise<\/em>, un moment de grande \u00e9motion salu\u00e9 par l&rsquo;ensemble de l&rsquo;assistance.<\/p>\n\n\n\n<figure class=\"wp-block-image size-large\"><img loading=\"lazy\" decoding=\"async\" width=\"1024\" height=\"676\" src=\"https:\/\/etab.ac-reunion.fr\/lyc-bel-air\/wp-content\/uploads\/sites\/71\/2026\/04\/20260426_0945122-1-1024x676.jpg\" alt=\"\" class=\"wp-image-20889\" srcset=\"https:\/\/etab.ac-reunion.fr\/lyc-bel-air\/wp-content\/uploads\/sites\/71\/2026\/04\/20260426_0945122-1-1024x676.jpg 1024w, https:\/\/etab.ac-reunion.fr\/lyc-bel-air\/wp-content\/uploads\/sites\/71\/2026\/04\/20260426_0945122-1-980x647.jpg 980w, https:\/\/etab.ac-reunion.fr\/lyc-bel-air\/wp-content\/uploads\/sites\/71\/2026\/04\/20260426_0945122-1-480x317.jpg 480w\" sizes=\"(min-width: 0px) and (max-width: 480px) 480px, (min-width: 481px) and (max-width: 980px) 980px, (min-width: 981px) 1024px, 100vw\" \/><\/figure>\n\n\n\n<p class=\"has-black-color has-text-color has-link-color wp-elements-989a40d07ef6ae7ba7b89e4993d1ec50\">\u00c0 l\u2019issue de la c\u00e9r\u00e9monie, les repr\u00e9sentants de l\u2019\u00c9tat et les autorit\u00e9s militaires ont tenu \u00e0 saluer le comportement exemplaire des lyc\u00e9ens. Leurs f\u00e9licitations ont particuli\u00e8rement soulign\u00e9 la qualit\u00e9 de l\u2019interpr\u00e9tation de l&rsquo;hymne national, marquant ainsi la reconnaissance officielle de l&rsquo;engagement des \u00e9l\u00e8ves de 1\u00e8re STI2D et de la 102 dans ce protocole r\u00e9publicain.<\/p>\n\n\n\n<figure class=\"wp-block-gallery has-nested-images columns-default is-cropped wp-block-gallery-2 is-layout-flex wp-block-gallery-is-layout-flex\">\n<figure class=\"wp-block-image size-large\"><img loading=\"lazy\" decoding=\"async\" width=\"1024\" height=\"769\" data-id=\"20890\" src=\"https:\/\/etab.ac-reunion.fr\/lyc-bel-air\/wp-content\/uploads\/sites\/71\/2026\/04\/20260426_095156-1-1024x769.jpg\" alt=\"\" class=\"wp-image-20890\" srcset=\"https:\/\/etab.ac-reunion.fr\/lyc-bel-air\/wp-content\/uploads\/sites\/71\/2026\/04\/20260426_095156-1-1024x769.jpg 1024w, https:\/\/etab.ac-reunion.fr\/lyc-bel-air\/wp-content\/uploads\/sites\/71\/2026\/04\/20260426_095156-1-980x736.jpg 980w, https:\/\/etab.ac-reunion.fr\/lyc-bel-air\/wp-content\/uploads\/sites\/71\/2026\/04\/20260426_095156-1-480x360.jpg 480w\" sizes=\"(min-width: 0px) and (max-width: 480px) 480px, (min-width: 481px) and (max-width: 980px) 980px, (min-width: 981px) 1024px, 100vw\" \/><\/figure>\n\n\n\n<figure class=\"wp-block-image size-large\"><img loading=\"lazy\" decoding=\"async\" width=\"1024\" height=\"769\" data-id=\"20893\" src=\"https:\/\/etab.ac-reunion.fr\/lyc-bel-air\/wp-content\/uploads\/sites\/71\/2026\/04\/20260426_095214-1-1024x769.jpg\" alt=\"\" class=\"wp-image-20893\" srcset=\"https:\/\/etab.ac-reunion.fr\/lyc-bel-air\/wp-content\/uploads\/sites\/71\/2026\/04\/20260426_095214-1-1024x769.jpg 1024w, https:\/\/etab.ac-reunion.fr\/lyc-bel-air\/wp-content\/uploads\/sites\/71\/2026\/04\/20260426_095214-1-980x736.jpg 980w, https:\/\/etab.ac-reunion.fr\/lyc-bel-air\/wp-content\/uploads\/sites\/71\/2026\/04\/20260426_095214-1-480x360.jpg 480w\" sizes=\"(min-width: 0px) and (max-width: 480px) 480px, (min-width: 481px) and (max-width: 980px) 980px, (min-width: 981px) 1024px, 100vw\" \/><\/figure>\n\n\n\n<figure class=\"wp-block-image size-large\"><img loading=\"lazy\" decoding=\"async\" width=\"1024\" height=\"769\" data-id=\"20892\" src=\"https:\/\/etab.ac-reunion.fr\/lyc-bel-air\/wp-content\/uploads\/sites\/71\/2026\/04\/20260426_095229-1-1024x769.jpg\" alt=\"\" class=\"wp-image-20892\" srcset=\"https:\/\/etab.ac-reunion.fr\/lyc-bel-air\/wp-content\/uploads\/sites\/71\/2026\/04\/20260426_095229-1-1024x769.jpg 1024w, https:\/\/etab.ac-reunion.fr\/lyc-bel-air\/wp-content\/uploads\/sites\/71\/2026\/04\/20260426_095229-1-980x736.jpg 980w, https:\/\/etab.ac-reunion.fr\/lyc-bel-air\/wp-content\/uploads\/sites\/71\/2026\/04\/20260426_095229-1-480x360.jpg 480w\" sizes=\"(min-width: 0px) and (max-width: 480px) 480px, (min-width: 481px) and (max-width: 980px) 980px, (min-width: 981px) 1024px, 100vw\" \/><\/figure>\n\n\n\n<figure class=\"wp-block-image size-large\"><img loading=\"lazy\" decoding=\"async\" width=\"1024\" height=\"769\" data-id=\"20891\" src=\"https:\/\/etab.ac-reunion.fr\/lyc-bel-air\/wp-content\/uploads\/sites\/71\/2026\/04\/20260426_095257-1-1024x769.jpg\" alt=\"\" class=\"wp-image-20891\" srcset=\"https:\/\/etab.ac-reunion.fr\/lyc-bel-air\/wp-content\/uploads\/sites\/71\/2026\/04\/20260426_095257-1-1024x769.jpg 1024w, https:\/\/etab.ac-reunion.fr\/lyc-bel-air\/wp-content\/uploads\/sites\/71\/2026\/04\/20260426_095257-1-980x736.jpg 980w, https:\/\/etab.ac-reunion.fr\/lyc-bel-air\/wp-content\/uploads\/sites\/71\/2026\/04\/20260426_095257-1-480x360.jpg 480w\" sizes=\"(min-width: 0px) and (max-width: 480px) 480px, (min-width: 481px) and (max-width: 980px) 980px, (min-width: 981px) 1024px, 100vw\" \/><\/figure>\n\n\n\n<figure class=\"wp-block-image size-large\"><img loading=\"lazy\" decoding=\"async\" width=\"914\" height=\"832\" data-id=\"20894\" src=\"https:\/\/etab.ac-reunion.fr\/lyc-bel-air\/wp-content\/uploads\/sites\/71\/2026\/04\/IMG_20260426_1001462.jpg\" alt=\"\" class=\"wp-image-20894\" srcset=\"https:\/\/etab.ac-reunion.fr\/lyc-bel-air\/wp-content\/uploads\/sites\/71\/2026\/04\/IMG_20260426_1001462.jpg 914w, https:\/\/etab.ac-reunion.fr\/lyc-bel-air\/wp-content\/uploads\/sites\/71\/2026\/04\/IMG_20260426_1001462-480x437.jpg 480w\" sizes=\"(min-width: 0px) and (max-width: 480px) 480px, (min-width: 481px) 914px, 100vw\" \/><\/figure>\n<\/figure>\n\n\n\n<p class=\"has-black-color has-text-color has-link-color wp-elements-75cf7591abf8d12f3a7f36c17917b4b8\">Au-del\u00e0 de la c\u00e9r\u00e9monie, cette participation s&rsquo;inscrit dans une d\u00e9marche p\u00e9dagogique . Pour ces \u00e9l\u00e8ves , \u00eatre pr\u00e9sents au monument de la Victoire, c&rsquo;est transformer une le\u00e7on d&rsquo;histoire en un acte concret de transmission et de respect.<\/p>\n\n\n\n<hr class=\"wp-block-separator has-alpha-channel-opacity\" \/>\n\n\n\n<p class=\"has-vivid-red-color has-text-color has-link-color wp-elements-5083109d042eada2fecddb97b0ab15df\"><strong>F\u00e9licitations \u00e0 tous les \u00e9l\u00e8ves pour leur tenue exemplaire et leur investissement !<\/strong><\/p>\n<!-- AddThis Advanced Settings generic via filter on the_content --><!-- AddThis Share Buttons generic via filter on the_content -->","protected":false},"excerpt":{"rendered":"<p>Ce dimanche 26 avril 2026, la ville de Saint-Denis a comm\u00e9mor\u00e9 la Journ\u00e9e nationale du souvenir des victimes et des h\u00e9ros de la d\u00e9portation. Parmi les officiels et les associations de m\u00e9moire, les \u00e9l\u00e8ves du lyc\u00e9e ont fi\u00e8rement repr\u00e9sent\u00e9 la jeunesse r\u00e9unionnaise. Sous l&rsquo;\u00e9gide de leurs professeurs, les \u00e9l\u00e8ves des classes de 1\u00e8re STI2D et [&hellip;]<!-- AddThis Advanced Settings generic via filter on get_the_excerpt --><!-- AddThis Share Buttons generic via filter on get_the_excerpt --><\/p>\n","protected":false},"author":20269,"featured_media":20894,"comment_status":"closed","ping_status":"closed","sticky":false,"template":"","format":"standard","meta":{"_et_pb_use_builder":"off","_et_pb_old_content":"","_et_gb_content_width":"","footnotes":"","_links_to":"","_links_to_target":""},"categories":[6,76,39,92,40,219,191,4,15,196,158,189],"tags":[],"class_list":["post-20880","post","type-post","status-publish","format-standard","has-post-thumbnail","hentry","category-a-afficher-sur-la-page-daccueil","category-actions-des-eleves","category-actualites","category-administration","category-ancien-site","category-evenements","category-la-vie-au-lycee","category-presentation-du-lycee","category-les-eleves","category-les-espaces","category-les-parents","category-site-web-2022"],"_links":{"self":[{"href":"https:\/\/etab.ac-reunion.fr\/lyc-bel-air\/wp-json\/wp\/v2\/posts\/20880","targetHints":{"allow":["GET"]}}],"collection":[{"href":"https:\/\/etab.ac-reunion.fr\/lyc-bel-air\/wp-json\/wp\/v2\/posts"}],"about":[{"href":"https:\/\/etab.ac-reunion.fr\/lyc-bel-air\/wp-json\/wp\/v2\/types\/post"}],"author":[{"embeddable":true,"href":"https:\/\/etab.ac-reunion.fr\/lyc-bel-air\/wp-json\/wp\/v2\/users\/20269"}],"replies":[{"embeddable":true,"href":"https:\/\/etab.ac-reunion.fr\/lyc-bel-air\/wp-json\/wp\/v2\/comments?post=20880"}],"version-history":[{"count":1,"href":"https:\/\/etab.ac-reunion.fr\/lyc-bel-air\/wp-json\/wp\/v2\/posts\/20880\/revisions"}],"predecessor-version":[{"id":20895,"href":"https:\/\/etab.ac-reunion.fr\/lyc-bel-air\/wp-json\/wp\/v2\/posts\/20880\/revisions\/20895"}],"wp:featuredmedia":[{"embeddable":true,"href":"https:\/\/etab.ac-reunion.fr\/lyc-bel-air\/wp-json\/wp\/v2\/media\/20894"}],"wp:attachment":[{"href":"https:\/\/etab.ac-reunion.fr\/lyc-bel-air\/wp-json\/wp\/v2\/media?parent=20880"}],"wp:term":[{"taxonomy":"category","embeddable":true,"href":"https:\/\/etab.ac-reunion.fr\/lyc-bel-air\/wp-json\/wp\/v2\/categories?post=20880"},{"taxonomy":"post_tag","embeddable":true,"href":"https:\/\/etab.ac-reunion.fr\/lyc-bel-air\/wp-json\/wp\/v2\/tags?post=20880"}],"curies":[{"name":"wp","href":"https:\/\/api.w.org\/{rel}","templated":true}]}}