{"id":20903,"date":"2026-04-28T14:01:06","date_gmt":"2026-04-28T10:01:06","guid":{"rendered":"https:\/\/etab.ac-reunion.fr\/lyc-bel-air\/?p=20903"},"modified":"2026-04-28T14:02:17","modified_gmt":"2026-04-28T10:02:17","slug":"ceremonie-du-8-mai-1945-le-lycee-bel-air-se-souvient","status":"publish","type":"post","link":"https:\/\/etab.ac-reunion.fr\/lyc-bel-air\/2026\/04\/28\/ceremonie-du-8-mai-1945-le-lycee-bel-air-se-souvient\/","title":{"rendered":"C\u00e9r\u00e9monie du 8 Mai 1945 Le Lyc\u00e9e Bel Air se souvient"},"content":{"rendered":"<p>[et_pb_section fb_built=\u00a0\u00bb1&Prime; _builder_version=\u00a0\u00bb4.27.6&Prime; _module_preset=\u00a0\u00bbdefault\u00a0\u00bb global_colors_info=\u00a0\u00bb{}\u00a0\u00bb][et_pb_row _builder_version=\u00a0\u00bb4.27.6&Prime; _module_preset=\u00a0\u00bbdefault\u00a0\u00bb global_colors_info=\u00a0\u00bb{}\u00a0\u00bb][et_pb_column type=\u00a0\u00bb4_4&Prime; _builder_version=\u00a0\u00bb4.27.6&Prime; _module_preset=\u00a0\u00bbdefault\u00a0\u00bb global_colors_info=\u00a0\u00bb{}\u00a0\u00bb][et_pb_code _builder_version=\u00a0\u00bb4.27.6&Prime; _module_preset=\u00a0\u00bbdefault\u00a0\u00bb global_colors_info=\u00a0\u00bb{}\u00a0\u00bb]<!-- Conteneur Principal (Styles int\u00e9gr\u00e9s 100% compatibles WordPress\/Divi\/Elementor) --><!-- [et_pb_line_break_holder] --><\/p>\n<div style=\"font-family: 'Segoe UI', Roboto, Helvetica, Arial, sans-serif;background-color: #ffffff;color: #1f2937;line-height: 1.6;border-radius: 24px;overflow: hidden;max-width: 1100px;margin: 0 auto\"><!-- [et_pb_line_break_holder] --><!-- [et_pb_line_break_holder] -->    <!-- HEADER M\u00c9MOIRE (Bleu R\u00e9publicain) --><!-- [et_pb_line_break_holder] -->    <\/p>\n<div style=\"background: linear-gradient(135deg, #1e3a8a 0%, #172554 100%);padding: clamp(40px, 5vw, 60px) clamp(15px, 3vw, 20px);text-align: center;color: white;position: relative;border-bottom: 6px solid #dc2626\"><!-- [et_pb_line_break_holder] -->        <!-- Liser\u00e9 Bleu Blanc Rouge discret en haut --><!-- [et_pb_line_break_holder] -->        <\/p>\n<div style=\"position: absolute;top: 0;left: 0;width: 100%;height: 6px\"><!-- [et_pb_line_break_holder] -->            <\/p>\n<div style=\"flex: 1;background-color: #002654\"><\/div>\n<p><!-- [et_pb_line_break_holder] -->            <\/p>\n<div style=\"flex: 1;background-color: #ffffff\"><\/div>\n<p><!-- [et_pb_line_break_holder] -->            <\/p>\n<div style=\"flex: 1;background-color: #ed2939\"><\/div>\n<p><!-- [et_pb_line_break_holder] -->        <\/div>\n<p><!-- [et_pb_line_break_holder] -->        <!-- [et_pb_line_break_holder] -->        <\/p>\n<div style=\"color: #f8fafc;padding: 8px 20px;border-radius: 30px;font-weight: bold;font-size: clamp(12px, 2vw, 13px);text-transform: uppercase;margin-bottom: 20px;letter-spacing: 1px\"><!-- [et_pb_line_break_holder] -->            <span style=\"font-size: 16px;margin-right: 5px;vertical-align: middle\">\ud83c\uddeb\ud83c\uddf7<\/span><!-- [et_pb_line_break_holder] -->            Devoir de M\u00e9moire<!-- [et_pb_line_break_holder] -->        <\/div>\n<p><!-- [et_pb_line_break_holder] -->        <\/p>\n<h1 style=\"color: white;font-size: clamp(28px, 5vw, 42px);margin: 0 0 20px 0;font-weight: 800;line-height: 1.2\"><!-- [et_pb_line_break_holder] -->            C\u00e9r\u00e9monie du 8 Mai 1945 <!\u2013- [et_pb_br_holder] -\u2013><!-- [et_pb_line_break_holder] -->            <span style=\"color: #93c5fd;font-size: clamp(20px, 4vw, 28px);font-weight: 600\">Le Lyc\u00e9e Bel Air se souvient<\/span><!-- [et_pb_line_break_holder] -->        <\/h1>\n<p><!-- [et_pb_line_break_holder] -->        <pee style=\"color: #bfdbfe;max-width: 800px;margin: 0 auto;font-size: clamp(15px, 3vw, 18px);font-weight: 500\"><!-- [et_pb_line_break_holder] -->            C\u00e9l\u00e9bration de la capitulation de l&rsquo;Allemagne nazie. Un moment solennel de recueillement, d&rsquo;histoire et de transmission rassemblant l&rsquo;ensemble de nos \u00e9l\u00e8ves, de nos personnels et de prestigieux invit\u00e9s.<!-- [et_pb_line_break_holder] -->        <\/pee><!-- [et_pb_line_break_holder] -->    <\/div>\n<p><!-- [et_pb_line_break_holder] --><!-- [et_pb_line_break_holder] -->    <!-- CONTENU PRINCIPAL --><!-- [et_pb_line_break_holder] -->    <\/p>\n<div style=\"padding: clamp(30px, 5vw, 50px) clamp(15px, 4vw, 30px)\"><!-- [et_pb_line_break_holder] --><!-- [et_pb_line_break_holder] -->        <!-- INTRODUCTION --><!-- [et_pb_line_break_holder] -->        <\/p>\n<div style=\"text-align: center;margin-bottom: clamp(30px, 5vw, 50px)\"><!-- [et_pb_line_break_holder] -->            <pee style=\"color: #4b5563;font-size: clamp(16px, 3vw, 18px);line-height: 1.8;max-width: 800px;margin: 0 auto\"><!-- [et_pb_line_break_holder] -->                Ce matin, la cour du lyc\u00e9e s&rsquo;est par\u00e9e des couleurs de la R\u00e9publique. D\u00e8s 10h30, l&rsquo;\u00e9tablissement entier a fait silence pour \u00e9couter le discours d&rsquo;ouverture de M. le Proviseur, marquant le d\u00e9but de cette comm\u00e9moration historique.<!-- [et_pb_line_break_holder] -->            <\/pee><!-- [et_pb_line_break_holder] -->        <\/div>\n<p><!-- [et_pb_line_break_holder] --><!-- [et_pb_line_break_holder] -->        <!-- SECTION 1 : LE D\u00c9ROUL\u00c9 DE LA C\u00c9R\u00c9MONIE (Cartes) --><!-- [et_pb_line_break_holder] -->        <\/p>\n<div style=\"flex-wrap: wrap;gap: 20px;justify-content: space-between;margin-bottom: clamp(40px, 6vw, 60px)\"><!-- [et_pb_line_break_holder] -->            <!-- [et_pb_line_break_holder] -->            <!-- Carte 1 : Les Ma\u00eetres de C\u00e9r\u00e9monie --><!-- [et_pb_line_break_holder] -->            <\/p>\n<div style=\"flex: 1 1 calc(33% - 15px);min-width: 250px;background-color: #f8fafc;padding: 25px;border-radius: 16px;border: 1px solid #e2e8f0;border-top: 4px solid #1e3a8a;position: relative\"><!-- [et_pb_line_break_holder] -->                <!-- Photo de Kenjee en petite bulle --><!-- [et_pb_line_break_holder] -->                <img decoding=\"async\" src=\"https:\/\/etab.ac-reunion.fr\/lyc-bel-air\/wp-content\/uploads\/sites\/71\/2026\/04\/1000038275-scaled.jpg\" alt=\"Kenjee, Ma\u00eetre de c\u00e9r\u00e9monie\" style=\"position: absolute;top: 20px;right: 20px;width: 55px;height: 55px;border-radius: 50%;object-fit: cover;border: 2px solid #1e3a8a\"><!-- [et_pb_line_break_holder] -->                <!-- [et_pb_line_break_holder] -->                <\/p>\n<div style=\"font-size: 30px;margin-bottom: 15px\">\ud83c\udf99\ufe0f<\/div>\n<p><!-- [et_pb_line_break_holder] -->                <\/p>\n<h3 style=\"color: #1e3a8a;font-size: 18px;font-weight: 800;margin: 0 0 10px 0\">L&rsquo;Animation<\/h3>\n<p><!-- [et_pb_line_break_holder] -->                <pee style=\"color: #475569;font-size: 15px;margin: 0;line-height: 1.6\"><!-- [et_pb_line_break_holder] -->                    La c\u00e9r\u00e9monie a \u00e9t\u00e9 brillamment orchestr\u00e9e par nos deux ma\u00eetres de c\u00e9r\u00e9monie : <strong>Kenjee<\/strong>, \u00e9l\u00e8ve repr\u00e9sentant du CVL, et <strong>Mme Clain<\/strong>, r\u00e9f\u00e9rente la\u00efcit\u00e9 de notre \u00e9tablissement.<!-- [et_pb_line_break_holder] -->                <\/pee><!-- [et_pb_line_break_holder] -->            <\/div>\n<p><!-- [et_pb_line_break_holder] --><!-- [et_pb_line_break_holder] -->            <!-- Carte 2 : Les Lectures --><!-- [et_pb_line_break_holder] -->            <\/p>\n<div style=\"flex: 1 1 calc(33% - 15px);min-width: 250px;background-color: #f8fafc;padding: 25px;border-radius: 16px;border: 1px solid #e2e8f0;border-top: 4px solid #f8fafc\"><!-- [et_pb_line_break_holder] -->                <!-- Astuce CSS : bordure haute blanche, pour \u00e9voquer le drapeau avec les 3 cartes --><!-- [et_pb_line_break_holder] -->                <\/p>\n<div style=\"font-size: 30px;margin-bottom: 15px\">\ud83d\udcdc<\/div>\n<p><!-- [et_pb_line_break_holder] -->                <\/p>\n<h3 style=\"color: #1e3a8a;font-size: 18px;font-weight: 800;margin: 0 0 10px 0\">Les Textes Historiques<\/h3>\n<p><!-- [et_pb_line_break_holder] -->                <pee style=\"color: #475569;font-size: 15px;margin: 0;line-height: 1.6\"><!-- [et_pb_line_break_holder] -->                    L&rsquo;\u00e9motion \u00e9tait palpable lors de la lecture par nos \u00e9l\u00e8ves de la bouleversante <em>lettre de Guy M\u00f4quet \u00e0 sa famille<\/em>, suivie de l&rsquo;ordre du jour n\u00b09 du <em>G\u00e9n\u00e9ral de Lattre de Tassigny<\/em> du 9 mai 1945.<!-- [et_pb_line_break_holder] -->                <\/pee><!-- [et_pb_line_break_holder] -->            <\/div>\n<p><!-- [et_pb_line_break_holder] --><!-- [et_pb_line_break_holder] -->            <!-- Carte 3 : La Marseillaise --><!-- [et_pb_line_break_holder] -->            <\/p>\n<div style=\"flex: 1 1 calc(33% - 15px);min-width: 250px;background-color: #f8fafc;padding: 25px;border-radius: 16px;border: 1px solid #e2e8f0;border-top: 4px solid #dc2626\"><!-- [et_pb_line_break_holder] -->                <\/p>\n<div style=\"font-size: 30px;margin-bottom: 15px\">\ud83c\udfb5<\/div>\n<p><!-- [et_pb_line_break_holder] -->                <\/p>\n<h3 style=\"color: #1e3a8a;font-size: 18px;font-weight: 800;margin: 0 0 10px 0\">L&rsquo;Hymne National<\/h3>\n<p><!-- [et_pb_line_break_holder] -->                <pee style=\"color: #475569;font-size: 15px;margin: 0;line-height: 1.6\"><!-- [et_pb_line_break_holder] -->                    Un magnifique <strong>ch\u0153ur d&rsquo;\u00e9l\u00e8ves<\/strong> a ensuite entonn\u00e9 la Marseillaise, un moment de ferveur et d&rsquo;unit\u00e9 r\u00e9publicaine qui a r\u00e9sonn\u00e9 dans toute la cour du lyc\u00e9e.<!-- [et_pb_line_break_holder] -->                <\/pee><!-- [et_pb_line_break_holder] -->            <\/div>\n<p><!-- [et_pb_line_break_holder] -->        <\/div>\n<p><!-- [et_pb_line_break_holder] --><!-- [et_pb_line_break_holder] -->        <!-- SECTION 2 : LES INVIT\u00c9S D'HONNEUR --><!-- [et_pb_line_break_holder] -->        <\/p>\n<div style=\"background-color: white;border-radius: 20px;padding: clamp(20px, 4vw, 40px);border: 1px solid #f3f4f6;margin-bottom: clamp(30px, 5vw, 50px)\"><!-- [et_pb_line_break_holder] -->            <\/p>\n<h2 style=\"color: #1e3a8a;font-size: clamp(22px, 4vw, 28px);font-weight: 800;margin-top: 0;text-align: center;margin-bottom: 25px;border-bottom: 2px solid #e5e7eb;padding-bottom: 15px\">Une assembl\u00e9e d&rsquo;invit\u00e9s prestigieux<\/h2>\n<p><!-- [et_pb_line_break_holder] -->            <!-- [et_pb_line_break_holder] -->            <pee style=\"color: #4b5563;font-size: clamp(15px, 3vw, 16px);margin-bottom: 25px;line-height: 1.7;text-align: left\"><!-- [et_pb_line_break_holder] -->                La c\u00e9r\u00e9monie s&rsquo;est poursuivie avec les interventions de nos invit\u00e9s et la remise des certificats de participation. Le Lyc\u00e9e Bel Air a eu l&rsquo;immense honneur d&rsquo;accueillir des personnalit\u00e9s d&rsquo;horizons divers, symbolisant l&rsquo;union de la Nation et le lien interg\u00e9n\u00e9rationnel, dont :<!-- [et_pb_line_break_holder] -->            <\/pee><!-- [et_pb_line_break_holder] --><!-- [et_pb_line_break_holder] -->            <!-- Liste des invit\u00e9s format\u00e9e joliment avec les petites photos --><!-- [et_pb_line_break_holder] -->            <\/p>\n<div style=\"flex-wrap: wrap;gap: 15px;margin-bottom: 30px\"><!-- [et_pb_line_break_holder] -->                <\/p>\n<ul style=\"list-style-type: none;padding: 0;margin: 0;width: 100%;grid-template-columns: repeat(auto-fit, minmax(280px, 1fr));gap: 15px\"><!-- [et_pb_line_break_holder] -->                    <\/p>\n<li style=\"align-items: center;gap: 10px;color: #334155;font-size: 15px\"><span style=\"color: #1e3a8a;width: 35px;text-align: center\">\ud83c\udf96\ufe0f<\/span> M. Dromart<\/li>\n<p><!-- [et_pb_line_break_holder] -->                    <\/p>\n<li style=\"align-items: center;gap: 10px;color: #334155;font-size: 15px\"><img decoding=\"async\" src=\"https:\/\/etab.ac-reunion.fr\/lyc-bel-air\/wp-content\/uploads\/sites\/71\/2026\/04\/1000038274-scaled.jpg\" alt=\"Mme Grondin\" style=\"width: 35px;height: 35px;border-radius: 50%;object-fit: cover;border: 1px solid #cbd5e1\"> Mme Nathalie Grondin (Repr\u00e9sentante des parents)<\/li>\n<p><!-- [et_pb_line_break_holder] -->                    <\/p>\n<li style=\"align-items: center;gap: 10px;color: #334155;font-size: 15px\"><img decoding=\"async\" src=\"https:\/\/etab.ac-reunion.fr\/lyc-bel-air\/wp-content\/uploads\/sites\/71\/2026\/04\/1000038253-scaled.jpg\" alt=\"Jean-Louis Prianon\" style=\"width: 35px;height: 35px;border-radius: 50%;object-fit: cover;border: 1px solid #cbd5e1\"> M. Jean-Louis Prianon (Ancien sportif de haut niveau)<\/li>\n<p><!-- [et_pb_line_break_holder] -->                    <\/p>\n<li style=\"align-items: center;gap: 10px;color: #334155;font-size: 15px\"><span style=\"color: #1e3a8a;width: 35px;text-align: center\">\ud83c\udff5\ufe0f<\/span> Mme Gopal (Secr\u00e9taire d\u00e9partementale L\u00e9gion d&rsquo;honneur)<\/li>\n<p><!-- [et_pb_line_break_holder] -->                    <\/p>\n<li style=\"align-items: center;gap: 10px;color: #334155;font-size: 15px\"><img decoding=\"async\" src=\"https:\/\/etab.ac-reunion.fr\/lyc-bel-air\/wp-content\/uploads\/sites\/71\/2026\/04\/20260428_110908-scaled.jpg\" alt=\"Chantal Viracaoundin\" style=\"width: 35px;height: 35px;border-radius: 50%;object-fit: cover;border: 1px solid #cbd5e1\"> Mme Chantal Viracaoundin (1\u00e8re proviseure du Lyc\u00e9e)<\/li>\n<p><!-- [et_pb_line_break_holder] -->                    <\/p>\n<li style=\"align-items: center;gap: 10px;color: #334155;font-size: 15px\"><span style=\"color: #1e3a8a;width: 35px;text-align: center\">\ud83e\udd1d<\/span> Mme Laurence Nabaha (R\u00e9f\u00e9rente Emploi Insertion Jeunesse)<\/li>\n<p><!-- [et_pb_line_break_holder] -->                    <\/p>\n<li style=\"align-items: center;gap: 10px;color: #334155;font-size: 15px\"><span style=\"color: #1e3a8a;width: 35px;text-align: center\">\ud83c\udfdb\ufe0f<\/span> Mme Nicaise Bradel (Repr\u00e9sentante du CCAS de Ste-Suzanne)<\/li>\n<p><!-- [et_pb_line_break_holder] -->                    <\/p>\n<li style=\"align-items: center;gap: 10px;color: #334155;font-size: 15px\"><span style=\"color: #1e3a8a;width: 35px;text-align: center\">\ud83c\udfc5<\/span> M. Sautron (Pr\u00e9sident des m\u00e9daill\u00e9s militaires)<\/li>\n<p><!-- [et_pb_line_break_holder] -->                    <\/p>\n<li style=\"align-items: center;gap: 10px;color: #334155;font-size: 15px\"><span style=\"color: #1e3a8a;width: 35px;text-align: center\">\ud83d\udc6e\u200d\u2640\ufe0f<\/span> Une repr\u00e9sentante de la Gendarmerie Nationale<\/li>\n<p><!-- [et_pb_line_break_holder] -->                    <\/p>\n<li style=\"align-items: center;gap: 10px;color: #334155;font-size: 15px\"><span style=\"color: #1e3a8a;width: 35px;text-align: center\">\ud83d\uddf3\ufe0f<\/span> M. Robert B\u00e8gue (\u00c9lu d\u00e9fense de Ste-Suzanne)<\/li>\n<p><!-- [et_pb_line_break_holder] -->                    <\/p>\n<li style=\"align-items: center;gap: 10px;color: #334155;font-size: 15px\"><span style=\"color: #1e3a8a;width: 35px;text-align: center\">\ud83c\udfdb\ufe0f<\/span> Mme Nadine Gironcel Damour (Conseill\u00e8re r\u00e9gionale)<\/li>\n<p><!-- [et_pb_line_break_holder] -->                    <\/p>\n<li style=\"align-items: center;gap: 10px;color: #334155;font-size: 15px\"><span style=\"color: #1e3a8a;width: 35px;text-align: center\">\ud83d\udd4a\ufe0f<\/span> M. Thierry Pincemaille (Directeur de l&rsquo;ONAC)<\/li>\n<p><!-- [et_pb_line_break_holder] -->                    <\/p>\n<li style=\"align-items: center;gap: 10px;color: #334155;font-size: 15px\"><span style=\"color: #1e3a8a;width: 35px;text-align: center\">\ud83c\udde9\ud83c\uddea<\/span> Mme Katharina Muehlke (Inspectrice d&rsquo;allemand)<\/li>\n<p><!-- [et_pb_line_break_holder] -->                <\/ul>\n<p><!-- [et_pb_line_break_holder] -->            <\/div>\n<p><!-- [et_pb_line_break_holder] --><!-- [et_pb_line_break_holder] -->            <!-- ENCART SP\u00c9CIAL : LE MAIRE DE STE-SUZANNE --><!-- [et_pb_line_break_holder] -->            <\/p>\n<div style=\"background-color: #eff6ff;border-left: 5px solid #3b82f6;padding: clamp(15px, 3vw, 25px);border-radius: 0 15px 15px 0;margin-top: 30px\"><!-- [et_pb_line_break_holder] -->                <\/p>\n<h4 style=\"color: #1d4ed8;font-size: clamp(16px, 3vw, 18px);font-weight: 800;margin: 0 0 15px 0;align-items: center;gap: 10px\"><!-- [et_pb_line_break_holder] -->                    <span style=\"font-size: 20px\">\ud83d\udde3\ufe0f<\/span> L&rsquo;intervention de M. le Maire<!-- [et_pb_line_break_holder] -->                <\/h4>\n<p><!-- [et_pb_line_break_holder] -->                <\/p>\n<div style=\"flex-wrap: wrap;gap: 20px;align-items: center\"><!-- [et_pb_line_break_holder] -->                    <\/p>\n<div style=\"flex: 1 1 300px\"><!-- [et_pb_line_break_holder] -->                        <pee style=\"color: #1e3a8a;font-size: clamp(14px, 2.5vw, 15px);margin: 0;line-height: 1.6;text-align: left\"><!-- [et_pb_line_break_holder] -->                            Un moment particuli\u00e8rement fort fut le discours de <strong>M. Alexandre La\u00ef-Kane-Ch\u00e9ong<\/strong>, Maire de Sainte-Suzanne. En tant qu&rsquo;ancien \u00e9l\u00e8ve de notre \u00e9tablissement, il a tenu \u00e0 exprimer sa profonde gratitude envers les professeurs exceptionnels qui ont jalonn\u00e9 son parcours de lyc\u00e9en et d&rsquo;\u00e9tudiant. Il a \u00e9galement profit\u00e9 de cette tribune pour dresser un \u00e9clairage lucide sur la situation conflictueuse actuelle au niveau international, rappelant ainsi toute l&rsquo;importance et l&rsquo;actualit\u00e9 du devoir de m\u00e9moire.<!-- [et_pb_line_break_holder] -->                        <\/pee><!-- [et_pb_line_break_holder] -->                    <\/div>\n<p><!-- [et_pb_line_break_holder] -->                    <\/p>\n<div style=\"flex: 0 0 auto;text-align: center;margin: 0 auto\"><!-- [et_pb_line_break_holder] -->                        <img decoding=\"async\" src=\"https:\/\/etab.ac-reunion.fr\/lyc-bel-air\/wp-content\/uploads\/sites\/71\/2026\/04\/1000038255-scaled.jpg\" alt=\"Le Proviseur et le Maire\" style=\"width: 140px;height: auto;border-radius: 12px\"><!-- [et_pb_line_break_holder] -->                        <pee style=\"color: #64748b;font-size: 11px;font-style: italic;margin: 5px 0 0 0\">Le Professeur et son ancien \u00e9l\u00e8ve<\/pee><!-- [et_pb_line_break_holder] -->                    <\/div>\n<p><!-- [et_pb_line_break_holder] -->                <\/div>\n<p><!-- [et_pb_line_break_holder] -->            <\/div>\n<p><!-- [et_pb_line_break_holder] -->        <\/div>\n<p><!-- [et_pb_line_break_holder] --><!-- [et_pb_line_break_holder] -->        <!-- TRAVAUX DES \u00c9L\u00c8VES (NOUVEAU BLOC) --><!-- [et_pb_line_break_holder] -->        <\/p>\n<div style=\"margin-bottom: clamp(30px, 5vw, 40px);background-color: #f8fafc;border: 1px solid #e2e8f0;border-radius: 20px;padding: 25px\"><!-- [et_pb_line_break_holder] -->            <\/p>\n<h3 style=\"color: #1e3a8a;font-size: clamp(18px, 3vw, 20px);font-weight: 800;margin-top: 0;margin-bottom: 15px;align-items: center;gap: 10px\"><!-- [et_pb_line_break_holder] -->                <span>\ud83c\udfa8<\/span> L&rsquo;exposition de nos Seconde Pro<!-- [et_pb_line_break_holder] -->            <\/h3>\n<p><!-- [et_pb_line_break_holder] -->            <pee style=\"color: #475569;font-size: 14px;margin-bottom: 20px\">Un bel hommage rendu par nos \u00e9l\u00e8ves \u00e0 travers leurs travaux de recherche et d&rsquo;arts visuels, expos\u00e9s lors de la c\u00e9r\u00e9monie.<\/pee><!-- [et_pb_line_break_holder] -->            <\/p>\n<div style=\"flex-wrap: wrap;gap: 15px;justify-content: center\"><!-- [et_pb_line_break_holder] -->                <img decoding=\"async\" src=\"https:\/\/etab.ac-reunion.fr\/lyc-bel-air\/wp-content\/uploads\/sites\/71\/2026\/04\/1000038268-scaled.jpg\" alt=\"Travail \u00e9l\u00e8ve 1\" style=\"height: 120px;width: auto;border-radius: 8px;object-fit: cover\"><!-- [et_pb_line_break_holder] -->                <img decoding=\"async\" src=\"https:\/\/etab.ac-reunion.fr\/lyc-bel-air\/wp-content\/uploads\/sites\/71\/2026\/04\/1000038263-scaled.jpg\" alt=\"Travail \u00e9l\u00e8ve 2\" style=\"height: 120px;width: auto;border-radius: 8px;object-fit: cover\"><!-- [et_pb_line_break_holder] -->                <img decoding=\"async\" src=\"https:\/\/etab.ac-reunion.fr\/lyc-bel-air\/wp-content\/uploads\/sites\/71\/2026\/04\/1000038242-scaled.jpg\" alt=\"Travail \u00e9l\u00e8ve 3\" style=\"height: 120px;width: auto;border-radius: 8px;object-fit: cover\"><!-- [et_pb_line_break_holder] -->            <\/div>\n<p><!-- [et_pb_line_break_holder] -->        <\/div>\n<p><!-- [et_pb_line_break_holder] --><!-- [et_pb_line_break_holder] -->        <!-- CL\u00d4TURE --><!-- [et_pb_line_break_holder] -->        <\/p>\n<div style=\"text-align: center;margin-bottom: clamp(30px, 5vw, 40px);background-color: #f8fafc;padding: clamp(20px, 4vw, 30px) 15px;border-radius: 20px;border: 1px solid #e2e8f0\"><!-- [et_pb_line_break_holder] -->            <!-- Photos des Porte-drapeaux --><!-- [et_pb_line_break_holder] -->            <\/p>\n<div style=\"justify-content: center;gap: 15px;margin-bottom: 20px;flex-wrap: wrap\"><!-- [et_pb_line_break_holder] -->                <img decoding=\"async\" src=\"https:\/\/etab.ac-reunion.fr\/lyc-bel-air\/wp-content\/uploads\/sites\/71\/2026\/04\/1000038272-scaled.jpg\" alt=\"\u00c9l\u00e8ve Porte-drapeau 1\" style=\"width: 140px;height: 140px;border-radius: 15px;object-fit: cover;border: 3px solid white\"><!-- [et_pb_line_break_holder] -->                <img decoding=\"async\" src=\"https:\/\/etab.ac-reunion.fr\/lyc-bel-air\/wp-content\/uploads\/sites\/71\/2026\/04\/1000038236-scaled.jpg\" alt=\"\u00c9l\u00e8ve Porte-drapeau 2\" style=\"width: 140px;height: 140px;border-radius: 15px;object-fit: cover;border: 3px solid white\"><!-- [et_pb_line_break_holder] -->            <\/div>\n<p><!-- [et_pb_line_break_holder] -->            <!-- [et_pb_line_break_holder] -->            <pee style=\"font-size: clamp(18px, 4vw, 22px);font-weight: 800;color: #1e3a8a;margin: 0;letter-spacing: -0.5px\"><!-- [et_pb_line_break_holder] -->                La c\u00e9r\u00e9monie s&rsquo;est achev\u00e9e en beaut\u00e9 par l&rsquo;excellent d\u00e9fil\u00e9 de nos \u00e9l\u00e8ves porte-drapeaux. <!\u2013- [et_pb_br_holder] -\u2013><!-- [et_pb_line_break_holder] -->                <span style=\"color: #dc2626;font-size: clamp(16px, 3vw, 18px)\">Un immense bravo et merci \u00e0 toutes et \u00e0 tous pour cet hommage m\u00e9morable !<\/span><!-- [et_pb_line_break_holder] -->            <\/pee><!-- [et_pb_line_break_holder] -->        <\/div>\n<p><!-- [et_pb_line_break_holder] --><!-- [et_pb_line_break_holder] -->        <!-- SIGNATURE AUTEUR --><!-- [et_pb_line_break_holder] -->        <\/p>\n<div style=\"margin-top: 40px;padding-top: 25px;border-top: 2px dashed #e5e7eb;flex-wrap: wrap;align-items: center;justify-content: flex-end;gap: 15px\"><!-- [et_pb_line_break_holder] -->            <\/p>\n<div style=\"text-align: right\"><!-- [et_pb_line_break_holder] -->                <pee style=\"margin: 0;font-size: clamp(12px, 2vw, 14px);color: #6b7280;font-style: italic\">Compte-rendu r\u00e9dig\u00e9 par<\/pee><!-- [et_pb_line_break_holder] -->                <pee style=\"margin: 0;font-size: clamp(18px, 4vw, 22px);font-weight: 900;color: #1e3a8a;letter-spacing: -0.5px\">Julie Lallement<\/pee><!-- [et_pb_line_break_holder] -->                <pee style=\"margin: 0;font-size: clamp(13px, 2.5vw, 14px);color: #dc2626;font-weight: 800;text-transform: uppercase\">Professeure Documentaliste<\/pee><!-- [et_pb_line_break_holder] -->            <\/div>\n<p><!-- [et_pb_line_break_holder] -->            <\/p>\n<div style=\"width: clamp(50px, 8vw, 60px);height: clamp(50px, 8vw, 60px);background-color: #f8fafc;border: 2px solid #e5e7eb;border-radius: 50%;align-items: center;justify-content: center;font-size: clamp(24px, 4vw, 30px)\"><!-- [et_pb_line_break_holder] -->                \ud83d\udcd6<!-- [et_pb_line_break_holder] -->            <\/div>\n<p><!-- [et_pb_line_break_holder] -->        <\/div>\n<p><!-- [et_pb_line_break_holder] --><!-- [et_pb_line_break_holder] -->    <\/div>\n<p><!-- [et_pb_line_break_holder] --><!-- [et_pb_line_break_holder] -->    <!-- FOOTER --><!-- [et_pb_line_break_holder] -->    <\/p>\n<div style=\"background-color: #0f172a;padding: clamp(20px, 4vw, 30px) 15px;text-align: center;border-top: 1px solid #1e293b\"><!-- [et_pb_line_break_holder] -->        <\/p>\n<div style=\"justify-content: center;width: 60px;height: 4px;margin: 0 auto 15px auto;border-radius: 5px;overflow: hidden\"><!-- [et_pb_line_break_holder] -->            <\/p>\n<div style=\"flex: 1;background-color: #002654\"><\/div>\n<p><!-- [et_pb_line_break_holder] -->            <\/p>\n<div style=\"flex: 1;background-color: #ffffff\"><\/div>\n<p><!-- [et_pb_line_break_holder] -->            <\/p>\n<div style=\"flex: 1;background-color: #ed2939\"><\/div>\n<p><!-- [et_pb_line_break_holder] -->        <\/div>\n<p><!-- [et_pb_line_break_holder] -->        <pee style=\"color: #94a3b8;font-size: clamp(10px, 2vw, 11px);font-weight: 800;text-transform: uppercase;letter-spacing: 3px;margin: 0\"><!-- [et_pb_line_break_holder] -->            Lyc\u00e9e Bel Air \u2022 Devoir de M\u00e9moire \u2022 8 Mai 1945<!-- [et_pb_line_break_holder] -->        <\/pee><!-- [et_pb_line_break_holder] -->    <\/div>\n<p><!-- [et_pb_line_break_holder] --><!-- [et_pb_line_break_holder] --><\/div>\n<p>[\/et_pb_code][\/et_pb_column][\/et_pb_row][\/et_pb_section][et_pb_section fb_built=\u00a0\u00bb1&Prime; _builder_version=\u00a0\u00bb4.27.6&Prime; _module_preset=\u00a0\u00bbdefault\u00a0\u00bb global_colors_info=\u00a0\u00bb{}\u00a0\u00bb][et_pb_row _builder_version=\u00a0\u00bb4.27.6&Prime; _module_preset=\u00a0\u00bbdefault\u00a0\u00bb global_colors_info=\u00a0\u00bb{}\u00a0\u00bb][et_pb_column type=\u00a0\u00bb4_4&Prime; _builder_version=\u00a0\u00bb4.27.6&Prime; _module_preset=\u00a0\u00bbdefault\u00a0\u00bb global_colors_info=\u00a0\u00bb{}\u00a0\u00bb][et_pb_gallery gallery_ids=\u00a0\u00bb20906,20911,20913,20904,20910,20912,20921,20922,20930,20929,20919,20920,20917,20916,20915,20925,20926,20934,20936,20937,20938,20935,20939,20940,20941,20931,20928,20927,20924,20923,20914,20905,20907,20909,20908,20932,20933&Prime; _builder_version=\u00a0\u00bb4.27.6&Prime; _module_preset=\u00a0\u00bbdefault\u00a0\u00bb global_colors_info=\u00a0\u00bb{}\u00a0\u00bb][\/et_pb_gallery][\/et_pb_column][\/et_pb_row][\/et_pb_section]<\/p>\n<!-- AddThis Advanced Settings generic via filter on the_content --><!-- AddThis Share Buttons generic via filter on the_content -->","protected":false},"excerpt":{"rendered":"<p><!-- AddThis Advanced Settings generic via filter on get_the_excerpt --><!-- AddThis Share Buttons generic via filter on get_the_excerpt --><\/p>\n","protected":false},"author":17512,"featured_media":20946,"comment_status":"closed","ping_status":"closed","sticky":false,"template":"","format":"standard","meta":{"_et_pb_use_builder":"on","_et_pb_old_content":"","_et_gb_content_width":"","footnotes":"","_links_to":"","_links_to_target":""},"categories":[6,76,39,92,40,219,191,4,15,196,158,189],"tags":[],"class_list":["post-20903","post","type-post","status-publish","format-standard","has-post-thumbnail","hentry","category-a-afficher-sur-la-page-daccueil","category-actions-des-eleves","category-actualites","category-administration","category-ancien-site","category-evenements","category-la-vie-au-lycee","category-presentation-du-lycee","category-les-eleves","category-les-espaces","category-les-parents","category-site-web-2022"],"_links":{"self":[{"href":"https:\/\/etab.ac-reunion.fr\/lyc-bel-air\/wp-json\/wp\/v2\/posts\/20903","targetHints":{"allow":["GET"]}}],"collection":[{"href":"https:\/\/etab.ac-reunion.fr\/lyc-bel-air\/wp-json\/wp\/v2\/posts"}],"about":[{"href":"https:\/\/etab.ac-reunion.fr\/lyc-bel-air\/wp-json\/wp\/v2\/types\/post"}],"author":[{"embeddable":true,"href":"https:\/\/etab.ac-reunion.fr\/lyc-bel-air\/wp-json\/wp\/v2\/users\/17512"}],"replies":[{"embeddable":true,"href":"https:\/\/etab.ac-reunion.fr\/lyc-bel-air\/wp-json\/wp\/v2\/comments?post=20903"}],"version-history":[{"count":4,"href":"https:\/\/etab.ac-reunion.fr\/lyc-bel-air\/wp-json\/wp\/v2\/posts\/20903\/revisions"}],"predecessor-version":[{"id":20950,"href":"https:\/\/etab.ac-reunion.fr\/lyc-bel-air\/wp-json\/wp\/v2\/posts\/20903\/revisions\/20950"}],"wp:featuredmedia":[{"embeddable":true,"href":"https:\/\/etab.ac-reunion.fr\/lyc-bel-air\/wp-json\/wp\/v2\/media\/20946"}],"wp:attachment":[{"href":"https:\/\/etab.ac-reunion.fr\/lyc-bel-air\/wp-json\/wp\/v2\/media?parent=20903"}],"wp:term":[{"taxonomy":"category","embeddable":true,"href":"https:\/\/etab.ac-reunion.fr\/lyc-bel-air\/wp-json\/wp\/v2\/categories?post=20903"},{"taxonomy":"post_tag","embeddable":true,"href":"https:\/\/etab.ac-reunion.fr\/lyc-bel-air\/wp-json\/wp\/v2\/tags?post=20903"}],"curies":[{"name":"wp","href":"https:\/\/api.w.org\/{rel}","templated":true}]}}