{"id":20951,"date":"2026-04-29T10:33:24","date_gmt":"2026-04-29T06:33:24","guid":{"rendered":"https:\/\/etab.ac-reunion.fr\/lyc-bel-air\/?p=20951"},"modified":"2026-04-29T10:52:18","modified_gmt":"2026-04-29T06:52:18","slug":"rencontre-avec-lecrivain-eric-magamootoo","status":"publish","type":"post","link":"https:\/\/etab.ac-reunion.fr\/lyc-bel-air\/2026\/04\/29\/rencontre-avec-lecrivain-eric-magamootoo\/","title":{"rendered":"Rencontre avec l&rsquo;\u00e9crivain Eric Magamootoo"},"content":{"rendered":"\n[et_pb_section fb_built=\u00a0\u00bb1&Prime; theme_builder_area=\u00a0\u00bbpost_content\u00a0\u00bb _builder_version=\u00a0\u00bb4.27.6&Prime; _module_preset=\u00a0\u00bbdefault\u00a0\u00bb][et_pb_row _builder_version=\u00a0\u00bb4.27.6&Prime; _module_preset=\u00a0\u00bbdefault\u00a0\u00bb theme_builder_area=\u00a0\u00bbpost_content\u00a0\u00bb][et_pb_column _builder_version=\u00a0\u00bb4.27.6&Prime; _module_preset=\u00a0\u00bbdefault\u00a0\u00bb type=\u00a0\u00bb4_4&Prime; theme_builder_area=\u00a0\u00bbpost_content\u00a0\u00bb][et_pb_text _builder_version=\u00a0\u00bb4.27.6&Prime; _module_preset=\u00a0\u00bbdefault\u00a0\u00bb theme_builder_area=\u00a0\u00bbpost_content\u00a0\u00bb hover_enabled=\u00a0\u00bb0&Prime; sticky_enabled=\u00a0\u00bb0&Prime;]<div>Ce lundi 27 avril 2026, nos \u00e9l\u00e8ves ont eu le privil\u00e8ge d&rsquo;\u00e9changer avec \u00c9ric Magamootoo, venu pr\u00e9senter son autobiographie poignante : \u00ab\u00a0Une jeunesse r\u00e9unionnaise : chap lo mail\u00a0\u00bb. <img decoding=\"async\" data-emoji=\"\ud83c\uddf7\ud83c\uddea\" class=\"an1\" alt=\"\ud83c\uddf7\ud83c\uddea\" aria-label=\"\ud83c\uddf7\ud83c\uddea\" src=\"https:\/\/fonts.gstatic.com\/s\/e\/notoemoji\/17.0\/1f1f7_1f1ea\/32.png\" loading=\"lazy\" \/><\/div>\n<div dir=\"auto\">Un moment d&rsquo;\u00e9change riche en \u00e9motions et en transmission pour nos classes de 201, 2PCDB2, THLP et 1BTSEBCR, qui ont pu plonger dans le parcours fascinant de cet enfant de Saint-Denis et revivre avec lui la R\u00e9union de son enfance. <img decoding=\"async\" data-emoji=\"\ud83c\udf34\" class=\"an1\" alt=\"\ud83c\udf34\" aria-label=\"\ud83c\udf34\" src=\"https:\/\/fonts.gstatic.com\/s\/e\/notoemoji\/17.0\/1f334\/32.png\" loading=\"lazy\" \/><\/div>\n<div dir=\"auto\"><img decoding=\"async\" data-emoji=\"\ud83d\udc4f\" class=\"an1\" alt=\"\ud83d\udc4f\" aria-label=\"\ud83d\udc4f\" src=\"https:\/\/fonts.gstatic.com\/s\/e\/notoemoji\/17.0\/1f44f\/32.png\" loading=\"lazy\" \/> Merci \u00e0 M. Magamootoo pour ce partage authentique qui, nous l&rsquo;esp\u00e9rons, inspirera nos jeunes dans la construction de leur propre parcours de vie !<\/div>\n<div dir=\"auto\"><\/div>\n<div dir=\"auto\"><img decoding=\"async\" data-emoji=\"\ud83d\udc49\" class=\"an1\" alt=\"\ud83d\udc49\" aria-label=\"\ud83d\udc49\" src=\"https:\/\/fonts.gstatic.com\/s\/e\/notoemoji\/17.0\/1f449\/32.png\" loading=\"lazy\" \/> Pour en savoir plus sur son \u0153uvre et son histoire fascinante :<\/div>\n<p>&nbsp;<\/p>\n<p><a href=\"https:\/\/www.reunionnaisdumonde.com\/magazine\/portraits-interviews\/eric-magamootoo-de-l-enfance-reunionnaise-a-la-vie-en-grece\/\">https:\/\/www.reunionnaisdumonde.com\/magazine\/portraits-interviews\/eric-magamootoo-de-l-enfance-reunionnaise-a-la-vie-en-grece\/<\/a><\/p>\n<p>&nbsp;<\/p>[\/et_pb_text][\/et_pb_column][\/et_pb_row][\/et_pb_section][et_pb_section fb_built=\u00a0\u00bb1&Prime; theme_builder_area=\u00a0\u00bbpost_content\u00a0\u00bb _builder_version=\u00a0\u00bb4.27.6&Prime; _module_preset=\u00a0\u00bbdefault\u00a0\u00bb][et_pb_row _builder_version=\u00a0\u00bb4.27.6&Prime; _module_preset=\u00a0\u00bbdefault\u00a0\u00bb theme_builder_area=\u00a0\u00bbpost_content\u00a0\u00bb][et_pb_column _builder_version=\u00a0\u00bb4.27.6&Prime; _module_preset=\u00a0\u00bbdefault\u00a0\u00bb theme_builder_area=\u00a0\u00bbpost_content\u00a0\u00bb type=\u00a0\u00bb4_4&Prime;][et_pb_gallery _builder_version=\u00a0\u00bb4.27.6&Prime; _module_preset=\u00a0\u00bbdefault\u00a0\u00bb gallery_ids=\u00a0\u00bb20969,20974,20971,20970,20973,20975,20976,20972,20977&Prime; theme_builder_area=\u00a0\u00bbpost_content\u00a0\u00bb hover_enabled=\u00a0\u00bb0&Prime; sticky_enabled=\u00a0\u00bb0&Prime;][\/et_pb_gallery][\/et_pb_column][\/et_pb_row][\/et_pb_section]\n<!-- AddThis Advanced Settings generic via filter on the_content --><!-- AddThis Share Buttons generic via filter on the_content -->","protected":false},"excerpt":{"rendered":"<p>Ce lundi 27 avril 2026, nos \u00e9l\u00e8ves ont eu le privil\u00e8ge d&rsquo;\u00e9changer avec \u00c9ric Magamootoo, venu pr\u00e9senter son autobiographie poignante : \u00ab\u00a0Une jeunesse r\u00e9unionnaise : chap lo mail\u00a0\u00bb. Un moment d&rsquo;\u00e9change riche en \u00e9motions et en transmission pour nos classes de 201, 2PCDB2, THLP et 1BTSEBCR, qui ont pu plonger dans le parcours fascinant de [&hellip;]<\/p>\n<p><!-- AddThis Advanced Settings generic via filter on get_the_excerpt --><!-- AddThis Share Buttons generic via filter on get_the_excerpt --><\/p>\n","protected":false},"author":12331,"featured_media":20960,"comment_status":"closed","ping_status":"closed","sticky":false,"template":"","format":"standard","meta":{"_et_pb_use_builder":"on","_et_pb_old_content":"","_et_gb_content_width":"","footnotes":"","_links_to":"","_links_to_target":""},"categories":[6,50,39,197,56,221,26,219,85,27,134],"tags":[207],"class_list":["post-20951","post","type-post","status-publish","format-standard","has-post-thumbnail","hentry","category-a-afficher-sur-la-page-daccueil","category-actualites-eps","category-actualites","category-bac-pro","category-bts","category-bts-ebcr","category-cdi","category-evenements","category-francais","category-infoculture","category-lettres","tag-actualites"],"_links":{"self":[{"href":"https:\/\/etab.ac-reunion.fr\/lyc-bel-air\/wp-json\/wp\/v2\/posts\/20951","targetHints":{"allow":["GET"]}}],"collection":[{"href":"https:\/\/etab.ac-reunion.fr\/lyc-bel-air\/wp-json\/wp\/v2\/posts"}],"about":[{"href":"https:\/\/etab.ac-reunion.fr\/lyc-bel-air\/wp-json\/wp\/v2\/types\/post"}],"author":[{"embeddable":true,"href":"https:\/\/etab.ac-reunion.fr\/lyc-bel-air\/wp-json\/wp\/v2\/users\/12331"}],"replies":[{"embeddable":true,"href":"https:\/\/etab.ac-reunion.fr\/lyc-bel-air\/wp-json\/wp\/v2\/comments?post=20951"}],"version-history":[{"count":7,"href":"https:\/\/etab.ac-reunion.fr\/lyc-bel-air\/wp-json\/wp\/v2\/posts\/20951\/revisions"}],"predecessor-version":[{"id":20981,"href":"https:\/\/etab.ac-reunion.fr\/lyc-bel-air\/wp-json\/wp\/v2\/posts\/20951\/revisions\/20981"}],"wp:featuredmedia":[{"embeddable":true,"href":"https:\/\/etab.ac-reunion.fr\/lyc-bel-air\/wp-json\/wp\/v2\/media\/20960"}],"wp:attachment":[{"href":"https:\/\/etab.ac-reunion.fr\/lyc-bel-air\/wp-json\/wp\/v2\/media?parent=20951"}],"wp:term":[{"taxonomy":"category","embeddable":true,"href":"https:\/\/etab.ac-reunion.fr\/lyc-bel-air\/wp-json\/wp\/v2\/categories?post=20951"},{"taxonomy":"post_tag","embeddable":true,"href":"https:\/\/etab.ac-reunion.fr\/lyc-bel-air\/wp-json\/wp\/v2\/tags?post=20951"}],"curies":[{"name":"wp","href":"https:\/\/api.w.org\/{rel}","templated":true}]}}