{"id":2251,"date":"2015-12-04T00:32:33","date_gmt":"2015-12-03T23:32:33","guid":{"rendered":"http:\/\/lycee-belair.ac-reunion.fr\/?p=2251"},"modified":"2016-01-27T12:05:15","modified_gmt":"2016-01-27T11:05:15","slug":"3-jours-a-mafate","status":"publish","type":"post","link":"https:\/\/etab.ac-reunion.fr\/lyc-bel-air\/2015\/12\/04\/3-jours-a-mafate\/","title":{"rendered":"3 jours \u00e0 Mafate : LE FILM"},"content":{"rendered":"<p>Les \u00e9l\u00e8ves de CAP Aluminium\u00a0 du lyc\u00e9e sont partis \u00e0 la d\u00e9couverte de Mafate en randonn\u00e9e du mercredi 28 octobre au vendredi 30 octobre.<\/p>\n<p>On est all\u00e9 \u00e0 Marla, 3 Roches et la Nouvelle.<\/p>\n<p>Nous \u00e9tions accompagn\u00e9s de nos enseignants, le d\u00e9part du matin \u00e9tait en bus et par la suite, le sentier, nous l&rsquo;avons continu\u00e9 \u00e0 pied.<\/p>\n<p>L&rsquo;id\u00e9e de la sortie venait d&rsquo;abord des \u00e9l\u00e8ves et a \u00e9t\u00e9 ensuite concr\u00e9tis\u00e9e par nos professeurs.<\/p>\n<p>Pourquoi nous avons fait cette sortie \u00e0 Mafate et pas ailleurs ?<\/p>\n<p>Car on voulait passer un bon moment entre amis avant de se quitter apr\u00e8s les examens, pour cr\u00e9er une plus grande ambiance avec nos enseignants, pour faire une intervention \u00e0 l\u2019\u00e9cole de la Nouvelle pour pr\u00e9senter le lyc\u00e9e, pour comparer notre milieu de vie et celui des Mafatais\u00a0 et pour le plus important : qu&rsquo;\u00e9l\u00e8ves et enseignants ram\u00e8nent avec eux de tr\u00e8s bon souvenirs.<\/p>\n<p>Des photos ont \u00e9galement \u00e9t\u00e9 prises et seront publi\u00e9es. Nous aurons le plaisir de les partager avec vous tous&#8230;.. avec leurs commentaires !<\/p>\n<p>&nbsp;<\/p>\n<p>VOILA DONC LE FILM DE LA SORTIE<\/p>\n<p>&nbsp;<\/p>\n<div class=\"su-youtube su-u-responsive-media-yes\"><iframe loading=\"lazy\" width=\"600\" height=\"400\" src=\"https:\/\/www.youtube.com\/embed\/rn0kBxCJO54?\" frameborder=\"0\" allowfullscreen allow=\"autoplay; encrypted-media; picture-in-picture\" title=\"\"><\/iframe><\/div>\n<!-- AddThis Advanced Settings generic via filter on the_content --><!-- AddThis Share Buttons generic via filter on the_content -->","protected":false},"excerpt":{"rendered":"<p>Les \u00e9l\u00e8ves de CAP Aluminium\u00a0 du lyc\u00e9e sont partis \u00e0 la d\u00e9couverte de Mafate en randonn\u00e9e du mercredi 28 octobre au vendredi 30 octobre. On est all\u00e9 \u00e0 Marla, 3 Roches et la Nouvelle. Nous \u00e9tions accompagn\u00e9s de nos enseignants, le d\u00e9part du matin \u00e9tait en bus et par la suite, le sentier, nous l&rsquo;avons [&hellip;]<!-- AddThis Advanced Settings generic via filter on get_the_excerpt --><!-- AddThis Share Buttons generic via filter on get_the_excerpt --><\/p>\n","protected":false},"author":5029,"featured_media":2664,"comment_status":"closed","ping_status":"closed","sticky":false,"template":"","format":"standard","meta":{"_et_pb_use_builder":"","_et_pb_old_content":"","_et_gb_content_width":"","footnotes":"","_links_to":"","_links_to_target":""},"categories":[6,39,7,38,37,15,9],"tags":[],"class_list":["post-2251","post","type-post","status-publish","format-standard","has-post-thumbnail","hentry","category-a-afficher-sur-la-page-daccueil","category-actualites","category-afficher-sur-slider","category-articles-les-plus-lus","category-cartes-des-formations","category-les-eleves","category-visite-du-lycee"],"_links":{"self":[{"href":"https:\/\/etab.ac-reunion.fr\/lyc-bel-air\/wp-json\/wp\/v2\/posts\/2251","targetHints":{"allow":["GET"]}}],"collection":[{"href":"https:\/\/etab.ac-reunion.fr\/lyc-bel-air\/wp-json\/wp\/v2\/posts"}],"about":[{"href":"https:\/\/etab.ac-reunion.fr\/lyc-bel-air\/wp-json\/wp\/v2\/types\/post"}],"author":[{"embeddable":true,"href":"https:\/\/etab.ac-reunion.fr\/lyc-bel-air\/wp-json\/wp\/v2\/users\/5029"}],"replies":[{"embeddable":true,"href":"https:\/\/etab.ac-reunion.fr\/lyc-bel-air\/wp-json\/wp\/v2\/comments?post=2251"}],"version-history":[{"count":8,"href":"https:\/\/etab.ac-reunion.fr\/lyc-bel-air\/wp-json\/wp\/v2\/posts\/2251\/revisions"}],"predecessor-version":[{"id":2663,"href":"https:\/\/etab.ac-reunion.fr\/lyc-bel-air\/wp-json\/wp\/v2\/posts\/2251\/revisions\/2663"}],"wp:featuredmedia":[{"embeddable":true,"href":"https:\/\/etab.ac-reunion.fr\/lyc-bel-air\/wp-json\/wp\/v2\/media\/2664"}],"wp:attachment":[{"href":"https:\/\/etab.ac-reunion.fr\/lyc-bel-air\/wp-json\/wp\/v2\/media?parent=2251"}],"wp:term":[{"taxonomy":"category","embeddable":true,"href":"https:\/\/etab.ac-reunion.fr\/lyc-bel-air\/wp-json\/wp\/v2\/categories?post=2251"},{"taxonomy":"post_tag","embeddable":true,"href":"https:\/\/etab.ac-reunion.fr\/lyc-bel-air\/wp-json\/wp\/v2\/tags?post=2251"}],"curies":[{"name":"wp","href":"https:\/\/api.w.org\/{rel}","templated":true}]}}