{"id":268,"date":"2014-11-22T18:38:16","date_gmt":"2014-11-22T17:38:16","guid":{"rendered":"http:\/\/lycee-belair.ac-reunion.fr\/?p=268"},"modified":"2014-11-22T18:38:16","modified_gmt":"2014-11-22T17:38:16","slug":"le-lycee-des-metiers-en-quelques-mots","status":"publish","type":"post","link":"https:\/\/etab.ac-reunion.fr\/lyc-bel-air\/2014\/11\/22\/le-lycee-des-metiers-en-quelques-mots\/","title":{"rendered":"le lyc\u00e9e des m\u00e9tiers en quelques mots"},"content":{"rendered":"<div class=\"column1-unit\">\n<h1 align=\"center\">Lyc\u00e9e des m\u00e9tiers de l\u2019architecture m\u00e9tallique et des mat\u00e9riaux de synth\u00e8se<\/h1>\n<p align=\"center\">Depuis 2008 le lyc\u00e9e Bel Air a obtenu le label lyc\u00e9e des m\u00e9tiers. Qu&rsquo;est-ce qu&rsquo;un lyc\u00e9e des m\u00e9tiers?<\/p>\n<div>\n<hr class=\"clear-contentunit\" \/>\n<h2 align=\"center\">le concept de lyc\u00e9e des m\u00e9tiers<\/h2>\n<ul>\n<li>Renforcer la synergie entre les voies de formations technologique et professionnelle<\/li>\n<li><\/li>\n<li>Clarifier l\u2019offre de formation et la rendre plus coh\u00e9rente.<\/li>\n<li><\/li>\n<li>Accro\u00eetre la qualit\u00e9 p\u00e9dagogique et \u00e9ducative des \u00e9tablissements.<\/li>\n<li><\/li>\n<li>D\u00e9velopper une d\u00e9marche qualit\u00e9.<\/li>\n<li><\/li>\n<li>Devenir une plate-forme technologique incontournable.<\/li>\n<li><\/li>\n<\/ul>\n<\/div>\n<\/div>\n<hr class=\"clear-contentunit\" \/>\n<div class=\"column1-unit\">\n<h2 align=\"center\">Les caract\u00e9ristiques d&rsquo;un lyc\u00e9e des m\u00e9tiers<\/h2>\n<ul>\n<li>Une forte identification \u00ab\u00a0m\u00e9tiers\u00a0\u00bb dans des fili\u00e8res clairement identifi\u00e9es au sein d\u2019un \u00e9tablissement polyvalent.<\/li>\n<li><\/li>\n<li>Des offres de formation les plus compl\u00e8tes possibles du CAP au BTS (voire \u00e0 la licence professionnelle).<\/li>\n<li><\/li>\n<li>Une diversification de l\u2019organisation permettant d\u2019accueillir des lyc\u00e9ens, des \u00e9tudiants, des apprentis, des stagiaires et des adultes de la formation continue.<\/li>\n<li><\/li>\n<li>Une pratique affirm\u00e9e du partenariat sous toutes ses formes et du d\u00e9veloppement local.<\/li>\n<li><\/li>\n<li>Un environnement p\u00e9dagogique et \u00e9ducatif novateur et dynamique. A l\u2019avenir l\u2019existence d\u2019un centre de ressources pour le transfert de technologie.<\/li>\n<li>Une pr\u00e9sentation des services propos\u00e9s.<\/li>\n<li>Une participation \u00e0 la validation des acquis de l\u2019exp\u00e9rience.<\/li>\n<li>Des am\u00e9nagements particuliers pour l\u2019accueil des handicap\u00e9s.<\/li>\n<li>A l\u2019avenir l\u2019existence d\u2019un centre de ressources pour le transfert de technologie.<\/li>\n<\/ul>\n<\/div>\n<hr class=\"clear-contentunit\" \/>\n<div class=\"column1-unit\">\n<h2 align=\"center\">le label<\/h2>\n<ul>\n<li>Le label \u00ab\u00a0lyc\u00e9e des m\u00e9tiers\u00a0\u00bb est attribu\u00e9 pour 5 ans \u00e0 tous les \u00e9tablissements qui r\u00e9pondent aux crit\u00e8res du cahier des charges. Il est reconductible.<\/li>\n<li><\/li>\n<li>L\u2019obtention du label marque pour l\u2019\u00e9tablissement, une \u00e9tape dans un processus de progr\u00e8s marquant la volont\u00e9 collective de s\u2019engager dans une d\u00e9marche permanente de qualit\u00e9.<\/li>\n<\/ul>\n<\/div>\n<!-- AddThis Advanced Settings generic via filter on the_content --><!-- AddThis Share Buttons generic via filter on the_content -->","protected":false},"excerpt":{"rendered":"<p>Lyc\u00e9e des m\u00e9tiers de l\u2019architecture m\u00e9tallique et des mat\u00e9riaux de synth\u00e8se Depuis 2008 le lyc\u00e9e Bel Air a obtenu le label lyc\u00e9e des m\u00e9tiers. Qu&rsquo;est-ce qu&rsquo;un lyc\u00e9e des m\u00e9tiers? le concept de lyc\u00e9e des m\u00e9tiers Renforcer la synergie entre les voies de formations technologique et professionnelle Clarifier l\u2019offre de formation et la rendre plus coh\u00e9rente. [&hellip;]<!-- AddThis Advanced Settings generic via filter on get_the_excerpt --><!-- AddThis Share Buttons generic via filter on get_the_excerpt --><\/p>\n","protected":false},"author":3366,"featured_media":0,"comment_status":"closed","ping_status":"closed","sticky":false,"template":"","format":"standard","meta":{"_et_pb_use_builder":"","_et_pb_old_content":"","_et_gb_content_width":"","footnotes":"","_links_to":"","_links_to_target":""},"categories":[35],"tags":[],"class_list":["post-268","post","type-post","status-publish","format-standard","hentry","category-le-projet-detablissement"],"_links":{"self":[{"href":"https:\/\/etab.ac-reunion.fr\/lyc-bel-air\/wp-json\/wp\/v2\/posts\/268","targetHints":{"allow":["GET"]}}],"collection":[{"href":"https:\/\/etab.ac-reunion.fr\/lyc-bel-air\/wp-json\/wp\/v2\/posts"}],"about":[{"href":"https:\/\/etab.ac-reunion.fr\/lyc-bel-air\/wp-json\/wp\/v2\/types\/post"}],"author":[{"embeddable":true,"href":"https:\/\/etab.ac-reunion.fr\/lyc-bel-air\/wp-json\/wp\/v2\/users\/3366"}],"replies":[{"embeddable":true,"href":"https:\/\/etab.ac-reunion.fr\/lyc-bel-air\/wp-json\/wp\/v2\/comments?post=268"}],"version-history":[{"count":1,"href":"https:\/\/etab.ac-reunion.fr\/lyc-bel-air\/wp-json\/wp\/v2\/posts\/268\/revisions"}],"predecessor-version":[{"id":269,"href":"https:\/\/etab.ac-reunion.fr\/lyc-bel-air\/wp-json\/wp\/v2\/posts\/268\/revisions\/269"}],"wp:attachment":[{"href":"https:\/\/etab.ac-reunion.fr\/lyc-bel-air\/wp-json\/wp\/v2\/media?parent=268"}],"wp:term":[{"taxonomy":"category","embeddable":true,"href":"https:\/\/etab.ac-reunion.fr\/lyc-bel-air\/wp-json\/wp\/v2\/categories?post=268"},{"taxonomy":"post_tag","embeddable":true,"href":"https:\/\/etab.ac-reunion.fr\/lyc-bel-air\/wp-json\/wp\/v2\/tags?post=268"}],"curies":[{"name":"wp","href":"https:\/\/api.w.org\/{rel}","templated":true}]}}