{"id":345,"date":"2014-11-25T06:03:14","date_gmt":"2014-11-25T05:03:14","guid":{"rendered":"http:\/\/lycee-belair.ac-reunion.fr\/?p=345"},"modified":"2014-12-04T17:10:26","modified_gmt":"2014-12-04T16:10:26","slug":"infoculture-numero-2-du-21112014","status":"publish","type":"post","link":"https:\/\/etab.ac-reunion.fr\/lyc-bel-air\/2014\/11\/25\/infoculture-numero-2-du-21112014\/","title":{"rendered":"INFOCULTURE num\u00e9ro 2 du 21\/11\/2014"},"content":{"rendered":"<div class=\"entry-content\">\n<p><strong>\u00a4<\/strong><strong> Le lyc\u00e9e Bel Air <\/strong>organise <strong>mardi 25 novembre<\/strong> une matin\u00e9e de sensibilisation aux violences faites aux femmes dans le cadre de la journ\u00e9e internationale pour <strong>l\u2019\u00e9limination des violences<\/strong> \u00e0 l\u2019\u00e9gard des <strong>femmes<\/strong>.<\/p>\n<p><strong>\u00a4<\/strong><strong> Le lyc\u00e9e Bel Air <\/strong>organise <strong>jeudi 27 novembre<\/strong> une journ\u00e9e de sensibilisation \u00e0 la <strong>s\u00e9curit\u00e9 routi\u00e8re.<\/strong><\/p>\n<p><strong>\u00a0\u00a4<\/strong><strong>L\u2019Universit\u00e9 de La R\u00e9union<\/strong> vous invite au vernissage de l\u2019exposition <strong>\u201d Des ailes pour des \u00eeles\u201d<\/strong>\u00a0 de Michel Laurent-Dreux, peintre naturaliste, le <strong>vendredi 21 novembre<\/strong> 2014 \u00e0 17h00 \u00e0 <strong>la Biblioth\u00e8que universitaire du Tampon<\/strong>.<br \/>\nL\u2019exposition est programm\u00e9e jusqu\u2019au <strong>18 d\u00e9cembre 2014<\/strong>.<\/p>\n<p><strong>\u00a4<\/strong><strong>Pour la 3<sup>\u00e8me<\/sup> ann\u00e9e cons\u00e9cutive<\/strong>, le minist\u00e8re de l\u2019\u00e9ducation nationale et le minist\u00e8re de la culture en partenariat avec les mus\u00e9es de\u00a0France de La R\u00e9union qui d\u00e9pendent du conseil r\u00e9gional et du conseil g\u00e9n\u00e9ral lancent la 3<sup>\u00e8me<\/sup> \u00e9dition de l\u2019op\u00e9ration nationale <strong>\u00ab\u00a0La classe, l\u2019oeuvre\u00a0!<\/strong>\u00a0\u00bb dans le cadre de la <strong>Nuit europ\u00e9enne des mus\u00e9es du samedi 16 mai 2015<\/strong>. La classe, l\u2019\u0153uvre est un dispositif national\u00a0qui invite des \u00e9l\u00e8ves des \u00e9coles, coll\u00e8ges ou lyc\u00e9es \u00e0 \u00e9tudier une \u0153uvre d\u2019un mus\u00e9e afin d\u2019en faire une pr\u00e9sentation lors de la Nuit europ\u00e9enne des mus\u00e9es le samedi 16 mai 2015 sur le th\u00e8me :\u00a0Patrimoine culturel \/ patrimoine naturel : paysages, jardins, plantes, repr\u00e9sentati<\/p>\n<\/div>\n<!-- AddThis Advanced Settings generic via filter on the_content --><!-- AddThis Share Buttons generic via filter on the_content -->","protected":false},"excerpt":{"rendered":"<p>\u00a4 Le lyc\u00e9e Bel Air organise mardi 25 novembre une matin\u00e9e de sensibilisation aux violences faites aux femmes dans le cadre de la journ\u00e9e internationale pour l\u2019\u00e9limination des violences \u00e0 l\u2019\u00e9gard des femmes. \u00a4 Le lyc\u00e9e Bel Air organise jeudi 27 novembre une journ\u00e9e de sensibilisation \u00e0 la s\u00e9curit\u00e9 routi\u00e8re. \u00a0\u00a4L\u2019Universit\u00e9 de La R\u00e9union vous [&hellip;]<!-- AddThis Advanced Settings generic via filter on get_the_excerpt --><!-- AddThis Share Buttons generic via filter on get_the_excerpt --><\/p>\n","protected":false},"author":3772,"featured_media":344,"comment_status":"closed","ping_status":"closed","sticky":false,"template":"","format":"standard","meta":{"_et_pb_use_builder":"","_et_pb_old_content":"","_et_gb_content_width":"","footnotes":"","_links_to":"","_links_to_target":""},"categories":[27],"tags":[],"class_list":["post-345","post","type-post","status-publish","format-standard","has-post-thumbnail","hentry","category-infoculture"],"_links":{"self":[{"href":"https:\/\/etab.ac-reunion.fr\/lyc-bel-air\/wp-json\/wp\/v2\/posts\/345","targetHints":{"allow":["GET"]}}],"collection":[{"href":"https:\/\/etab.ac-reunion.fr\/lyc-bel-air\/wp-json\/wp\/v2\/posts"}],"about":[{"href":"https:\/\/etab.ac-reunion.fr\/lyc-bel-air\/wp-json\/wp\/v2\/types\/post"}],"author":[{"embeddable":true,"href":"https:\/\/etab.ac-reunion.fr\/lyc-bel-air\/wp-json\/wp\/v2\/users\/3772"}],"replies":[{"embeddable":true,"href":"https:\/\/etab.ac-reunion.fr\/lyc-bel-air\/wp-json\/wp\/v2\/comments?post=345"}],"version-history":[{"count":4,"href":"https:\/\/etab.ac-reunion.fr\/lyc-bel-air\/wp-json\/wp\/v2\/posts\/345\/revisions"}],"predecessor-version":[{"id":443,"href":"https:\/\/etab.ac-reunion.fr\/lyc-bel-air\/wp-json\/wp\/v2\/posts\/345\/revisions\/443"}],"wp:featuredmedia":[{"embeddable":true,"href":"https:\/\/etab.ac-reunion.fr\/lyc-bel-air\/wp-json\/wp\/v2\/media\/344"}],"wp:attachment":[{"href":"https:\/\/etab.ac-reunion.fr\/lyc-bel-air\/wp-json\/wp\/v2\/media?parent=345"}],"wp:term":[{"taxonomy":"category","embeddable":true,"href":"https:\/\/etab.ac-reunion.fr\/lyc-bel-air\/wp-json\/wp\/v2\/categories?post=345"},{"taxonomy":"post_tag","embeddable":true,"href":"https:\/\/etab.ac-reunion.fr\/lyc-bel-air\/wp-json\/wp\/v2\/tags?post=345"}],"curies":[{"name":"wp","href":"https:\/\/api.w.org\/{rel}","templated":true}]}}