{"id":5657,"date":"2017-11-28T14:10:32","date_gmt":"2017-11-28T13:10:32","guid":{"rendered":"http:\/\/lycee-belair.ac-reunion.fr\/?p=5657"},"modified":"2017-12-20T18:45:48","modified_gmt":"2017-12-20T17:45:48","slug":"ces-tyroliennes-de-vrais-rayons-de-soleil-matthias-daleau-2nd5","status":"publish","type":"post","link":"https:\/\/etab.ac-reunion.fr\/lyc-bel-air\/2017\/11\/28\/ces-tyroliennes-de-vrais-rayons-de-soleil-matthias-daleau-2nd5\/","title":{"rendered":"Ces tyroliennes, de vrais rayons de soleil ! (Matthias Daleau, Eco-Ambassadeur, 2nd5)."},"content":{"rendered":"<p>&nbsp;<\/p>\n<p style=\"text-align: justify\">Avez-vous remarqu\u00e9 nos nouvelles \u00e9l\u00e8ves, nos belles et grandes tyroliennes arriv\u00e9es la semaine derni\u00e8re?<\/p>\n<p style=\"text-align: justify\">\u00a0\u00a0\u00a0\u00a0\u00a0\u00a0\u00a0\u00a0\u00a0\u00a0\u00a0\u00a0\u00a0 <img loading=\"lazy\" decoding=\"async\" class=\"size-medium wp-image-5659 alignleft\" src=\"https:\/\/etab.ac-reunion.fr\/lyc-bel-air\/wp-content\/uploads\/sites\/71\/2017\/11\/DSC_0718-300x169.jpg\" alt=\"\" width=\"300\" height=\"169\" srcset=\"https:\/\/etab.ac-reunion.fr\/lyc-bel-air\/wp-content\/uploads\/sites\/71\/2017\/11\/DSC_0718-300x169.jpg 300w, https:\/\/etab.ac-reunion.fr\/lyc-bel-air\/wp-content\/uploads\/sites\/71\/2017\/11\/DSC_0718-1024x576.jpg 1024w, https:\/\/etab.ac-reunion.fr\/lyc-bel-air\/wp-content\/uploads\/sites\/71\/2017\/11\/DSC_0718-95x54.jpg 95w\" sizes=\"(max-width: 300px) 100vw, 300px\" \/> \u00a0 \u00a0 \u00a0\u00a0 <img loading=\"lazy\" decoding=\"async\" class=\"size-medium wp-image-5660 aligncenter\" src=\"https:\/\/etab.ac-reunion.fr\/lyc-bel-air\/wp-content\/uploads\/sites\/71\/2017\/11\/DSC_0719-300x169.jpg\" alt=\"\" width=\"300\" height=\"169\" srcset=\"https:\/\/etab.ac-reunion.fr\/lyc-bel-air\/wp-content\/uploads\/sites\/71\/2017\/11\/DSC_0719-300x169.jpg 300w, https:\/\/etab.ac-reunion.fr\/lyc-bel-air\/wp-content\/uploads\/sites\/71\/2017\/11\/DSC_0719-1024x576.jpg 1024w, https:\/\/etab.ac-reunion.fr\/lyc-bel-air\/wp-content\/uploads\/sites\/71\/2017\/11\/DSC_0719-95x54.jpg 95w\" sizes=\"(max-width: 300px) 100vw, 300px\" \/><\/p>\n<p style=\"text-align: justify\">Mais non! Cessons de plaisanter, on va vous expliquer de quoi il s&rsquo;agit&#8230;<br \/>\nLes Eco Ambassadeurs ont mis en \u0153uvre leur premi\u00e8re action cette ann\u00e9e avec l\u2019aide des Terminales CAP Structure m\u00e9tallique, pour innover dans une magnifique architecture.<\/p>\n<p style=\"text-align: justify\"><img loading=\"lazy\" decoding=\"async\" class=\"alignnone size-medium wp-image-5658 alignleft\" src=\"https:\/\/etab.ac-reunion.fr\/lyc-bel-air\/wp-content\/uploads\/sites\/71\/2017\/11\/DSC_0711-300x169.jpg\" alt=\"\" width=\"300\" height=\"169\" srcset=\"https:\/\/etab.ac-reunion.fr\/lyc-bel-air\/wp-content\/uploads\/sites\/71\/2017\/11\/DSC_0711-300x169.jpg 300w, https:\/\/etab.ac-reunion.fr\/lyc-bel-air\/wp-content\/uploads\/sites\/71\/2017\/11\/DSC_0711-1024x576.jpg 1024w, https:\/\/etab.ac-reunion.fr\/lyc-bel-air\/wp-content\/uploads\/sites\/71\/2017\/11\/DSC_0711-95x54.jpg 95w\" sizes=\"(max-width: 300px) 100vw, 300px\" \/>\u00a0<img loading=\"lazy\" decoding=\"async\" class=\"alignnone wp-image-5662 size-medium alignleft\" src=\"https:\/\/etab.ac-reunion.fr\/lyc-bel-air\/wp-content\/uploads\/sites\/71\/2017\/11\/DSC_0709-169x300.jpg\" alt=\"\" width=\"169\" height=\"300\" srcset=\"https:\/\/etab.ac-reunion.fr\/lyc-bel-air\/wp-content\/uploads\/sites\/71\/2017\/11\/DSC_0709-169x300.jpg 169w, https:\/\/etab.ac-reunion.fr\/lyc-bel-air\/wp-content\/uploads\/sites\/71\/2017\/11\/DSC_0709-576x1024.jpg 576w\" sizes=\"(max-width: 169px) 100vw, 169px\" \/><br \/>\nQue penseriez-vous d\u2019un ombrage exceptionnel orn\u00e9 de fruits, de lianes et de fleurs ?<br \/>\nNe serait-ce pas exquis de partager un bon moment entre amis face \u00e0 notre mare, entour\u00e9s de la nature ?<\/p>\n<p style=\"text-align: justify\">Rendons notre lyc\u00e9e plus attractif en y installant une treille v\u00e9g\u00e9tale qui y ajouterait de la gaiet\u00e9 !<\/p>\n<p style=\"text-align: justify\">Les c\u00e2bles m\u00e9talliques install\u00e9s vont servir de supports pour des lianes, des plantes grimpantes \u00e0 fruits ou \u00e0 fleurs.<\/p>\n<p>&nbsp;<\/p>\n<p>&nbsp;<\/p>\n<p style=\"text-align: justify\">Sont venus s&rsquo;y ajouter cette semaine de nouveaux copains: des filins en acier inoxydable qui nous permettront d&rsquo;avoir un ombrage fruit\u00e9, longuement d\u00e9sir\u00e9, le long de la mont\u00e9e d&rsquo;escalier entre les salles de SVT et A14. Il ne reste plus qu&rsquo;\u00e0 planter!<\/p>\n<p><img loading=\"lazy\" decoding=\"async\" class=\"size-medium wp-image-5661 aligncenter\" src=\"https:\/\/etab.ac-reunion.fr\/lyc-bel-air\/wp-content\/uploads\/sites\/71\/2017\/11\/IMG_8241-169x300.jpg\" alt=\"\" width=\"169\" height=\"300\" srcset=\"https:\/\/etab.ac-reunion.fr\/lyc-bel-air\/wp-content\/uploads\/sites\/71\/2017\/11\/IMG_8241-169x300.jpg 169w, https:\/\/etab.ac-reunion.fr\/lyc-bel-air\/wp-content\/uploads\/sites\/71\/2017\/11\/IMG_8241-576x1024.jpg 576w, https:\/\/etab.ac-reunion.fr\/lyc-bel-air\/wp-content\/uploads\/sites\/71\/2017\/11\/IMG_8241.jpg 750w\" sizes=\"(max-width: 169px) 100vw, 169px\" \/><\/p>\n<p>Bien entendu nous comptons sur vous pour en prendre soin et admirer la Nature qui reprend ses droits !<\/p>\n<p>Nous n&rsquo;oublions pas de remercier M. Thalgott et ses \u00e9l\u00e8ves, et tous ceux qui ont particip\u00e9 \u00e0 cette somptueuse installation.<\/p>\n<p>Nous vous encourageons \u00e0 rejoindre les Eco Ambassadeurs !<br \/>\nCe n\u2019est que le d\u00e9but d\u2019une ann\u00e9e \u00e9cologique d\u2019innovations et de renouveau !<\/p>\n<!-- AddThis Advanced Settings generic via filter on the_content --><!-- AddThis Share Buttons generic via filter on the_content -->","protected":false},"excerpt":{"rendered":"<p>&nbsp; Avez-vous remarqu\u00e9 nos nouvelles \u00e9l\u00e8ves, nos belles et grandes tyroliennes arriv\u00e9es la semaine derni\u00e8re? \u00a0\u00a0\u00a0\u00a0\u00a0\u00a0\u00a0\u00a0\u00a0\u00a0\u00a0\u00a0\u00a0 \u00a0 \u00a0 \u00a0\u00a0 Mais non! Cessons de plaisanter, on va vous expliquer de quoi il s&rsquo;agit&#8230; Les Eco Ambassadeurs ont mis en \u0153uvre leur premi\u00e8re action cette ann\u00e9e avec l\u2019aide des Terminales CAP Structure m\u00e9tallique, pour innover dans une [&hellip;]<!-- AddThis Advanced Settings generic via filter on get_the_excerpt --><!-- AddThis Share Buttons generic via filter on get_the_excerpt --><\/p>\n","protected":false},"author":10313,"featured_media":0,"comment_status":"closed","ping_status":"closed","sticky":false,"template":"","format":"standard","meta":{"_et_pb_use_builder":"","_et_pb_old_content":"","_et_gb_content_width":"","footnotes":"","_links_to":"","_links_to_target":""},"categories":[6,76,39,7,38],"tags":[],"class_list":["post-5657","post","type-post","status-publish","format-standard","hentry","category-a-afficher-sur-la-page-daccueil","category-actions-des-eleves","category-actualites","category-afficher-sur-slider","category-articles-les-plus-lus"],"_links":{"self":[{"href":"https:\/\/etab.ac-reunion.fr\/lyc-bel-air\/wp-json\/wp\/v2\/posts\/5657","targetHints":{"allow":["GET"]}}],"collection":[{"href":"https:\/\/etab.ac-reunion.fr\/lyc-bel-air\/wp-json\/wp\/v2\/posts"}],"about":[{"href":"https:\/\/etab.ac-reunion.fr\/lyc-bel-air\/wp-json\/wp\/v2\/types\/post"}],"author":[{"embeddable":true,"href":"https:\/\/etab.ac-reunion.fr\/lyc-bel-air\/wp-json\/wp\/v2\/users\/10313"}],"replies":[{"embeddable":true,"href":"https:\/\/etab.ac-reunion.fr\/lyc-bel-air\/wp-json\/wp\/v2\/comments?post=5657"}],"version-history":[{"count":3,"href":"https:\/\/etab.ac-reunion.fr\/lyc-bel-air\/wp-json\/wp\/v2\/posts\/5657\/revisions"}],"predecessor-version":[{"id":5665,"href":"https:\/\/etab.ac-reunion.fr\/lyc-bel-air\/wp-json\/wp\/v2\/posts\/5657\/revisions\/5665"}],"wp:attachment":[{"href":"https:\/\/etab.ac-reunion.fr\/lyc-bel-air\/wp-json\/wp\/v2\/media?parent=5657"}],"wp:term":[{"taxonomy":"category","embeddable":true,"href":"https:\/\/etab.ac-reunion.fr\/lyc-bel-air\/wp-json\/wp\/v2\/categories?post=5657"},{"taxonomy":"post_tag","embeddable":true,"href":"https:\/\/etab.ac-reunion.fr\/lyc-bel-air\/wp-json\/wp\/v2\/tags?post=5657"}],"curies":[{"name":"wp","href":"https:\/\/api.w.org\/{rel}","templated":true}]}}