{"id":5739,"date":"2017-12-08T12:07:20","date_gmt":"2017-12-08T11:07:20","guid":{"rendered":"http:\/\/lycee-belair.ac-reunion.fr\/?p=5739"},"modified":"2019-06-27T07:31:21","modified_gmt":"2019-06-27T06:31:21","slug":"les-201-decouvrent-les-projets-des-bts-constructions-metalliques","status":"publish","type":"post","link":"https:\/\/etab.ac-reunion.fr\/lyc-bel-air\/2017\/12\/08\/les-201-decouvrent-les-projets-des-bts-constructions-metalliques\/","title":{"rendered":"Les 201 d\u00e9couvrent les projets des BTS Constructions M\u00e9talliques"},"content":{"rendered":"<p style=\"text-align: justify\">\u00a0 \u00a0 \u00a0Dans le cadre de l&rsquo;AP orientation en seconde, les 201 se sont rendus \u00e0 l&rsquo;atelier du lyc\u00e9e pour d\u00e9couvrir les projets r\u00e9alis\u00e9s par les BTS Constructions M\u00e9talliques 2e ann\u00e9e. M. Goudedranche et M. Turpin les ont d&rsquo;abord re\u00e7us pour leur expliquer les enjeux de ce BTS, entre le travail en bureau d&rsquo;\u00e9tude et la production en atelier. Les \u00e9l\u00e8ves ont pu ensuite voir les \u00e9tudiants \u00e0 l&rsquo;oeuvre, notamment en soudage et montage. Ces projets de terrasse, kiosque et pergola seront \u00e9valu\u00e9s pour la d\u00e9livrance de l&rsquo;examen de BTS en fin d&rsquo;ann\u00e9e.<\/p>\n<div class=\"et_pb_slider et_pb_slider_fullwidth_off et_pb_gallery_post_type\">\n\t\t\t\t<div class=\"et_pb_slides\">\n\t\t\t\t\t<div class=\"et_pb_slide\" style=\"background: url(https:\/\/etab.ac-reunion.fr\/lyc-bel-air\/wp-content\/uploads\/sites\/71\/2017\/12\/IMG_20171207_143146.jpg);\"><\/div><div class=\"et_pb_slide\" style=\"background: url(https:\/\/etab.ac-reunion.fr\/lyc-bel-air\/wp-content\/uploads\/sites\/71\/2017\/12\/IMG_20171207_143444.jpg);\"><\/div><div class=\"et_pb_slide\" style=\"background: url(https:\/\/etab.ac-reunion.fr\/lyc-bel-air\/wp-content\/uploads\/sites\/71\/2017\/12\/IMG_20171207_143105.jpg);\"><\/div><div class=\"et_pb_slide\" style=\"background: url(https:\/\/etab.ac-reunion.fr\/lyc-bel-air\/wp-content\/uploads\/sites\/71\/2017\/12\/IMG_20171207_143518-001.jpg);\"><\/div><div class=\"et_pb_slide\" style=\"background: url(https:\/\/etab.ac-reunion.fr\/lyc-bel-air\/wp-content\/uploads\/sites\/71\/2017\/12\/IMG_20171207_143216.jpg);\"><\/div><div class=\"et_pb_slide\" style=\"background: url(https:\/\/etab.ac-reunion.fr\/lyc-bel-air\/wp-content\/uploads\/sites\/71\/2017\/12\/IMG_20171207_144611.jpg);\"><\/div>\n\t\t\t\t<\/div>\n\t\t\t<\/div>\n<!-- AddThis Advanced Settings generic via filter on the_content --><!-- AddThis Share Buttons generic via filter on the_content -->","protected":false},"excerpt":{"rendered":"<p>\u00a0 \u00a0 \u00a0Dans le cadre de l&rsquo;AP orientation en seconde, les 201 se sont rendus \u00e0 l&rsquo;atelier du lyc\u00e9e pour d\u00e9couvrir les projets r\u00e9alis\u00e9s par les BTS Constructions M\u00e9talliques 2e ann\u00e9e. M. Goudedranche et M. Turpin les ont d&rsquo;abord re\u00e7us pour leur expliquer les enjeux de ce BTS, entre le travail en bureau d&rsquo;\u00e9tude et [&hellip;]<!-- AddThis Advanced Settings generic via filter on get_the_excerpt --><!-- AddThis Share Buttons generic via filter on get_the_excerpt --><\/p>\n","protected":false},"author":7820,"featured_media":5742,"comment_status":"closed","ping_status":"closed","sticky":false,"template":"","format":"standard","meta":{"_et_pb_use_builder":"","_et_pb_old_content":"","_et_gb_content_width":"","footnotes":"","_links_to":"","_links_to_target":""},"categories":[6,39,7,131,38],"tags":[],"class_list":["post-5739","post","type-post","status-publish","format-standard","has-post-thumbnail","hentry","category-a-afficher-sur-la-page-daccueil","category-actualites","category-afficher-sur-slider","category-amcr","category-articles-les-plus-lus"],"_links":{"self":[{"href":"https:\/\/etab.ac-reunion.fr\/lyc-bel-air\/wp-json\/wp\/v2\/posts\/5739","targetHints":{"allow":["GET"]}}],"collection":[{"href":"https:\/\/etab.ac-reunion.fr\/lyc-bel-air\/wp-json\/wp\/v2\/posts"}],"about":[{"href":"https:\/\/etab.ac-reunion.fr\/lyc-bel-air\/wp-json\/wp\/v2\/types\/post"}],"author":[{"embeddable":true,"href":"https:\/\/etab.ac-reunion.fr\/lyc-bel-air\/wp-json\/wp\/v2\/users\/7820"}],"replies":[{"embeddable":true,"href":"https:\/\/etab.ac-reunion.fr\/lyc-bel-air\/wp-json\/wp\/v2\/comments?post=5739"}],"version-history":[{"count":4,"href":"https:\/\/etab.ac-reunion.fr\/lyc-bel-air\/wp-json\/wp\/v2\/posts\/5739\/revisions"}],"predecessor-version":[{"id":5762,"href":"https:\/\/etab.ac-reunion.fr\/lyc-bel-air\/wp-json\/wp\/v2\/posts\/5739\/revisions\/5762"}],"wp:featuredmedia":[{"embeddable":true,"href":"https:\/\/etab.ac-reunion.fr\/lyc-bel-air\/wp-json\/wp\/v2\/media\/5742"}],"wp:attachment":[{"href":"https:\/\/etab.ac-reunion.fr\/lyc-bel-air\/wp-json\/wp\/v2\/media?parent=5739"}],"wp:term":[{"taxonomy":"category","embeddable":true,"href":"https:\/\/etab.ac-reunion.fr\/lyc-bel-air\/wp-json\/wp\/v2\/categories?post=5739"},{"taxonomy":"post_tag","embeddable":true,"href":"https:\/\/etab.ac-reunion.fr\/lyc-bel-air\/wp-json\/wp\/v2\/tags?post=5739"}],"curies":[{"name":"wp","href":"https:\/\/api.w.org\/{rel}","templated":true}]}}