{"id":5846,"date":"2017-12-22T12:29:07","date_gmt":"2017-12-22T11:29:07","guid":{"rendered":"http:\/\/lycee-belair.ac-reunion.fr\/?p=5846"},"modified":"2017-12-23T03:06:11","modified_gmt":"2017-12-23T02:06:11","slug":"bonnes-vacances","status":"publish","type":"post","link":"https:\/\/etab.ac-reunion.fr\/lyc-bel-air\/2017\/12\/22\/bonnes-vacances\/","title":{"rendered":"Bonnes vacances"},"content":{"rendered":"<p>En fin de matin\u00e9e et toute l&rsquo;apr\u00e8s-midi pour conclure la derni\u00e8re journ\u00e9e de 2017 \u00e0 Bel-Air, papillotes et chocolats on \u00e9t\u00e9 distribu\u00e9s sous le hall de la vie scolaire pour les derniers r\u00e9sistants et \u00e0 tous ceux qui \u00e9taient encore en examen blanc.<\/p>\n<p>Animation organis\u00e9e par la vie scolaire.<\/p>\n<p>&nbsp;<\/p>\n<p>&nbsp;<\/p>\n<p><img loading=\"lazy\" decoding=\"async\" class=\"alignnone size-medium wp-image-5858\" src=\"https:\/\/etab.ac-reunion.fr\/lyc-bel-air\/wp-content\/uploads\/sites\/71\/2017\/12\/papillotes-300x200.jpg\" alt=\"\" width=\"300\" height=\"200\" srcset=\"https:\/\/etab.ac-reunion.fr\/lyc-bel-air\/wp-content\/uploads\/sites\/71\/2017\/12\/papillotes-300x200.jpg 300w, https:\/\/etab.ac-reunion.fr\/lyc-bel-air\/wp-content\/uploads\/sites\/71\/2017\/12\/papillotes-140x94.jpg 140w, https:\/\/etab.ac-reunion.fr\/lyc-bel-air\/wp-content\/uploads\/sites\/71\/2017\/12\/papillotes.jpg 360w\" sizes=\"(max-width: 300px) 100vw, 300px\" \/><\/p>\n<p>&nbsp;<\/p>\n<div class=\"et_pb_slider et_pb_slider_fullwidth_off et_pb_gallery_post_type\">\n\t\t\t\t<div class=\"et_pb_slides\">\n\t\t\t\t\t<div class=\"et_pb_slide\" style=\"background: url(https:\/\/etab.ac-reunion.fr\/lyc-bel-air\/wp-content\/uploads\/sites\/71\/2017\/12\/20171222_121437.jpg);\"><\/div><div class=\"et_pb_slide\" style=\"background: url(https:\/\/etab.ac-reunion.fr\/lyc-bel-air\/wp-content\/uploads\/sites\/71\/2017\/12\/20171222_121408.jpg);\"><\/div><div class=\"et_pb_slide\" style=\"background: url(https:\/\/etab.ac-reunion.fr\/lyc-bel-air\/wp-content\/uploads\/sites\/71\/2017\/12\/20171222_120514.jpg);\"><\/div>\n\t\t\t\t<\/div>\n\t\t\t<\/div>\n<p>&nbsp;<\/p>\n<p>&nbsp;<\/p>\n<p>&nbsp;<\/p>\n<p>&nbsp;<\/p>\n<p>&nbsp;<\/p>\n<p><img loading=\"lazy\" decoding=\"async\" class=\"alignnone size-medium wp-image-5875\" src=\"https:\/\/etab.ac-reunion.fr\/lyc-bel-air\/wp-content\/uploads\/sites\/71\/2017\/12\/20171222_121408-300x169.jpg\" alt=\"\" width=\"300\" height=\"169\" srcset=\"https:\/\/etab.ac-reunion.fr\/lyc-bel-air\/wp-content\/uploads\/sites\/71\/2017\/12\/20171222_121408-300x169.jpg 300w, https:\/\/etab.ac-reunion.fr\/lyc-bel-air\/wp-content\/uploads\/sites\/71\/2017\/12\/20171222_121408-1024x576.jpg 1024w, https:\/\/etab.ac-reunion.fr\/lyc-bel-air\/wp-content\/uploads\/sites\/71\/2017\/12\/20171222_121408-95x54.jpg 95w\" sizes=\"(max-width: 300px) 100vw, 300px\" \/> <img loading=\"lazy\" decoding=\"async\" class=\"alignnone size-medium wp-image-5876\" src=\"https:\/\/etab.ac-reunion.fr\/lyc-bel-air\/wp-content\/uploads\/sites\/71\/2017\/12\/20171222_121437-300x169.jpg\" alt=\"\" width=\"300\" height=\"169\" srcset=\"https:\/\/etab.ac-reunion.fr\/lyc-bel-air\/wp-content\/uploads\/sites\/71\/2017\/12\/20171222_121437-300x169.jpg 300w, https:\/\/etab.ac-reunion.fr\/lyc-bel-air\/wp-content\/uploads\/sites\/71\/2017\/12\/20171222_121437-1024x576.jpg 1024w, https:\/\/etab.ac-reunion.fr\/lyc-bel-air\/wp-content\/uploads\/sites\/71\/2017\/12\/20171222_121437-95x54.jpg 95w\" sizes=\"(max-width: 300px) 100vw, 300px\" \/><\/p>\n<!-- AddThis Advanced Settings generic via filter on the_content --><!-- AddThis Share Buttons generic via filter on the_content -->","protected":false},"excerpt":{"rendered":"<p>En fin de matin\u00e9e et toute l&rsquo;apr\u00e8s-midi pour conclure la derni\u00e8re journ\u00e9e de 2017 \u00e0 Bel-Air, papillotes et chocolats on \u00e9t\u00e9 distribu\u00e9s sous le hall de la vie scolaire pour les derniers r\u00e9sistants et \u00e0 tous ceux qui \u00e9taient encore en examen blanc. Animation organis\u00e9e par la vie scolaire. &nbsp; &nbsp; &nbsp; &nbsp; &nbsp; &nbsp; [&hellip;]<!-- AddThis Advanced Settings generic via filter on get_the_excerpt --><!-- AddThis Share Buttons generic via filter on get_the_excerpt --><\/p>\n","protected":false},"author":17536,"featured_media":0,"comment_status":"closed","ping_status":"closed","sticky":false,"template":"","format":"standard","meta":{"_et_pb_use_builder":"","_et_pb_old_content":"","_et_gb_content_width":"","footnotes":"","_links_to":"","_links_to_target":""},"categories":[6,76,39,119,7,34],"tags":[],"class_list":["post-5846","post","type-post","status-publish","format-standard","hentry","category-a-afficher-sur-la-page-daccueil","category-actions-des-eleves","category-actualites","category-actualites-vie-scolaire","category-afficher-sur-slider","category-la-maison-des-lyceens"],"_links":{"self":[{"href":"https:\/\/etab.ac-reunion.fr\/lyc-bel-air\/wp-json\/wp\/v2\/posts\/5846","targetHints":{"allow":["GET"]}}],"collection":[{"href":"https:\/\/etab.ac-reunion.fr\/lyc-bel-air\/wp-json\/wp\/v2\/posts"}],"about":[{"href":"https:\/\/etab.ac-reunion.fr\/lyc-bel-air\/wp-json\/wp\/v2\/types\/post"}],"author":[{"embeddable":true,"href":"https:\/\/etab.ac-reunion.fr\/lyc-bel-air\/wp-json\/wp\/v2\/users\/17536"}],"replies":[{"embeddable":true,"href":"https:\/\/etab.ac-reunion.fr\/lyc-bel-air\/wp-json\/wp\/v2\/comments?post=5846"}],"version-history":[{"count":10,"href":"https:\/\/etab.ac-reunion.fr\/lyc-bel-air\/wp-json\/wp\/v2\/posts\/5846\/revisions"}],"predecessor-version":[{"id":5898,"href":"https:\/\/etab.ac-reunion.fr\/lyc-bel-air\/wp-json\/wp\/v2\/posts\/5846\/revisions\/5898"}],"wp:attachment":[{"href":"https:\/\/etab.ac-reunion.fr\/lyc-bel-air\/wp-json\/wp\/v2\/media?parent=5846"}],"wp:term":[{"taxonomy":"category","embeddable":true,"href":"https:\/\/etab.ac-reunion.fr\/lyc-bel-air\/wp-json\/wp\/v2\/categories?post=5846"},{"taxonomy":"post_tag","embeddable":true,"href":"https:\/\/etab.ac-reunion.fr\/lyc-bel-air\/wp-json\/wp\/v2\/tags?post=5846"}],"curies":[{"name":"wp","href":"https:\/\/api.w.org\/{rel}","templated":true}]}}