{"id":6662,"date":"2018-08-13T12:41:20","date_gmt":"2018-08-13T11:41:20","guid":{"rendered":"http:\/\/lycee-belair.ac-reunion.fr\/?p=6662"},"modified":"2018-08-16T17:39:16","modified_gmt":"2018-08-16T16:39:16","slug":"rentree-2018-2019","status":"publish","type":"post","link":"https:\/\/etab.ac-reunion.fr\/lyc-bel-air\/2018\/08\/13\/rentree-2018-2019\/","title":{"rendered":"RENTREE 2018\/2019"},"content":{"rendered":"<p align=\"center\"><span style=\"color: #000000\"><span style=\"font-family: Arial-BoldMT, serif\"><span style=\"font-size: large\"><u>RENTREE DU LYCEE D\u2019ENSEIGNEMENT PROFESSIONNEL<\/u><\/span><\/span><\/span><\/p>\n<p align=\"center\"><span style=\"color: #000000\"><span style=\"font-family: Arial-BoldMT, serif\"><span style=\"font-size: large\"><i><u><b>Section Aluminium- Ferronnerie d\u2019Art- M\u00e9tallerie<\/b><\/u><\/i><\/span><\/span><\/span><\/p>\n<p align=\"center\"><span style=\"color: #000000\"><span style=\"font-family: Arial-BoldMT, serif\"><span style=\"font-size: large\">Premi\u00e8re ann\u00e9e CAP et Bac Pro<\/span><\/span><\/span><\/p>\n<p align=\"center\"><span style=\"color: #000000\"><span style=\"font-family: Arial-BoldMT, serif\"><span style=\"font-size: large\">VENDREDI 17\/08\/2018 de 7H30 \u00e0 10H30<\/span><\/span><\/span><\/p>\n<p align=\"center\">.<\/p>\n<p align=\"center\"><span style=\"color: #000000\"><span style=\"font-family: Arial-BoldMT, serif\"><span style=\"font-size: large\">Deuxi\u00e8me ann\u00e9e CAP et Bac Pro <\/span><\/span><\/span><\/p>\n<p align=\"center\"><span style=\"color: #000000\"><span style=\"font-family: Arial-BoldMT, serif\"><span style=\"font-size: large\"><span lang=\"en-US\">(TCOBA-TCFER-TCSM-1POBA-1POBM)<\/span><\/span><\/span><\/span><\/p>\n<p align=\"center\"><span style=\"color: #000000\"><span style=\"font-family: Arial-BoldMT, serif\"><span style=\"font-size: large\">Vendredi 17\/08\/2018 de10H00 \u00e0 11H00<\/span><\/span><\/span><\/p>\n<p align=\"center\">.<\/p>\n<p align=\"center\"><span style=\"color: #000000\"><span style=\"font-family: Arial-BoldMT, serif\"><span style=\"font-size: large\">Terminal BAC PRO<\/span><\/span><\/span><\/p>\n<p align=\"center\"><span style=\"color: #000000\"><span style=\"font-family: Arial-BoldMT, serif\"><span style=\"font-size: large\">(TPOBA-TPOBM)<\/span><\/span><\/span><\/p>\n<p align=\"center\"><span style=\"color: #000000\"><span style=\"font-family: Arial-BoldMT, serif\"><span style=\"font-size: large\">Vendredi 17\/08\/2018 de 10H00 \u00e0 11H00<\/span><\/span><\/span><\/p>\n<p align=\"center\">.<\/p>\n<p align=\"center\"><span style=\"color: #000000\"><span style=\"font-family: Arial-BoldMT, serif\"><span style=\"font-size: large\"><i><u><b>Section Enveloppe du B\u00e2timent et Charpente M\u00e9tallique<\/b><\/u><\/i><\/span><\/span><\/span><\/p>\n<p align=\"center\"><span style=\"color: #000000\"><span style=\"font-family: Arial-BoldMT, serif\"><span style=\"font-size: large\">BTS 1ere ann\u00e9e\u00a0<\/span><\/span><\/span><\/p>\n<p align=\"center\"><span style=\"color: #000000\"><span style=\"font-family: Arial-BoldMT, serif\"><span style=\"font-size: large\">Vendredi 17\/08\/2018 de 10H00 \u00e0 11H30<\/span><\/span><\/span><\/p>\n<p align=\"center\">.<\/p>\n<p align=\"center\"><span style=\"color: #000000\"><span style=\"font-family: Arial-BoldMT, serif\"><span style=\"font-size: large\">BTS 2eme ann\u00e9e<\/span><\/span><\/span><\/p>\n<p align=\"center\"><span style=\"color: #000000\"><span style=\"font-family: Arial-BoldMT, serif\"><span style=\"font-size: large\">Vendredi 17\/08\/2018 de 10H00 \u00e0 11H30<\/span><\/span><\/span><\/p>\n<p style=\"text-align: center\"><span style=\"color: #ff0000\"><span style=\"font-family: Arial-BoldMT, serif\">Horaires des transports cirest \/cinor\u00a0: 7h00 (arriv\u00e9e lyc\u00e9e)\u00a0\/17h00 (d\u00e9part lyc\u00e9e)<\/span><\/span><\/p>\n<hr \/>\n<p>&nbsp;<\/p>\n<p align=\"center\"><span style=\"color: #000000\"><span style=\"font-family: Arial-BoldMT, serif\"><span style=\"font-size: large\"><u>RENTREE DU LYCEE D\u2019ENSEIGNEMENT GENERAL et TECHNOLOGIQUE<\/u><\/span><\/span><\/span><\/p>\n<p align=\"center\"><span style=\"color: #000000\"><span style=\"font-family: Arial-BoldMT, serif\"><span style=\"font-size: large\"><u>CLASSES DE SECONDE\u00a0:<\/u><\/span><\/span><\/span><\/p>\n<p align=\"center\"><span style=\"color: #000000\"><span style=\"font-family: Arial-BoldMT, serif\"><span style=\"font-size: large\">VENDREDI 17\/08\/2018 de 13H00 \u00e0 16H00<\/span><\/span><\/span><\/p>\n<p align=\"center\"><span style=\"color: #000000\"><span style=\"font-family: Arial-BoldMT, serif\"><i>ACCUEIL DES PARENTS (Salle Polyvalente)\u00a0: Samedi 18\/08\/2018 de 8H00 \u00e0 10H00<\/i><\/span><\/span><\/p>\n<p align=\"center\">.<\/p>\n<p align=\"center\"><span style=\"color: #000000\"><span style=\"font-family: Arial-BoldMT, serif\"><span style=\"font-size: large\"><u>CLASSES DE PREMIERE<\/u><\/span><\/span><\/span><span style=\"color: #000000\"><span style=\"font-family: Arial-BoldMT, serif\"><span style=\"font-size: large\">\u00a0:<\/span><\/span><\/span><\/p>\n<p align=\"center\"><span style=\"color: #000000\"><span style=\"font-family: Arial-BoldMT, serif\"><span style=\"font-size: large\">VENDREDI 17\/08\/2018 de 15H00 \u00e0 16H30<\/span><\/span><\/span><\/p>\n<p align=\"center\">.<\/p>\n<p align=\"center\"><span style=\"color: #000000\"><span style=\"font-family: Arial-BoldMT, serif\"><span style=\"font-size: large\"><u>CLASSES DE TERMINALE\u00a0:<\/u><\/span><\/span><\/span><\/p>\n<p align=\"center\"><span style=\"color: #000000\"><span style=\"font-family: Arial-BoldMT, serif\"><span style=\"font-size: large\">VENDREDI 17\/08\/2018 de 15H00 \u00e0 16H30<\/span><\/span><\/span><\/p>\n<p style=\"text-align: center\" align=\"center\"><strong><span style=\"color: #ff0000\"><span style=\"font-family: Arial-BoldMT, serif\">Horaires des transports Cirest \/Cinor\u00a0: 7h00(arriv\u00e9e lyc\u00e9e)\u00a0\/17H00(d\u00e9part lyc\u00e9e)<\/span><\/span><\/strong><\/p>\n<p>&nbsp;<\/p>\n<!-- AddThis Advanced Settings generic via filter on the_content --><!-- AddThis Share Buttons generic via filter on the_content -->","protected":false},"excerpt":{"rendered":"<p>RENTREE DU LYCEE D\u2019ENSEIGNEMENT PROFESSIONNEL Section Aluminium- Ferronnerie d\u2019Art- M\u00e9tallerie Premi\u00e8re ann\u00e9e CAP et Bac Pro VENDREDI 17\/08\/2018 de 7H30 \u00e0 10H30 . Deuxi\u00e8me ann\u00e9e CAP et Bac Pro (TCOBA-TCFER-TCSM-1POBA-1POBM) Vendredi 17\/08\/2018 de10H00 \u00e0 11H00 . Terminal BAC PRO (TPOBA-TPOBM) Vendredi 17\/08\/2018 de 10H00 \u00e0 11H00 . Section Enveloppe du B\u00e2timent et Charpente M\u00e9tallique BTS [&hellip;]<!-- AddThis Advanced Settings generic via filter on get_the_excerpt --><!-- AddThis Share Buttons generic via filter on get_the_excerpt --><\/p>\n","protected":false},"author":17536,"featured_media":351,"comment_status":"closed","ping_status":"closed","sticky":false,"template":"","format":"standard","meta":{"_et_pb_use_builder":"","_et_pb_old_content":"","_et_gb_content_width":"","footnotes":"","_links_to":"","_links_to_target":""},"categories":[6,39,119,7,38,86,84,12,20,4,15],"tags":[],"class_list":["post-6662","post","type-post","status-publish","format-standard","has-post-thumbnail","hentry","category-a-afficher-sur-la-page-daccueil","category-actualites","category-actualites-vie-scolaire","category-afficher-sur-slider","category-articles-les-plus-lus","category-club-presse","category-documents-utiles-pour-les-enseignants","category-espaces-prives","category-informations","category-presentation-du-lycee","category-les-eleves"],"_links":{"self":[{"href":"https:\/\/etab.ac-reunion.fr\/lyc-bel-air\/wp-json\/wp\/v2\/posts\/6662","targetHints":{"allow":["GET"]}}],"collection":[{"href":"https:\/\/etab.ac-reunion.fr\/lyc-bel-air\/wp-json\/wp\/v2\/posts"}],"about":[{"href":"https:\/\/etab.ac-reunion.fr\/lyc-bel-air\/wp-json\/wp\/v2\/types\/post"}],"author":[{"embeddable":true,"href":"https:\/\/etab.ac-reunion.fr\/lyc-bel-air\/wp-json\/wp\/v2\/users\/17536"}],"replies":[{"embeddable":true,"href":"https:\/\/etab.ac-reunion.fr\/lyc-bel-air\/wp-json\/wp\/v2\/comments?post=6662"}],"version-history":[{"count":6,"href":"https:\/\/etab.ac-reunion.fr\/lyc-bel-air\/wp-json\/wp\/v2\/posts\/6662\/revisions"}],"predecessor-version":[{"id":6678,"href":"https:\/\/etab.ac-reunion.fr\/lyc-bel-air\/wp-json\/wp\/v2\/posts\/6662\/revisions\/6678"}],"wp:featuredmedia":[{"embeddable":true,"href":"https:\/\/etab.ac-reunion.fr\/lyc-bel-air\/wp-json\/wp\/v2\/media\/351"}],"wp:attachment":[{"href":"https:\/\/etab.ac-reunion.fr\/lyc-bel-air\/wp-json\/wp\/v2\/media?parent=6662"}],"wp:term":[{"taxonomy":"category","embeddable":true,"href":"https:\/\/etab.ac-reunion.fr\/lyc-bel-air\/wp-json\/wp\/v2\/categories?post=6662"},{"taxonomy":"post_tag","embeddable":true,"href":"https:\/\/etab.ac-reunion.fr\/lyc-bel-air\/wp-json\/wp\/v2\/tags?post=6662"}],"curies":[{"name":"wp","href":"https:\/\/api.w.org\/{rel}","templated":true}]}}