{"id":8115,"date":"2020-02-24T11:24:07","date_gmt":"2020-02-24T10:24:07","guid":{"rendered":"http:\/\/lycee-belair.ac-reunion.fr\/?p=8115"},"modified":"2020-02-24T11:24:08","modified_gmt":"2020-02-24T10:24:08","slug":"cine-club-seance-du-jeudi-27-02-2020","status":"publish","type":"post","link":"https:\/\/etab.ac-reunion.fr\/lyc-bel-air\/2020\/02\/24\/cine-club-seance-du-jeudi-27-02-2020\/","title":{"rendered":"CINE-CLUB S\u00e9ance du Jeudi 27\/02\/2020"},"content":{"rendered":"\n<p>Le CDI du lyc\u00e9e vous propose de participer \u00e0 la deuxi\u00e8me projection du CINE-CLUB du lyc\u00e9e ce jeudi 27\/02\/2020.<br> Projection du court m\u00e9trage <em><strong><a href=\"https:\/\/www.unifrance.org\/film\/42388\/la-convention-de-geneve\">LA CONVENTION DE GENEVE<\/a><\/strong><\/em>, fiction de 2016 (15 minutes), France.<br> Synopsis : Alors qu\u2019il s\u2019appr\u00eate \u00e0 prendre le bus apr\u00e8s sa journ\u00e9e de lyc\u00e9e, Hakim se fait embrigader dans une histoire de r\u00e8glement de comptes entre adolescents. <br> La perspective d\u2019une bagarre ne l\u2019enchante gu\u00e8re, mais peut-il \u00e9viter l\u2019affrontement ? <br> Le film a re\u00e7u plusieurs prix.<br> Deux jeunes de l&rsquo;association Unis-Cit\u00e9 organiseront un d\u00e9bat \u00e0 l&rsquo;issue de la projection.<br> On vous attend ce jeudi en salle informatique, au frais !<br><\/p>\n\n\n\n<figure class=\"wp-block-image size-large\"><img loading=\"lazy\" decoding=\"async\" width=\"720\" height=\"960\" src=\"https:\/\/etab.ac-reunion.fr\/lyc-bel-air\/wp-content\/uploads\/sites\/71\/2020\/02\/CONVENTION_27_2_2020.jpg\" alt=\"\" class=\"wp-image-8116\" srcset=\"https:\/\/etab.ac-reunion.fr\/lyc-bel-air\/wp-content\/uploads\/sites\/71\/2020\/02\/CONVENTION_27_2_2020.jpg 720w, https:\/\/etab.ac-reunion.fr\/lyc-bel-air\/wp-content\/uploads\/sites\/71\/2020\/02\/CONVENTION_27_2_2020-225x300.jpg 225w\" sizes=\"(max-width: 720px) 100vw, 720px\" \/><\/figure>\n<!-- AddThis Advanced Settings generic via filter on the_content --><!-- AddThis Share Buttons generic via filter on the_content -->","protected":false},"excerpt":{"rendered":"<p>Le CDI du lyc\u00e9e vous propose de participer \u00e0 la deuxi\u00e8me projection du CINE-CLUB du lyc\u00e9e ce jeudi 27\/02\/2020. Projection du court m\u00e9trage LA CONVENTION DE GENEVE, fiction de 2016 (15 minutes), France. Synopsis : Alors qu\u2019il s\u2019appr\u00eate \u00e0 prendre le bus apr\u00e8s sa journ\u00e9e de lyc\u00e9e, Hakim se fait embrigader dans une histoire de [&hellip;]<!-- AddThis Advanced Settings generic via filter on get_the_excerpt --><!-- AddThis Share Buttons generic via filter on get_the_excerpt --><\/p>\n","protected":false},"author":5029,"featured_media":8116,"comment_status":"closed","ping_status":"closed","sticky":false,"template":"","format":"standard","meta":{"_et_pb_use_builder":"","_et_pb_old_content":"","_et_gb_content_width":"","footnotes":"","_links_to":"","_links_to_target":""},"categories":[6,39,7,38,86,27],"tags":[],"class_list":["post-8115","post","type-post","status-publish","format-standard","has-post-thumbnail","hentry","category-a-afficher-sur-la-page-daccueil","category-actualites","category-afficher-sur-slider","category-articles-les-plus-lus","category-club-presse","category-infoculture"],"_links":{"self":[{"href":"https:\/\/etab.ac-reunion.fr\/lyc-bel-air\/wp-json\/wp\/v2\/posts\/8115","targetHints":{"allow":["GET"]}}],"collection":[{"href":"https:\/\/etab.ac-reunion.fr\/lyc-bel-air\/wp-json\/wp\/v2\/posts"}],"about":[{"href":"https:\/\/etab.ac-reunion.fr\/lyc-bel-air\/wp-json\/wp\/v2\/types\/post"}],"author":[{"embeddable":true,"href":"https:\/\/etab.ac-reunion.fr\/lyc-bel-air\/wp-json\/wp\/v2\/users\/5029"}],"replies":[{"embeddable":true,"href":"https:\/\/etab.ac-reunion.fr\/lyc-bel-air\/wp-json\/wp\/v2\/comments?post=8115"}],"version-history":[{"count":1,"href":"https:\/\/etab.ac-reunion.fr\/lyc-bel-air\/wp-json\/wp\/v2\/posts\/8115\/revisions"}],"predecessor-version":[{"id":8117,"href":"https:\/\/etab.ac-reunion.fr\/lyc-bel-air\/wp-json\/wp\/v2\/posts\/8115\/revisions\/8117"}],"wp:featuredmedia":[{"embeddable":true,"href":"https:\/\/etab.ac-reunion.fr\/lyc-bel-air\/wp-json\/wp\/v2\/media\/8116"}],"wp:attachment":[{"href":"https:\/\/etab.ac-reunion.fr\/lyc-bel-air\/wp-json\/wp\/v2\/media?parent=8115"}],"wp:term":[{"taxonomy":"category","embeddable":true,"href":"https:\/\/etab.ac-reunion.fr\/lyc-bel-air\/wp-json\/wp\/v2\/categories?post=8115"},{"taxonomy":"post_tag","embeddable":true,"href":"https:\/\/etab.ac-reunion.fr\/lyc-bel-air\/wp-json\/wp\/v2\/tags?post=8115"}],"curies":[{"name":"wp","href":"https:\/\/api.w.org\/{rel}","templated":true}]}}