{"id":4302,"date":"2021-06-02T11:10:59","date_gmt":"2021-06-02T07:10:59","guid":{"rendered":"http:\/\/lycee-bellepierre.ac-reunion.fr\/?p=4302"},"modified":"2023-03-15T16:07:26","modified_gmt":"2023-03-15T12:07:26","slug":"madiba-zenani-avec-le-teat-lakour","status":"publish","type":"post","link":"https:\/\/etab.ac-reunion.fr\/lyc-bellepierre\/madiba-zenani-avec-le-teat-lakour\/","title":{"rendered":"MADIBA \/ ZENANI"},"content":{"rendered":"\n<div style=\"height:25px\" aria-hidden=\"true\" class=\"wp-block-spacer\"><\/div>\n\n\n\n<hr class=\"wp-block-separator is-style-wide\" \/>\n\n\n\n<div style=\"height:25px\" aria-hidden=\"true\" class=\"wp-block-spacer\"><\/div>\n\n\n\n<p class=\"has-medium-font-size\"><strong>T\u00e9at Lakour<\/strong> nous a fait l&rsquo;honneur de venir jouer <strong>Madiba\/Zenani<\/strong> <strong>mardi 01 juin 2021<\/strong> au lyc\u00e9e Bellepierre.<\/p>\n\n\n\n<p class=\"has-medium-font-size\">Des \u00e9l\u00e8ves de Mme LANTIN des classes de<strong> Premi\u00e8re IAO<\/strong>, <strong>Terminale europ\u00e9enne DNL<\/strong> <strong>anglais et de Terminale Sp\u00e9cialit\u00e9 LLCE anglais<\/strong> ont pu assister \u00e0 un spectacle tr\u00e8s \u00e9mouvant mis en sc\u00e8ne par <strong>Jocelyne Lavielle<\/strong>.<\/p>\n\n\n\n<blockquote class=\"wp-block-quote is-layout-flow wp-block-quote-is-layout-flow\"><p><strong>\u00ab\u00a0Dans ce face-\u00e0-face post-mortem, Jocelyne Lavielle convoque Nelson Mandela, disparu en 2013, et son arri\u00e8re-petite-fille, d\u00e9c\u00e9d\u00e9e dans un accident de la route en 2010 \u00e0 l\u2019\u00e2ge de 13 ans. Comment \u00e9viter la haine et le d\u00e9sir de vengeance apr\u00e8s l\u2019apartheid\u2009? Les deux voix se r\u00e9pondent, deux voies pour acc\u00e9der \u00e0 la libert\u00e9 et \u00e0 l\u2019\u00e9galit\u00e9. Celle de Madiba, la voix de la sagesse et du dialogue constructif\u2009; et celle de Zenani, la voix de la jeunesse radicale et en col\u00e8re, reprochant \u00e0 son a\u00efeul les concessions et la r\u00e9conciliation avec l\u2019oppresseur.\u00a0Dans ce dialogue fictif entre g\u00e9n\u00e9rations, \u00c9rick Isana tient le r\u00f4le dans lequel la metteuse en sc\u00e8ne l\u2019imaginait depuis vingt ans, et Ke\u00efla Madi interpr\u00e8te son premier r\u00f4le professionnel avec une sensibilit\u00e9 et une maturit\u00e9 confondantes. Les deux com\u00e9diens nous rappellent l\u2019Histoire r\u00e9cente d\u2019un peuple voisin, comme un \u00e9cho de notre temps.\u00a0\u00bb<\/strong><\/p><cite><strong>Publication de Th\u00e9\u00e2tre sous les arbres<\/strong><\/cite><\/blockquote>\n\n\n\n<p class=\"has-medium-font-size\">L&rsquo;intensit\u00e9 des \u00e9changes entre Madiba et son arri\u00e8re petite fille, ponctu\u00e9s d&rsquo;une chanson compos\u00e9e par <strong>Davy Sicard<\/strong>, a beaucoup \u00e9mu le public.<\/p>\n\n\n\n<p class=\"has-medium-font-size\">Le spectacle a \u00e9t\u00e9 tr\u00e8s appr\u00e9ci\u00e9 pour l&rsquo;apport de connaissances au sujet de <strong>l&rsquo;apartheid <\/strong>en <strong>Afrique du Sud <\/strong>et pour la force qui s&rsquo;est d\u00e9gag\u00e9e de l&rsquo;interpr\u00e9tation. La repr\u00e9sentation a \u00e9t\u00e9 suivie d&rsquo;un \u00e9change entre le public, la metteuse en sc\u00e8ne et les com\u00e9diens.<\/p>\n\n\n\n<p class=\"has-medium-font-size\">Nous remercions <strong>T\u00e9at Lakour <\/strong>pour la qualit\u00e9 du spectacle et de ses \u00e9changes avec les lyc\u00e9ens, ces derniers pour la qualit\u00e9 de leur \u00e9coute ainsi que Mme Lantin, professeure d&rsquo;anglais, pour l&rsquo;organisation de cet \u00e9v\u00e9nement.<\/p>\n\n\n\n<div style=\"height:25px\" aria-hidden=\"true\" class=\"wp-block-spacer\"><\/div>\n\n\n\n<div class=\"wp-block-image is-style-default\"><figure class=\"aligncenter size-large\"><img loading=\"lazy\" decoding=\"async\" width=\"434\" height=\"252\" src=\"https:\/\/etab.ac-reunion.fr\/lyc-bellepierre\/wp-content\/uploads\/sites\/78\/2021\/06\/Amdiba-Zenani.png\" alt=\"\" class=\"wp-image-4306\" srcset=\"https:\/\/etab.ac-reunion.fr\/lyc-bellepierre\/wp-content\/uploads\/sites\/78\/2021\/06\/Amdiba-Zenani.png 434w, https:\/\/etab.ac-reunion.fr\/lyc-bellepierre\/wp-content\/uploads\/sites\/78\/2021\/06\/Amdiba-Zenani-95x54.png 95w\" sizes=\"auto, (max-width: 434px) 100vw, 434px\" \/><\/figure><\/div>\n\n\n\n<p><\/p>\n<!-- AddThis Advanced Settings generic via filter on the_content --><!-- AddThis Share Buttons generic via filter on the_content -->","protected":false},"excerpt":{"rendered":"<p>T\u00e9at Lakour nous a fait l&rsquo;honneur de venir jouer Madiba\/Zenani mardi 01 juin 2021 au lyc\u00e9e Bellepierre. Des \u00e9l\u00e8ves de Mme LANTIN des classes de Premi\u00e8re IAO, Terminale europ\u00e9enne DNL anglais et de Terminale Sp\u00e9cialit\u00e9 LLCE anglais ont pu assister \u00e0 un spectacle tr\u00e8s \u00e9mouvant mis en sc\u00e8ne par Jocelyne Lavielle. \u00ab\u00a0Dans ce face-\u00e0-face post-mortem, [&hellip;]<!-- AddThis Advanced Settings generic via filter on get_the_excerpt --><!-- AddThis Share Buttons generic via filter on get_the_excerpt --><\/p>\n","protected":false},"author":19703,"featured_media":4306,"comment_status":"closed","ping_status":"closed","sticky":false,"template":"","format":"standard","meta":{"footnotes":""},"categories":[53,8],"tags":[41],"class_list":["post-4302","post","type-post","status-publish","format-standard","has-post-thumbnail","hentry","category-llcer-anglais","category-vie-au-lycee","tag-llce-anglais"],"_links":{"self":[{"href":"https:\/\/etab.ac-reunion.fr\/lyc-bellepierre\/wp-json\/wp\/v2\/posts\/4302","targetHints":{"allow":["GET"]}}],"collection":[{"href":"https:\/\/etab.ac-reunion.fr\/lyc-bellepierre\/wp-json\/wp\/v2\/posts"}],"about":[{"href":"https:\/\/etab.ac-reunion.fr\/lyc-bellepierre\/wp-json\/wp\/v2\/types\/post"}],"author":[{"embeddable":true,"href":"https:\/\/etab.ac-reunion.fr\/lyc-bellepierre\/wp-json\/wp\/v2\/users\/19703"}],"replies":[{"embeddable":true,"href":"https:\/\/etab.ac-reunion.fr\/lyc-bellepierre\/wp-json\/wp\/v2\/comments?post=4302"}],"version-history":[{"count":7,"href":"https:\/\/etab.ac-reunion.fr\/lyc-bellepierre\/wp-json\/wp\/v2\/posts\/4302\/revisions"}],"predecessor-version":[{"id":4311,"href":"https:\/\/etab.ac-reunion.fr\/lyc-bellepierre\/wp-json\/wp\/v2\/posts\/4302\/revisions\/4311"}],"wp:featuredmedia":[{"embeddable":true,"href":"https:\/\/etab.ac-reunion.fr\/lyc-bellepierre\/wp-json\/wp\/v2\/media\/4306"}],"wp:attachment":[{"href":"https:\/\/etab.ac-reunion.fr\/lyc-bellepierre\/wp-json\/wp\/v2\/media?parent=4302"}],"wp:term":[{"taxonomy":"category","embeddable":true,"href":"https:\/\/etab.ac-reunion.fr\/lyc-bellepierre\/wp-json\/wp\/v2\/categories?post=4302"},{"taxonomy":"post_tag","embeddable":true,"href":"https:\/\/etab.ac-reunion.fr\/lyc-bellepierre\/wp-json\/wp\/v2\/tags?post=4302"}],"curies":[{"name":"wp","href":"https:\/\/api.w.org\/{rel}","templated":true}]}}