{"id":10152,"date":"2021-12-16T13:36:53","date_gmt":"2021-12-16T12:36:53","guid":{"rendered":"http:\/\/lycee-bois-d-olive.ac-reunion.fr\/?p=10152"},"modified":"2021-12-16T15:51:21","modified_gmt":"2021-12-16T14:51:21","slug":"des-v-i-p-au-sakifo-edition-2021","status":"publish","type":"post","link":"https:\/\/etab.ac-reunion.fr\/lyc-bois-d-olive\/des-v-i-p-au-sakifo-edition-2021\/","title":{"rendered":"Des V.I.P. au SAKIFO \u00e9dition 2021"},"content":{"rendered":"<blockquote><p>Les \u00e9l\u00e8ves de la 1G7 ont eu la chance d\u2019assister au premier concert du SAKIFO, le vendredi 10 d\u00e9cembre 2021. L\u2019artiste \u00e0 d\u00e9couvrir est Sofiane SAIDI surnomm\u00e9 le Prince du Ra\u00ef.<\/p><\/blockquote>\n<p><!--more--><\/p>\n<p>Originaire d\u2019Alg\u00e9rie, Sofiane SAIDI nous a embarqu\u00e9s pendant une heure de concert en Orient. En nous proposant de belles passerelles entre ses racines orientales et du groove, le voyage a \u00e9t\u00e9 formidable !<\/p>\n<p>Ressentis des \u00e9l\u00e8ves :<\/p>\n<ul>\n<li>\u00ab <em>Je connaissais la musique Ra\u00ef mais pas sous cette forme \u00e9lectronique. J\u2019ai aim\u00e9 ce son, \u00e7a change de mes habitudes musicales.<\/em> \u00bb<\/li>\n<li>\u00ab <em>Nous avons appris un mot en arabe : GEMIL !!! La R\u00e9union est GEMIL et on peut aussi le dire pour la musique Ra\u00ef.<\/em> \u00bb<\/li>\n<li>\u00ab <em>C\u2019\u00e9tait la premi\u00e8re que je participais au SAKIFO. J\u2019adore cette ambiance de festival, en plus sur la plage de Saint-Pierre.<\/em><span style=\"font-family: 'Yanone Kaffeesatz Light'\"> \u00bb<\/span><\/li>\n<li>\u00ab <em>Nous avons \u00e9t\u00e9 autoris\u00e9s \u00e0 nous photographier avec l\u2019artiste : g\u00e9n\u00e9reux et tr\u00e8s dynamique. En un mot : Inoubliable !<\/em><span style=\"font-family: 'Yanone Kaffeesatz Light'\"> \u00bb<\/span><\/li>\n<\/ul>\n<p><a href=\"https:\/\/etab.ac-reunion.fr\/lyc-bois-d-olive\/wp-content\/uploads\/sites\/147\/2021\/12\/Photo-montage-1.jpg\"><img loading=\"lazy\" decoding=\"async\" class=\"aligncenter size-medium wp-image-10164\" src=\"https:\/\/etab.ac-reunion.fr\/lyc-bois-d-olive\/wp-content\/uploads\/sites\/147\/2021\/12\/Photo-montage-1-300x241.jpg\" alt=\"\" width=\"300\" height=\"241\" srcset=\"https:\/\/etab.ac-reunion.fr\/lyc-bois-d-olive\/wp-content\/uploads\/sites\/147\/2021\/12\/Photo-montage-1-300x241.jpg 300w, https:\/\/etab.ac-reunion.fr\/lyc-bois-d-olive\/wp-content\/uploads\/sites\/147\/2021\/12\/Photo-montage-1-150x120.jpg 150w, https:\/\/etab.ac-reunion.fr\/lyc-bois-d-olive\/wp-content\/uploads\/sites\/147\/2021\/12\/Photo-montage-1.jpg 542w\" sizes=\"auto, (max-width: 300px) 100vw, 300px\" \/><\/a><\/p>\n<p>Un grand merci \u00e0 tous dans la r\u00e9ussite de cette sortie p\u00e9dagogique :<\/p>\n<p>&#8211; Lyc\u00e9e de Bois d\u2019Olive : la direction, la gestion et la vie scolaire, notamment \u00e0 Monsieur BOYER, CPE des 1\u00e8res et l&rsquo;AED r\u00e9f\u00e9rente de la 1G7, Lucile BONNEAU.<\/p>\n<p>&#8211; L\u2019\u00e9quipe du SAKIFO : L\u00e9a MAZZEGA et David GABRIEL-ROBEZ.<\/p>\n<p><strong>Article r\u00e9dig\u00e9 par Mme MELCHIOR, R\u00e9f\u00e9rent Culture avec la collaboration des \u00e9l\u00e8ves de la 1G7.<\/strong><\/p>\n","protected":false},"excerpt":{"rendered":"<p>Les \u00e9l\u00e8ves de la 1G7 ont eu la chance d\u2019assister au premier concert du SAKIFO, le vendredi 10 d\u00e9cembre 2021.\u2026<\/p>\n<p class=\"continue-reading-button\"> <a class=\"continue-reading-link\" href=\"https:\/\/etab.ac-reunion.fr\/lyc-bois-d-olive\/des-v-i-p-au-sakifo-edition-2021\/\">Lire la suite<i class=\"crycon-right-dir\"><\/i><\/a><\/p>\n","protected":false},"author":11582,"featured_media":10160,"comment_status":"closed","ping_status":"closed","sticky":false,"template":"","format":"standard","meta":{"footnotes":""},"categories":[6,142],"tags":[],"class_list":["post-10152","post","type-post","status-publish","format-standard","has-post-thumbnail","hentry","category-actions-et-projets","category-volet-culturel"],"_links":{"self":[{"href":"https:\/\/etab.ac-reunion.fr\/lyc-bois-d-olive\/wp-json\/wp\/v2\/posts\/10152","targetHints":{"allow":["GET"]}}],"collection":[{"href":"https:\/\/etab.ac-reunion.fr\/lyc-bois-d-olive\/wp-json\/wp\/v2\/posts"}],"about":[{"href":"https:\/\/etab.ac-reunion.fr\/lyc-bois-d-olive\/wp-json\/wp\/v2\/types\/post"}],"author":[{"embeddable":true,"href":"https:\/\/etab.ac-reunion.fr\/lyc-bois-d-olive\/wp-json\/wp\/v2\/users\/11582"}],"replies":[{"embeddable":true,"href":"https:\/\/etab.ac-reunion.fr\/lyc-bois-d-olive\/wp-json\/wp\/v2\/comments?post=10152"}],"version-history":[{"count":11,"href":"https:\/\/etab.ac-reunion.fr\/lyc-bois-d-olive\/wp-json\/wp\/v2\/posts\/10152\/revisions"}],"predecessor-version":[{"id":10166,"href":"https:\/\/etab.ac-reunion.fr\/lyc-bois-d-olive\/wp-json\/wp\/v2\/posts\/10152\/revisions\/10166"}],"wp:featuredmedia":[{"embeddable":true,"href":"https:\/\/etab.ac-reunion.fr\/lyc-bois-d-olive\/wp-json\/wp\/v2\/media\/10160"}],"wp:attachment":[{"href":"https:\/\/etab.ac-reunion.fr\/lyc-bois-d-olive\/wp-json\/wp\/v2\/media?parent=10152"}],"wp:term":[{"taxonomy":"category","embeddable":true,"href":"https:\/\/etab.ac-reunion.fr\/lyc-bois-d-olive\/wp-json\/wp\/v2\/categories?post=10152"},{"taxonomy":"post_tag","embeddable":true,"href":"https:\/\/etab.ac-reunion.fr\/lyc-bois-d-olive\/wp-json\/wp\/v2\/tags?post=10152"}],"curies":[{"name":"wp","href":"https:\/\/api.w.org\/{rel}","templated":true}]}}