{"id":10205,"date":"2022-01-24T07:14:00","date_gmt":"2022-01-24T06:14:00","guid":{"rendered":"http:\/\/lycee-bois-d-olive.ac-reunion.fr\/?p=10205"},"modified":"2022-01-24T07:43:30","modified_gmt":"2022-01-24T06:43:30","slug":"que-se-passe-t-il-eleve-contact-risque","status":"publish","type":"post","link":"https:\/\/etab.ac-reunion.fr\/lyc-bois-d-olive\/que-se-passe-t-il-eleve-contact-risque\/","title":{"rendered":"Covid-19: Que se passe-t-il si un \u00e9l\u00e8ve est en contact \u00e0 risque ?"},"content":{"rendered":"<blockquote><p>Que se passe-t-il si un \u00e9l\u00e8ve est en contact \u00e0 risque avec un \u00e9l\u00e8ve malade du Covid-19 ? En fonction du profil de l&rsquo;\u00e9l\u00e8ve, voil\u00e0 les d\u00e9marches \u00e0 suivre.<\/p><\/blockquote>\n<p><!--more--><br \/>\n<a href=\"https:\/\/etab.ac-reunion.fr\/lyc-bois-d-olive\/wp-content\/uploads\/sites\/147\/2022\/01\/coll-ge-lyc-e-que-se-passe-t-il-si-un-l-ve-est-en-contact-risque-avec-un-l-ve-malade-de-la-covid-19-97819.pdf\" class=\"pdfemb-viewer\" style=\"\" data-width=\"max\" data-height=\"max\" data-toolbar=\"bottom\" data-toolbar-fixed=\"off\">coll-ge-lyc-e-que-se-passe-t-il-si-un-l-ve-est-en-contact-risque-avec-un-l-ve-malade-de-la-covid-19-97819<\/a>\n","protected":false},"excerpt":{"rendered":"<p>Que se passe-t-il si un \u00e9l\u00e8ve est en contact \u00e0 risque avec un \u00e9l\u00e8ve malade du Covid-19 ? En fonction\u2026<\/p>\n<p class=\"continue-reading-button\"> <a class=\"continue-reading-link\" href=\"https:\/\/etab.ac-reunion.fr\/lyc-bois-d-olive\/que-se-passe-t-il-eleve-contact-risque\/\">Lire la suite<i class=\"crycon-right-dir\"><\/i><\/a><\/p>\n","protected":false},"author":27589,"featured_media":10204,"comment_status":"closed","ping_status":"closed","sticky":false,"template":"","format":"standard","meta":{"footnotes":""},"categories":[112,111,108,115],"tags":[],"class_list":["post-10205","post","type-post","status-publish","format-standard","has-post-thumbnail","hentry","category-continuite-pedagogique","category-coronavirus-continuite-pedagogique","category-infos-parents-et-eleves","category-les-mesures-de-precautions"],"_links":{"self":[{"href":"https:\/\/etab.ac-reunion.fr\/lyc-bois-d-olive\/wp-json\/wp\/v2\/posts\/10205","targetHints":{"allow":["GET"]}}],"collection":[{"href":"https:\/\/etab.ac-reunion.fr\/lyc-bois-d-olive\/wp-json\/wp\/v2\/posts"}],"about":[{"href":"https:\/\/etab.ac-reunion.fr\/lyc-bois-d-olive\/wp-json\/wp\/v2\/types\/post"}],"author":[{"embeddable":true,"href":"https:\/\/etab.ac-reunion.fr\/lyc-bois-d-olive\/wp-json\/wp\/v2\/users\/27589"}],"replies":[{"embeddable":true,"href":"https:\/\/etab.ac-reunion.fr\/lyc-bois-d-olive\/wp-json\/wp\/v2\/comments?post=10205"}],"version-history":[{"count":3,"href":"https:\/\/etab.ac-reunion.fr\/lyc-bois-d-olive\/wp-json\/wp\/v2\/posts\/10205\/revisions"}],"predecessor-version":[{"id":10215,"href":"https:\/\/etab.ac-reunion.fr\/lyc-bois-d-olive\/wp-json\/wp\/v2\/posts\/10205\/revisions\/10215"}],"wp:featuredmedia":[{"embeddable":true,"href":"https:\/\/etab.ac-reunion.fr\/lyc-bois-d-olive\/wp-json\/wp\/v2\/media\/10204"}],"wp:attachment":[{"href":"https:\/\/etab.ac-reunion.fr\/lyc-bois-d-olive\/wp-json\/wp\/v2\/media?parent=10205"}],"wp:term":[{"taxonomy":"category","embeddable":true,"href":"https:\/\/etab.ac-reunion.fr\/lyc-bois-d-olive\/wp-json\/wp\/v2\/categories?post=10205"},{"taxonomy":"post_tag","embeddable":true,"href":"https:\/\/etab.ac-reunion.fr\/lyc-bois-d-olive\/wp-json\/wp\/v2\/tags?post=10205"}],"curies":[{"name":"wp","href":"https:\/\/api.w.org\/{rel}","templated":true}]}}