{"id":11137,"date":"2022-06-29T14:13:54","date_gmt":"2022-06-29T13:13:54","guid":{"rendered":"http:\/\/lycee-bois-d-olive.ac-reunion.fr\/?p=11137"},"modified":"2022-06-29T14:13:54","modified_gmt":"2022-06-29T13:13:54","slug":"nos-jeunes-ont-du-talent","status":"publish","type":"post","link":"https:\/\/etab.ac-reunion.fr\/lyc-bois-d-olive\/nos-jeunes-ont-du-talent\/","title":{"rendered":"Nos jeunes ont du talent !"},"content":{"rendered":"<blockquote><p>Sinc\u00e8res f\u00e9licitations \u00e0 <strong>Marie Robert <\/strong>et \u00e0 <strong>Pierre T\u00e9cher<\/strong>, \u00e9l\u00e8ves de Terminale 1 pour leur r\u00e9ussite au concours \u00ab Plaisir d\u2019\u00e9crire \u00bb initi\u00e9 par l\u2019Association des Membres de l\u2019Ordre des Palmes Acad\u00e9miques (AMOPA) soutenu par l\u2019Acad\u00e9mie de La R\u00e9union, plus particuli\u00e8rement par la D\u00e9l\u00e9gation Acad\u00e9mique \u00e0 l\u2019Education Artistique et \u00e0 l\u2019Action Culturelle (DAAC).<\/p><\/blockquote>\n<p><!--more--><\/p>\n<p><strong>Pierre T\u00e9cher<\/strong>\u00a0: 2<sup>nd<\/sup> prix acad\u00e9mique Jeune po\u00e9sie &amp; 1<sup>er<\/sup> prix national<\/p>\n<p style=\"text-align: center\"><strong>L\u2019ombre du Temps<\/strong><\/p>\n<p style=\"text-align: center\">Si le temps est avide, le mien est une ombre<\/p>\n<p style=\"text-align: center\">Qui se cache loin, tr\u00e8s loin dans la p\u00e9nombre<\/p>\n<p style=\"text-align: center\">Je scrute le firmament comme s\u2019il \u00e9tait le mien<\/p>\n<p style=\"text-align: center\">Comme s\u2019il m\u2019\u00e9coutait, indiff\u00e9remment chaque matin<\/p>\n<p style=\"text-align: center\">Les \u00e9toiles me parlent et murmurent des maux<\/p>\n<p style=\"text-align: center\">Encore et toujours je me souviens de leurs d\u00e9fauts<\/p>\n<p style=\"text-align: center\">Si fr\u00eales, si fi\u00e8res, elles restent honteusement vers le haut<\/p>\n<p style=\"text-align: center\">Et je n&rsquo;attends que leur temps pour crier vers le bas<\/p>\n<p style=\"text-align: center\">Fa\u00eetes pri\u00e8res et laissez-vous porter jusqu&rsquo;\u00e0 moi<\/p>\n<p style=\"text-align: center\">Une lumi\u00e8re si vive, votre clart\u00e9 m&rsquo;\u00e9blouira<\/p>\n<p style=\"text-align: center\">Je ne suis pas, n\u2019\u00e9tait rien et ne sera plus<\/p>\n<p style=\"text-align: center\">On m&rsquo;a tant scrut\u00e9 autrefois avant que je ne mue<\/p>\n<p style=\"text-align: center\">Descendre si bas pour perdre toute identit\u00e9<\/p>\n<p style=\"text-align: center\">Vous descendrez un jour et tomberez dans la mortalit\u00e9<\/p>\n<p style=\"text-align: center\">Il ne me reste cependant plus beaucoup de temps<\/p>\n<p style=\"text-align: center\">Et je reste seul, pointant vers mon ombre votre ironie<\/p>\n<p style=\"text-align: center\">Tandis que ma lumi\u00e8re simplement s\u2019\u00e9teignit<\/p>\n<p style=\"text-align: center\">Dans la p\u00e9nombre de vos d\u00e9funts pr\u00e9sents.<\/p>\n<p><strong>Marie Robert\u00a0<\/strong>: 1<sup>er<\/sup> prix acad\u00e9mique Jeune po\u00e9sie<\/p>\n<p style=\"text-align: center\"><strong>Sablier rompu<\/strong><\/p>\n<p style=\"text-align: center\">Gr\u00e2ce absolue<\/p>\n<p style=\"text-align: center\">Temps interrompu<\/p>\n<p style=\"text-align: center\">Retenir sa pens\u00e9e<\/p>\n<p style=\"text-align: center\">Instants parfum\u00e9s<\/p>\n<p>&nbsp;<\/p>\n<p style=\"text-align: center\">Sans un bruit<\/p>\n<p style=\"text-align: center\">Rejet puis amis<\/p>\n<p style=\"text-align: center\">Ricochets dans le silence<\/p>\n<p style=\"text-align: center\">N&rsquo;exister qu\u2019apr\u00e8s l&rsquo;absence<\/p>\n<p>&nbsp;<\/p>\n<p style=\"text-align: center\">Sauts embrum\u00e9s<\/p>\n<p style=\"text-align: center\">R\u00e9ception chuchot\u00e9e<\/p>\n<p style=\"text-align: center\">D\u00e9licate insolence<\/p>\n<p style=\"text-align: center\">Danse dans l\u2019errance.<\/p>\n<p><strong>Rappelons-nous aussi des \u00e9l\u00e8ves prim\u00e9s lors de l\u2019\u00e9dition 2021 pour leur 1<sup>er<\/sup> prix Jeune po\u00e9sie\u00a0:<\/strong><\/p>\n<p><strong>Marie Robert<\/strong><\/p>\n<p style=\"text-align: center\"><strong>L\u2019ouvrier<\/strong><\/p>\n<p style=\"text-align: center\">Je suis ouvrier.<\/p>\n<p style=\"text-align: center\">Je travaille au sommet.<\/p>\n<p style=\"text-align: center\">\u2018Haut les tours, hein<\/p>\n<p style=\"text-align: center\">J\u2019suis pas le patron, min<\/p>\n<p>&nbsp;<\/p>\n<p style=\"text-align: center\">Jour apr\u00e8s jour,<\/p>\n<p style=\"text-align: center\">Je tape sur des clous<\/p>\n<p style=\"text-align: center\">Mon marteau et moi\u2026<\/p>\n<p style=\"text-align: center\">Pote pour la vie, quoi\u00a0!<\/p>\n<p>&nbsp;<\/p>\n<p style=\"text-align: center\">Les grues montent les barres en acier<\/p>\n<p style=\"text-align: center\">Et r\u2019partent alourdies des r\u00eaves bris\u00e9s<\/p>\n<p style=\"text-align: center\">Quand il faut cro\u00fbter, j\u2019bouffe mon plat<\/p>\n<p style=\"text-align: center\">Pr\u00e9par\u00e9 par ma femme Lana.<\/p>\n<p>&nbsp;<\/p>\n<p style=\"text-align: center\">J\u2019ai deux gosses \u00e0 nourrir<\/p>\n<p style=\"text-align: center\">C\u2019est pas pour \u00e7a que je \u2019suis l\u00e0 \u00e0 frire<\/p>\n<p style=\"text-align: center\">Faut dire qu\u2019fait chaud \u00e0 midi<\/p>\n<p style=\"text-align: center\">Mais qu\u2019on g\u00e8le dans la nuit<\/p>\n<p>&nbsp;<\/p>\n<p style=\"text-align: center\">J\u2019suis un pauvre gueux<\/p>\n<p style=\"text-align: center\">Et s\u2019suis pas m\u00eame pas vieux<\/p>\n<p style=\"text-align: center\">J\u2019construis des h\u00f4tels de riches<\/p>\n<p style=\"text-align: center\">Et eux savent m\u00eame pas que j\u2019existe.<\/p>\n<p>&nbsp;<\/p>\n<p style=\"text-align: center\">J\u2019suis fatigu\u00e9, m\u00eame fort,<\/p>\n<p style=\"text-align: center\">Lana me voit pas, m\u2019aime-t-elle encore\u00a0?<\/p>\n<p style=\"text-align: center\">Un clou mal enfonc\u00e9 et je glisse<\/p>\n<p style=\"text-align: center\">J\u2019me rattrape, \u2018une main, la poulie<\/p>\n<p>&nbsp;<\/p>\n<p style=\"text-align: center\">Mon poids fait pencher la nacelle<\/p>\n<p style=\"text-align: center\">Tombent vers moi, ces putains de caisses<\/p>\n<p style=\"text-align: center\">M\u2018\u00e9crasent les doigts<\/p>\n<p style=\"text-align: center\">J\u2019suis trop lourd, y s\u2019arrachent<\/p>\n<p>&nbsp;<\/p>\n<p style=\"text-align: center\">J\u2019tombe, la ville est belle<\/p>\n<p style=\"text-align: center\">J\u2019pleure des larmes, j\u2019regrette<\/p>\n<p style=\"text-align: center\">J\u2019aurais d\u00fb vivre ma vie \u00e0 moi<\/p>\n<p style=\"text-align: center\">Et montrer mon amour \u00e0 Lana.<\/p>\n<p>&nbsp;<\/p>\n<p style=\"text-align: center\">Le soleil se l\u00e8ve et la ville prend feu<\/p>\n<p style=\"text-align: center\">Elle m\u2019aime, elle me veut<\/p>\n<p style=\"text-align: center\">Comment pareille offre puis-je refuser\u00a0?<\/p>\n<p style=\"text-align: center\">C\u2019est une dame qui veut son jouet.<\/p>\n<p>&nbsp;<\/p>\n<p style=\"text-align: center\">Le sol para\u00eet dur quand on l\u2019\u00e9crase sous nos pieds<\/p>\n<p style=\"text-align: center\">Mais pour moi, c\u2019est le plus doux des oreillers<\/p>\n<p style=\"text-align: center\">Lana, mes enfants, Au-revoir<\/p>\n<p style=\"text-align: center\">Ma ville me para\u00eet miroir.<\/p>\n<p style=\"text-align: center\">Je m\u2019y suis enfin reconnu<\/p>\n<p style=\"text-align: center\">J\u2019entends mon marteau<\/p>\n<p style=\"text-align: center\">Dans la main d\u2019un autre.<\/p>\n<p style=\"text-align: center\">Richesses perdues,<\/p>\n<p style=\"text-align: center\">J\u2019veux vous le dire, que j\u2019vous aimais<\/p>\n<p style=\"text-align: center\">Un bruit me coupe, ma bo\u00eete \u00e0 go\u00fbter.<\/p>\n<p><strong>Mathilde Tholozan-Hugon\u00a0<\/strong><\/p>\n<p><strong>Envol\u00e9e<\/strong><\/p>\n<p>Une jeune fille vagabonde, balay\u00e9e par les vents<\/p>\n<p>S\u2019\u00e9chappant de la terre ferme, de son ancrage, pour prendre les devants,<\/p>\n<p>Seule son envie de s\u2019\u00e9vader du droit chemin lui fait renoncer \u00e0 se retourner,<\/p>\n<p>Virevolter, s\u2019envoler, s\u2019enfuir libre et tout abandonner, tout balancer.<\/p>\n<p>&nbsp;<\/p>\n<p>En solitaire ou accompagn\u00e9e, \u00e0 l\u2019oreille, le vent lui murmura<\/p>\n<p>Fl\u00e2nant entre les nuages, sur les montagnes ou au creux des vall\u00e9es,<\/p>\n<p>Le monde s\u2019offre \u00e0 elle et dans ses bras elle s\u2019est jet\u00e9e.<\/p>\n<p>Vivre est la seule chose qui lui importe et, pour cela elle s\u2019enfuira.<\/p>\n<p>&nbsp;<\/p>\n<p>Mais un jour, le temps devient plus violent.<\/p>\n<p>Une jeune fille vagabonde tortur\u00e9e par les vents,<\/p>\n<p>Balad\u00e9e, remu\u00e9e, secou\u00e9e de tous les c\u00f4t\u00e9s,<\/p>\n<p>&nbsp;<\/p>\n<p>Echou\u00e9e, la jeune fille s\u2019est fan\u00e9e,<\/p>\n<p>Mais l\u2019automne n\u2019est-elle pas la plus belle saison\u00a0?<\/p>\n<p>Un jour nouveau, la jeune fille rena\u00eetra, avec passion.<\/p>\n<p>&nbsp;<\/p>\n<p>La po\u00e9sie demeure une expression artistique qui traverse le temps et r\u00e9v\u00e8le sous diff\u00e9rentes formes la diversit\u00e9 et la richesse de l\u2019Humain.<\/p>\n<p><strong>Un grand bravo \u00e0 nos \u00e9l\u00e8ves ! Rendez-vous est d\u2019ores et d\u00e9j\u00e0 pris pour l\u2019an prochain&#8230; <\/strong><strong>A vos claviers, pr\u00eat, pr\u00e9parez\u00a0!<\/strong><\/p>\n<p><strong>Article r\u00e9dig\u00e9 par Manuella Melchior, R\u00e9f\u00e9rent Culture.<\/strong><\/p>\n<p>&nbsp;<\/p>\n","protected":false},"excerpt":{"rendered":"<p>Sinc\u00e8res f\u00e9licitations \u00e0 Marie Robert et \u00e0 Pierre T\u00e9cher, \u00e9l\u00e8ves de Terminale 1 pour leur r\u00e9ussite au concours \u00ab Plaisir\u2026<\/p>\n<p class=\"continue-reading-button\"> <a class=\"continue-reading-link\" href=\"https:\/\/etab.ac-reunion.fr\/lyc-bois-d-olive\/nos-jeunes-ont-du-talent\/\">Lire la suite<i class=\"crycon-right-dir\"><\/i><\/a><\/p>\n","protected":false},"author":11582,"featured_media":11145,"comment_status":"closed","ping_status":"closed","sticky":false,"template":"","format":"standard","meta":{"footnotes":""},"categories":[6],"tags":[],"class_list":["post-11137","post","type-post","status-publish","format-standard","has-post-thumbnail","hentry","category-actions-et-projets"],"_links":{"self":[{"href":"https:\/\/etab.ac-reunion.fr\/lyc-bois-d-olive\/wp-json\/wp\/v2\/posts\/11137","targetHints":{"allow":["GET"]}}],"collection":[{"href":"https:\/\/etab.ac-reunion.fr\/lyc-bois-d-olive\/wp-json\/wp\/v2\/posts"}],"about":[{"href":"https:\/\/etab.ac-reunion.fr\/lyc-bois-d-olive\/wp-json\/wp\/v2\/types\/post"}],"author":[{"embeddable":true,"href":"https:\/\/etab.ac-reunion.fr\/lyc-bois-d-olive\/wp-json\/wp\/v2\/users\/11582"}],"replies":[{"embeddable":true,"href":"https:\/\/etab.ac-reunion.fr\/lyc-bois-d-olive\/wp-json\/wp\/v2\/comments?post=11137"}],"version-history":[{"count":9,"href":"https:\/\/etab.ac-reunion.fr\/lyc-bois-d-olive\/wp-json\/wp\/v2\/posts\/11137\/revisions"}],"predecessor-version":[{"id":11147,"href":"https:\/\/etab.ac-reunion.fr\/lyc-bois-d-olive\/wp-json\/wp\/v2\/posts\/11137\/revisions\/11147"}],"wp:featuredmedia":[{"embeddable":true,"href":"https:\/\/etab.ac-reunion.fr\/lyc-bois-d-olive\/wp-json\/wp\/v2\/media\/11145"}],"wp:attachment":[{"href":"https:\/\/etab.ac-reunion.fr\/lyc-bois-d-olive\/wp-json\/wp\/v2\/media?parent=11137"}],"wp:term":[{"taxonomy":"category","embeddable":true,"href":"https:\/\/etab.ac-reunion.fr\/lyc-bois-d-olive\/wp-json\/wp\/v2\/categories?post=11137"},{"taxonomy":"post_tag","embeddable":true,"href":"https:\/\/etab.ac-reunion.fr\/lyc-bois-d-olive\/wp-json\/wp\/v2\/tags?post=11137"}],"curies":[{"name":"wp","href":"https:\/\/api.w.org\/{rel}","templated":true}]}}