{"id":11602,"date":"2022-11-14T16:58:02","date_gmt":"2022-11-14T15:58:02","guid":{"rendered":"https:\/\/etab.ac-reunion.fr\/lyc-bois-d-olive\/?p=11602"},"modified":"2022-11-16T12:12:46","modified_gmt":"2022-11-16T11:12:46","slug":"journee-de-cohesion-des-bts-fed","status":"publish","type":"post","link":"https:\/\/etab.ac-reunion.fr\/lyc-bois-d-olive\/journee-de-cohesion-des-bts-fed\/","title":{"rendered":"Journ\u00e9e de coh\u00e9sion des 1 BTS &amp; 2 BTS FED"},"content":{"rendered":"<blockquote><p>Le 3 novembre dernier, les 1\u00e8re et 2\u00e8me ann\u00e9es de BTS FED (Fluide Energie Domotique) ont visit\u00e9 des entreprises li\u00e9es \u00e0 leur sp\u00e9cialit\u00e9. Ils ont pu d\u00e9couvrir les installations du CHU Sud ainsi que l&rsquo;entreprise LM Pack qui fait du conditionnement de fruits et l\u00e9gumes. Le lendemain, c&rsquo;est \u00e0 Cilaos, qu&rsquo;ils se sont rendus pour cette fois-ci, une activit\u00e9 plus ludique.<\/p><\/blockquote>\n<p><!--more--><\/p>\n<p>Les \u00e9tudiants de 1\u00e8re et de 2\u00e8me ann\u00e9es se sont m\u00e9lang\u00e9s pour former deux groupes de visite. Un groupe s&rsquo;est rendu au CHU le matin pendant que l&rsquo;autre groupe \u00e9tait \u00e0 LM Pack puis, vice-versa l&rsquo;apr\u00e8s-midi.<\/p>\n<div class=\"su-custom-gallery su-custom-gallery-align-left su-custom-gallery-title-never su-lightbox-gallery\"><div class=\"su-custom-gallery-slide\" style=\"width:180px;height:140px\"><a href=\"https:\/\/etab.ac-reunion.fr\/lyc-bois-d-olive\/wp-content\/uploads\/sites\/147\/2022\/11\/IMG_4185-scaled-e1668440245677b.jpeg\" target=\"_blank\" title=\"\"><img loading=\"lazy\" decoding=\"async\" src=\"https:\/\/etab.ac-reunion.fr\/lyc-bois-d-olive\/wp-content\/uploads\/sites\/147\/2022\/11\/IMG_4185-scaled-e1668440245677b.jpeg\" alt=\"\" width=\"180\" height=\"140\" \/><\/a><\/div><div class=\"su-custom-gallery-slide\" style=\"width:180px;height:140px\"><a href=\"https:\/\/etab.ac-reunion.fr\/lyc-bois-d-olive\/wp-content\/uploads\/sites\/147\/2022\/11\/IMG-0148-e1668440446568.png\" target=\"_blank\" title=\"\"><img loading=\"lazy\" decoding=\"async\" src=\"https:\/\/etab.ac-reunion.fr\/lyc-bois-d-olive\/wp-content\/uploads\/sites\/147\/2022\/11\/IMG-0148-e1668440446568.png\" alt=\"\" width=\"180\" height=\"140\" \/><\/a><\/div><div class=\"su-clear\"><\/div><\/div>\n<p>Nous nous sommes ensuite rejoint sur le front de mer de Saint Pierre <span style=\"font-family: 'Yanone Kaffeesatz Light'\">pour la pause d\u00e9jeuner.<\/span><\/p>\n<p>Au CHU, M. VAYABOURI et M. PERRODIN nous ont fait visiter des installations techniques. Nous avons pu voir les chaudi\u00e8res, les sous-stations pour la production d&rsquo;eau glac\u00e9e et la production d&rsquo;eau chaude sanitaire ainsi qu&rsquo;une centrale de traitement d&rsquo;air.<\/p>\n<p>A LM Pack, M. ABDOU de la soci\u00e9t\u00e9 Cool Executive puis M. TURPIN de IVM Product nous ont montr\u00e9 des installations frigorifiques permettant le conditionnement des fruits et l\u00e9gumes tels que les oignons, les pommes de terre ou encore les agrumes. Nous avons pu voir que des chambres froides sont utilis\u00e9es avec des temp\u00e9ratures de conservation \u00e0 2\u00b0C, 6\u00b0C et -22\u00b0C.<\/p>\n<p>Le lendemain, nous avons pass\u00e9 un moment plus convivial \u00e0 Cilaos pour une partie d&rsquo;accrobranche. Ces deux journ\u00e9es de coh\u00e9sion ont pu renforcer les liens entre les \u00e9tudiants de 1\u00e8re et de 2\u00e8me ann\u00e9es.<\/p>\n<div class=\"su-custom-gallery su-custom-gallery-align-left su-custom-gallery-title-never su-lightbox-gallery\"><div class=\"su-custom-gallery-slide\" style=\"width:180px;height:140px\"><a href=\"https:\/\/etab.ac-reunion.fr\/lyc-bois-d-olive\/wp-content\/uploads\/sites\/147\/2022\/11\/IMG_4202-e1668440295966b.jpeg\" title=\"\"><img loading=\"lazy\" decoding=\"async\" src=\"https:\/\/etab.ac-reunion.fr\/lyc-bois-d-olive\/wp-content\/uploads\/sites\/147\/2022\/11\/IMG_4202-e1668440295966b.jpeg\" alt=\"\" width=\"180\" height=\"140\" \/><\/a><\/div><div class=\"su-custom-gallery-slide\" style=\"width:180px;height:140px\"><a href=\"https:\/\/etab.ac-reunion.fr\/lyc-bois-d-olive\/wp-content\/uploads\/sites\/147\/2022\/11\/IMG_4203-e1668440367845b.jpeg\" title=\"\"><img loading=\"lazy\" decoding=\"async\" src=\"https:\/\/etab.ac-reunion.fr\/lyc-bois-d-olive\/wp-content\/uploads\/sites\/147\/2022\/11\/IMG_4203-e1668440367845b.jpeg\" alt=\"\" width=\"180\" height=\"140\" \/><\/a><\/div><div class=\"su-clear\"><\/div><\/div>\n<p>&nbsp;<\/p>\n","protected":false},"excerpt":{"rendered":"<p>Le 3 novembre dernier, les 1\u00e8re et 2\u00e8me ann\u00e9es de BTS FED (Fluide Energie Domotique) ont visit\u00e9 des entreprises li\u00e9es\u2026<\/p>\n<p class=\"continue-reading-button\"> <a class=\"continue-reading-link\" href=\"https:\/\/etab.ac-reunion.fr\/lyc-bois-d-olive\/journee-de-cohesion-des-bts-fed\/\">Lire la suite<i class=\"crycon-right-dir\"><\/i><\/a><\/p>\n","protected":false},"author":31373,"featured_media":11648,"comment_status":"closed","ping_status":"closed","sticky":false,"template":"","format":"standard","meta":{"footnotes":""},"categories":[6,92],"tags":[],"class_list":["post-11602","post","type-post","status-publish","format-standard","has-post-thumbnail","hentry","category-actions-et-projets","category-fluide-energie-domotique-fed"],"_links":{"self":[{"href":"https:\/\/etab.ac-reunion.fr\/lyc-bois-d-olive\/wp-json\/wp\/v2\/posts\/11602","targetHints":{"allow":["GET"]}}],"collection":[{"href":"https:\/\/etab.ac-reunion.fr\/lyc-bois-d-olive\/wp-json\/wp\/v2\/posts"}],"about":[{"href":"https:\/\/etab.ac-reunion.fr\/lyc-bois-d-olive\/wp-json\/wp\/v2\/types\/post"}],"author":[{"embeddable":true,"href":"https:\/\/etab.ac-reunion.fr\/lyc-bois-d-olive\/wp-json\/wp\/v2\/users\/31373"}],"replies":[{"embeddable":true,"href":"https:\/\/etab.ac-reunion.fr\/lyc-bois-d-olive\/wp-json\/wp\/v2\/comments?post=11602"}],"version-history":[{"count":42,"href":"https:\/\/etab.ac-reunion.fr\/lyc-bois-d-olive\/wp-json\/wp\/v2\/posts\/11602\/revisions"}],"predecessor-version":[{"id":11683,"href":"https:\/\/etab.ac-reunion.fr\/lyc-bois-d-olive\/wp-json\/wp\/v2\/posts\/11602\/revisions\/11683"}],"wp:featuredmedia":[{"embeddable":true,"href":"https:\/\/etab.ac-reunion.fr\/lyc-bois-d-olive\/wp-json\/wp\/v2\/media\/11648"}],"wp:attachment":[{"href":"https:\/\/etab.ac-reunion.fr\/lyc-bois-d-olive\/wp-json\/wp\/v2\/media?parent=11602"}],"wp:term":[{"taxonomy":"category","embeddable":true,"href":"https:\/\/etab.ac-reunion.fr\/lyc-bois-d-olive\/wp-json\/wp\/v2\/categories?post=11602"},{"taxonomy":"post_tag","embeddable":true,"href":"https:\/\/etab.ac-reunion.fr\/lyc-bois-d-olive\/wp-json\/wp\/v2\/tags?post=11602"}],"curies":[{"name":"wp","href":"https:\/\/api.w.org\/{rel}","templated":true}]}}