{"id":12235,"date":"2023-02-23T18:28:17","date_gmt":"2023-02-23T14:28:17","guid":{"rendered":"https:\/\/etab.ac-reunion.fr\/lyc-bois-d-olive\/?p=12235"},"modified":"2023-02-23T19:15:20","modified_gmt":"2023-02-23T15:15:20","slug":"le-slam-pour-lutter-contre-les-discriminations","status":"publish","type":"post","link":"https:\/\/etab.ac-reunion.fr\/lyc-bois-d-olive\/le-slam-pour-lutter-contre-les-discriminations\/","title":{"rendered":"Le SLAM pour lutter contre les discriminations"},"content":{"rendered":"<blockquote><p>Dans le cadre de <strong>la cit\u00e9 \u00e9ducative et des programmes d&rsquo;histoire-g\u00e9ographie\/EMC<\/strong> plusieurs \u00e9l\u00e8ves de 2nde ont \u00e9t\u00e9 initi\u00e9s au SLAM.<\/p><\/blockquote>\n<p><!--more--><\/p>\n<p>Une initiation faite gr\u00e2ce \u00e0 Nicolas PIOT de <a href=\"https:\/\/julietteaupaysdesmarmailles.re\/association\/\" target=\"_blank\" rel=\"noopener\">Juliette aux pays des marmailles.<\/a> Fiers de leurs \u00e9crits, ils les partagent avec vous sous la forme d&rsquo;un <a href=\"https:\/\/padlet.com\/manuellamelchior\/le-slam-pour-lutter-contre-les-discriminations-gcre56qzf05a\" target=\"_blank\" rel=\"noopener\">PADLET<\/a>.<br \/>\nPour rappel, le SLAM est avant tout un espace de libert\u00e9 d&rsquo;expression, o\u00f9 un slameur met \u00e0 disposition du public le texte de son \u0153uvre, de mani\u00e8re enti\u00e8rement gratuite quant au sujet, au fond et \u00e0 la forme. Le Grand Chelem est \u00e0 la fois une forme d&rsquo;expression, un art de parler en public et une comp\u00e9tition verbale. Pour notre premier essai, nous avons r\u00e9fl\u00e9chi aux DISCRIMINATIONS.<\/p>\n<p>En dehors des ateliers d&rsquo;initiation, les sc\u00e8nes ouvertes existent \u00e9galement. Pour tous les volontaires, un CLUB-SLAM se r\u00e9unit tous les jeudis de 12h00 \u00e0 13h00.<\/p>\n<div class=\"su-custom-gallery su-custom-gallery-align-left su-custom-gallery-title-never\"><div class=\"su-custom-gallery-slide\" style=\"width:140px;height:120px\"><a href=\"https:\/\/etab.ac-reunion.fr\/lyc-bois-d-olive\/wp-content\/uploads\/sites\/147\/2023\/02\/IMG_4897-scaled-e1677159645636.jpg\" target=\"_blank\" title=\"\"><img loading=\"lazy\" decoding=\"async\" src=\"https:\/\/etab.ac-reunion.fr\/lyc-bois-d-olive\/wp-content\/uploads\/sites\/147\/2023\/02\/IMG_4897-scaled-e1677159645636.jpg\" alt=\"\" width=\"140\" height=\"120\" \/><\/a><\/div><div class=\"su-custom-gallery-slide\" style=\"width:140px;height:120px\"><a href=\"https:\/\/etab.ac-reunion.fr\/lyc-bois-d-olive\/wp-content\/uploads\/sites\/147\/2023\/02\/IMG_4800-scaled-e1677159692205.jpg\" target=\"_blank\" title=\"\"><img loading=\"lazy\" decoding=\"async\" src=\"https:\/\/etab.ac-reunion.fr\/lyc-bois-d-olive\/wp-content\/uploads\/sites\/147\/2023\/02\/IMG_4800-scaled-e1677159692205.jpg\" alt=\"\" width=\"140\" height=\"120\" \/><\/a><\/div><div class=\"su-custom-gallery-slide\" style=\"width:140px;height:120px\"><a href=\"https:\/\/etab.ac-reunion.fr\/lyc-bois-d-olive\/wp-content\/uploads\/sites\/147\/2023\/02\/IMG_4797-scaled-e1677159683864.jpg\" target=\"_blank\" title=\"\"><img loading=\"lazy\" decoding=\"async\" src=\"https:\/\/etab.ac-reunion.fr\/lyc-bois-d-olive\/wp-content\/uploads\/sites\/147\/2023\/02\/IMG_4797-scaled-e1677159683864.jpg\" alt=\"\" width=\"140\" height=\"120\" \/><\/a><\/div><div class=\"su-custom-gallery-slide\" style=\"width:140px;height:120px\"><a href=\"https:\/\/etab.ac-reunion.fr\/lyc-bois-d-olive\/wp-content\/uploads\/sites\/147\/2023\/02\/IMG_4900-scaled-e1677159737774.jpg\" target=\"_blank\" title=\"\"><img loading=\"lazy\" decoding=\"async\" src=\"https:\/\/etab.ac-reunion.fr\/lyc-bois-d-olive\/wp-content\/uploads\/sites\/147\/2023\/02\/IMG_4900-scaled-e1677159737774.jpg\" alt=\"\" width=\"140\" height=\"120\" \/><\/a><\/div><div class=\"su-custom-gallery-slide\" style=\"width:140px;height:120px\"><a href=\"https:\/\/etab.ac-reunion.fr\/lyc-bois-d-olive\/wp-content\/uploads\/sites\/147\/2023\/02\/IMG_4894-1-scaled-e1677159706906.jpg\" target=\"_blank\" title=\"\"><img loading=\"lazy\" decoding=\"async\" src=\"https:\/\/etab.ac-reunion.fr\/lyc-bois-d-olive\/wp-content\/uploads\/sites\/147\/2023\/02\/IMG_4894-1-scaled-e1677159706906.jpg\" alt=\"\" width=\"140\" height=\"120\" \/><\/a><\/div><div class=\"su-custom-gallery-slide\" style=\"width:140px;height:120px\"><a href=\"https:\/\/etab.ac-reunion.fr\/lyc-bois-d-olive\/wp-content\/uploads\/sites\/147\/2023\/02\/IMG_4794-scaled-e1677159675397.jpg\" target=\"_blank\" title=\"\"><img loading=\"lazy\" decoding=\"async\" src=\"https:\/\/etab.ac-reunion.fr\/lyc-bois-d-olive\/wp-content\/uploads\/sites\/147\/2023\/02\/IMG_4794-scaled-e1677159675397.jpg\" alt=\"\" width=\"140\" height=\"120\" \/><\/a><\/div><div class=\"su-custom-gallery-slide\" style=\"width:140px;height:120px\"><a href=\"https:\/\/etab.ac-reunion.fr\/lyc-bois-d-olive\/wp-content\/uploads\/sites\/147\/2023\/02\/IMG_4895-scaled-e1677159657523.jpg\" target=\"_blank\" title=\"\"><img loading=\"lazy\" decoding=\"async\" src=\"https:\/\/etab.ac-reunion.fr\/lyc-bois-d-olive\/wp-content\/uploads\/sites\/147\/2023\/02\/IMG_4895-scaled-e1677159657523.jpg\" alt=\"\" width=\"140\" height=\"120\" \/><\/a><\/div><div class=\"su-clear\"><\/div><\/div>\n<p><strong>Remerciements<\/strong> \u00e0 l&rsquo;\u00e9quipe de la cit\u00e9 \u00e9ducative de Saint-Pierre, \u00e0 l&rsquo;\u00e9quipe de <em>Juliette au pays des marmailles, <\/em>plus particuli\u00e8rement Ann-Elisabeth FONTAINE et Nicolas PIOT, \u00e0 l&rsquo;\u00e9quipe de direction, \u00e0 Danielle FANTIN (l&rsquo;infirmi\u00e8re du lyc\u00e9e) aux \u00e9l\u00e8ves d&rsquo;Astrid LEBON et de Jimmy JULIENNE (tous deux professeurs de Lettres-Histoire), \u00e0 ceux de Manuella MELCHIOR et aux AESH.<\/p>\n<p style=\"text-align: center\"><strong>Bravo aux slameurs !<\/strong><\/p>\n","protected":false},"excerpt":{"rendered":"<p>Dans le cadre de la cit\u00e9 \u00e9ducative et des programmes d&rsquo;histoire-g\u00e9ographie\/EMC plusieurs \u00e9l\u00e8ves de 2nde ont \u00e9t\u00e9 initi\u00e9s au SLAM.<\/p>\n<p class=\"continue-reading-button\"> <a class=\"continue-reading-link\" href=\"https:\/\/etab.ac-reunion.fr\/lyc-bois-d-olive\/le-slam-pour-lutter-contre-les-discriminations\/\">Lire la suite<i class=\"crycon-right-dir\"><\/i><\/a><\/p>\n","protected":false},"author":11813,"featured_media":12236,"comment_status":"closed","ping_status":"closed","sticky":false,"template":"","format":"standard","meta":{"footnotes":""},"categories":[142],"tags":[],"class_list":["post-12235","post","type-post","status-publish","format-standard","has-post-thumbnail","hentry","category-volet-culturel"],"_links":{"self":[{"href":"https:\/\/etab.ac-reunion.fr\/lyc-bois-d-olive\/wp-json\/wp\/v2\/posts\/12235","targetHints":{"allow":["GET"]}}],"collection":[{"href":"https:\/\/etab.ac-reunion.fr\/lyc-bois-d-olive\/wp-json\/wp\/v2\/posts"}],"about":[{"href":"https:\/\/etab.ac-reunion.fr\/lyc-bois-d-olive\/wp-json\/wp\/v2\/types\/post"}],"author":[{"embeddable":true,"href":"https:\/\/etab.ac-reunion.fr\/lyc-bois-d-olive\/wp-json\/wp\/v2\/users\/11813"}],"replies":[{"embeddable":true,"href":"https:\/\/etab.ac-reunion.fr\/lyc-bois-d-olive\/wp-json\/wp\/v2\/comments?post=12235"}],"version-history":[{"count":11,"href":"https:\/\/etab.ac-reunion.fr\/lyc-bois-d-olive\/wp-json\/wp\/v2\/posts\/12235\/revisions"}],"predecessor-version":[{"id":12278,"href":"https:\/\/etab.ac-reunion.fr\/lyc-bois-d-olive\/wp-json\/wp\/v2\/posts\/12235\/revisions\/12278"}],"wp:featuredmedia":[{"embeddable":true,"href":"https:\/\/etab.ac-reunion.fr\/lyc-bois-d-olive\/wp-json\/wp\/v2\/media\/12236"}],"wp:attachment":[{"href":"https:\/\/etab.ac-reunion.fr\/lyc-bois-d-olive\/wp-json\/wp\/v2\/media?parent=12235"}],"wp:term":[{"taxonomy":"category","embeddable":true,"href":"https:\/\/etab.ac-reunion.fr\/lyc-bois-d-olive\/wp-json\/wp\/v2\/categories?post=12235"},{"taxonomy":"post_tag","embeddable":true,"href":"https:\/\/etab.ac-reunion.fr\/lyc-bois-d-olive\/wp-json\/wp\/v2\/tags?post=12235"}],"curies":[{"name":"wp","href":"https:\/\/api.w.org\/{rel}","templated":true}]}}