{"id":13249,"date":"2023-09-05T18:40:36","date_gmt":"2023-09-05T14:40:36","guid":{"rendered":"https:\/\/etab.ac-reunion.fr\/lyc-bois-d-olive\/?p=13249"},"modified":"2023-09-05T18:40:36","modified_gmt":"2023-09-05T14:40:36","slug":"journee-dintegration-des-eleves-de-si","status":"publish","type":"post","link":"https:\/\/etab.ac-reunion.fr\/lyc-bois-d-olive\/journee-dintegration-des-eleves-de-si\/","title":{"rendered":"Journ\u00e9e d&rsquo;int\u00e9gration des \u00e9l\u00e8ves de SI"},"content":{"rendered":"<blockquote><p>Ce vendredi 01 septembre, les \u00e9l\u00e8ves de 1\u00e8re et de Terminale sp\u00e9cialit\u00e9 Sciences de l&rsquo;Ing\u00e9nieur se sont retrouv\u00e9s \u00e0 la plage de l&rsquo;Etang-Sal\u00e9 pour leur traditionnelle journ\u00e9e d&rsquo;int\u00e9gration.<\/p><\/blockquote>\n<p><!--more--><\/p>\n<p>Nos lyc\u00e9ens ont \u00e9t\u00e9 rejoints par plusieurs de nos anciens \u00e9l\u00e8ves, maintenant \u00e9tudiants. Sur la photo ci-dessous, Soren et Samuel (\u00e0 gauche), tous deux \u00e9l\u00e8ves en Terminale SI, sont entour\u00e9s de M. CALPETARD, leur enseignant de sp\u00e9cialit\u00e9, de Sarah, issue de la promo 2018, aujourd&rsquo;hui dipl\u00f4m\u00e9e en kin\u00e9sith\u00e9rapie, et de James, de la cuv\u00e9e 2021, actuellement \u00e9tudiant \u00e0 l&rsquo;ENAC, la prestigieuse Ecole Nationale de l&rsquo;Aviation Civile.<\/p>\n<p><a href=\"https:\/\/etab.ac-reunion.fr\/lyc-bois-d-olive\/wp-content\/uploads\/sites\/147\/2023\/09\/IMG_20230901_110427-scaled-e1693923935341.jpg\" target=\"_blank\" rel=\"noopener\"><img loading=\"lazy\" decoding=\"async\" class=\"aligncenter wp-image-13250 size-medium\" src=\"https:\/\/etab.ac-reunion.fr\/lyc-bois-d-olive\/wp-content\/uploads\/sites\/147\/2023\/09\/IMG_20230901_110427-300x225.jpg\" alt=\"\" width=\"300\" height=\"225\" \/><\/a><\/p>\n<p>Ces derniers ont eu la gentillesse de venir partager leurs exp\u00e9riences. Une bonne fa\u00e7on de commencer l&rsquo;ann\u00e9e en Sciences de l&rsquo;Ing\u00e9nieur, le tout dans une ambiance sportive !<\/p>\n<p><a href=\"https:\/\/etab.ac-reunion.fr\/lyc-bois-d-olive\/wp-content\/uploads\/sites\/147\/2023\/09\/20230901_085302-scaled-e1693923959755.jpg\" target=\"_blank\" rel=\"noopener\"><img loading=\"lazy\" decoding=\"async\" class=\"aligncenter wp-image-13271 size-medium\" src=\"https:\/\/etab.ac-reunion.fr\/lyc-bois-d-olive\/wp-content\/uploads\/sites\/147\/2023\/09\/20230901_085302-300x146.jpg\" alt=\"\" width=\"300\" height=\"146\" \/><\/a><\/p>\n","protected":false},"excerpt":{"rendered":"<p>Ce vendredi 01 septembre, les \u00e9l\u00e8ves de 1\u00e8re et de Terminale sp\u00e9cialit\u00e9 Sciences de l&rsquo;Ing\u00e9nieur se sont retrouv\u00e9s \u00e0 la\u2026<\/p>\n<p class=\"continue-reading-button\"> <a class=\"continue-reading-link\" href=\"https:\/\/etab.ac-reunion.fr\/lyc-bois-d-olive\/journee-dintegration-des-eleves-de-si\/\">Lire la suite<i class=\"crycon-right-dir\"><\/i><\/a><\/p>\n","protected":false},"author":11774,"featured_media":13301,"comment_status":"closed","ping_status":"closed","sticky":false,"template":"","format":"standard","meta":{"footnotes":""},"categories":[6,31],"tags":[],"class_list":["post-13249","post","type-post","status-publish","format-standard","has-post-thumbnail","hentry","category-actions-et-projets","category-sciences-de-lingenieur"],"_links":{"self":[{"href":"https:\/\/etab.ac-reunion.fr\/lyc-bois-d-olive\/wp-json\/wp\/v2\/posts\/13249","targetHints":{"allow":["GET"]}}],"collection":[{"href":"https:\/\/etab.ac-reunion.fr\/lyc-bois-d-olive\/wp-json\/wp\/v2\/posts"}],"about":[{"href":"https:\/\/etab.ac-reunion.fr\/lyc-bois-d-olive\/wp-json\/wp\/v2\/types\/post"}],"author":[{"embeddable":true,"href":"https:\/\/etab.ac-reunion.fr\/lyc-bois-d-olive\/wp-json\/wp\/v2\/users\/11774"}],"replies":[{"embeddable":true,"href":"https:\/\/etab.ac-reunion.fr\/lyc-bois-d-olive\/wp-json\/wp\/v2\/comments?post=13249"}],"version-history":[{"count":13,"href":"https:\/\/etab.ac-reunion.fr\/lyc-bois-d-olive\/wp-json\/wp\/v2\/posts\/13249\/revisions"}],"predecessor-version":[{"id":13304,"href":"https:\/\/etab.ac-reunion.fr\/lyc-bois-d-olive\/wp-json\/wp\/v2\/posts\/13249\/revisions\/13304"}],"wp:featuredmedia":[{"embeddable":true,"href":"https:\/\/etab.ac-reunion.fr\/lyc-bois-d-olive\/wp-json\/wp\/v2\/media\/13301"}],"wp:attachment":[{"href":"https:\/\/etab.ac-reunion.fr\/lyc-bois-d-olive\/wp-json\/wp\/v2\/media?parent=13249"}],"wp:term":[{"taxonomy":"category","embeddable":true,"href":"https:\/\/etab.ac-reunion.fr\/lyc-bois-d-olive\/wp-json\/wp\/v2\/categories?post=13249"},{"taxonomy":"post_tag","embeddable":true,"href":"https:\/\/etab.ac-reunion.fr\/lyc-bois-d-olive\/wp-json\/wp\/v2\/tags?post=13249"}],"curies":[{"name":"wp","href":"https:\/\/api.w.org\/{rel}","templated":true}]}}