{"id":13852,"date":"2024-01-30T17:33:40","date_gmt":"2024-01-30T13:33:40","guid":{"rendered":"https:\/\/etab.ac-reunion.fr\/lyc-bois-d-olive\/?p=13852"},"modified":"2024-01-30T17:33:40","modified_gmt":"2024-01-30T13:33:40","slug":"concours-photo-les-environnements-nocturnes","status":"publish","type":"post","link":"https:\/\/etab.ac-reunion.fr\/lyc-bois-d-olive\/concours-photo-les-environnements-nocturnes\/","title":{"rendered":"Concours Photo: \u00ab\u00a0Les environnements nocturnes\u00a0\u00bb\u200b"},"content":{"rendered":"<blockquote>\n<p dir=\"auto\">Dans le cadre de son programme \u00ab\u00a0Les Jours de La Nuit\u00a0\u00bb, le Parc national de La R\u00e9union en partenariat avec <span class=\"x1i10hfl xjbqb8w x6umtig x1b1mbwd xaqea5y xav7gou x9f619 x1ypdohk xt0psk2 xe8uvvx xdj266r x11i5rnm xat24cr x1mh8g0r xexx8yu x4uap5 x18d9i69 xkhd6sd x16tdsg8 x1hl2dhg xggy1nq x1a2a7pz xt0b8zv x1fey0fg xo1l8bm\">Sciences R\u00e9union,<\/span> <span class=\"x1i10hfl xjbqb8w x6umtig x1b1mbwd xaqea5y xav7gou x9f619 x1ypdohk xt0psk2 xe8uvvx xdj266r x11i5rnm xat24cr x1mh8g0r xexx8yu x4uap5 x18d9i69 xkhd6sd x16tdsg8 x1hl2dhg xggy1nq x1a2a7pz xt0b8zv x1fey0fg xo1l8bm\">EDF \u00e0 La R\u00e9union<\/span>, <span class=\"x1i10hfl xjbqb8w x6umtig x1b1mbwd xaqea5y xav7gou x9f619 x1ypdohk xt0psk2 xe8uvvx xdj266r x11i5rnm xat24cr x1mh8g0r xexx8yu x4uap5 x18d9i69 xkhd6sd x16tdsg8 x1hl2dhg xggy1nq x1a2a7pz xt0b8zv x1fey0fg xo1l8bm\">R\u00e9union des Mus\u00e9es R\u00e9gionaux<\/span> et l\u2019ADEME organise un concours photo !<\/p>\n<\/blockquote>\n<p><!--more--><\/p>\n<p dir=\"auto\">Photographes amateurs et confirm\u00e9s, partez \u00e0 la rencontre fascinante des environnements nocturnes ! <span style=\"text-decoration: underline\"><strong>Vos photos devront mettre en valeur les environnements nocturnes<\/strong><\/span> dans toute leur diversit\u00e9.<\/p>\n<p dir=\"auto\">Vous avez jusqu&rsquo;au<span style=\"text-decoration: underline\"><strong> 18 f\u00e9vrier 2024<\/strong><\/span> pour y participer !<\/p>\n<p dir=\"auto\">\n<p dir=\"auto\">Retrouvez le r\u00e8glement du concours et le formulaire d\u2019inscription sur la page du site des \u00ab\u00a0Jours de La Nuit\u00a0\u00bb : <a class=\"x1i10hfl xjbqb8w x6umtig x1b1mbwd xaqea5y xav7gou x9f619 x1ypdohk xt0psk2 xe8uvvx xdj266r x11i5rnm xat24cr x1mh8g0r xexx8yu x4uap5 x18d9i69 xkhd6sd x16tdsg8 x1hl2dhg xggy1nq x1a2a7pz xt0b8zv x1fey0fg\" href=\"https:\/\/www.lesjoursdelanuit.re\/concours-photo\/\" target=\"_blank\" rel=\"nofollow noopener noreferrer\">https:\/\/www.lesjoursdelanuit.re\/concours-photo\/<\/a><\/p>\n<p dir=\"auto\" style=\"text-align: center\">A vos appareils !<\/p>\n","protected":false},"excerpt":{"rendered":"<p>Dans le cadre de son programme \u00ab\u00a0Les Jours de La Nuit\u00a0\u00bb, le Parc national de La R\u00e9union en partenariat avec\u2026<\/p>\n<p class=\"continue-reading-button\"> <a class=\"continue-reading-link\" href=\"https:\/\/etab.ac-reunion.fr\/lyc-bois-d-olive\/concours-photo-les-environnements-nocturnes\/\">Lire la suite<i class=\"crycon-right-dir\"><\/i><\/a><\/p>\n","protected":false},"author":11813,"featured_media":13854,"comment_status":"closed","ping_status":"closed","sticky":false,"template":"","format":"standard","meta":{"footnotes":""},"categories":[6,32],"tags":[],"class_list":["post-13852","post","type-post","status-publish","format-standard","has-post-thumbnail","hentry","category-actions-et-projets","category-agenda"],"_links":{"self":[{"href":"https:\/\/etab.ac-reunion.fr\/lyc-bois-d-olive\/wp-json\/wp\/v2\/posts\/13852","targetHints":{"allow":["GET"]}}],"collection":[{"href":"https:\/\/etab.ac-reunion.fr\/lyc-bois-d-olive\/wp-json\/wp\/v2\/posts"}],"about":[{"href":"https:\/\/etab.ac-reunion.fr\/lyc-bois-d-olive\/wp-json\/wp\/v2\/types\/post"}],"author":[{"embeddable":true,"href":"https:\/\/etab.ac-reunion.fr\/lyc-bois-d-olive\/wp-json\/wp\/v2\/users\/11813"}],"replies":[{"embeddable":true,"href":"https:\/\/etab.ac-reunion.fr\/lyc-bois-d-olive\/wp-json\/wp\/v2\/comments?post=13852"}],"version-history":[{"count":7,"href":"https:\/\/etab.ac-reunion.fr\/lyc-bois-d-olive\/wp-json\/wp\/v2\/posts\/13852\/revisions"}],"predecessor-version":[{"id":13861,"href":"https:\/\/etab.ac-reunion.fr\/lyc-bois-d-olive\/wp-json\/wp\/v2\/posts\/13852\/revisions\/13861"}],"wp:featuredmedia":[{"embeddable":true,"href":"https:\/\/etab.ac-reunion.fr\/lyc-bois-d-olive\/wp-json\/wp\/v2\/media\/13854"}],"wp:attachment":[{"href":"https:\/\/etab.ac-reunion.fr\/lyc-bois-d-olive\/wp-json\/wp\/v2\/media?parent=13852"}],"wp:term":[{"taxonomy":"category","embeddable":true,"href":"https:\/\/etab.ac-reunion.fr\/lyc-bois-d-olive\/wp-json\/wp\/v2\/categories?post=13852"},{"taxonomy":"post_tag","embeddable":true,"href":"https:\/\/etab.ac-reunion.fr\/lyc-bois-d-olive\/wp-json\/wp\/v2\/tags?post=13852"}],"curies":[{"name":"wp","href":"https:\/\/api.w.org\/{rel}","templated":true}]}}