{"id":13874,"date":"2024-02-07T23:29:50","date_gmt":"2024-02-07T19:29:50","guid":{"rendered":"https:\/\/etab.ac-reunion.fr\/lyc-bois-d-olive\/?p=13874"},"modified":"2024-02-07T23:29:50","modified_gmt":"2024-02-07T19:29:50","slug":"rallye-maths-le-lbo-y-sera","status":"publish","type":"post","link":"https:\/\/etab.ac-reunion.fr\/lyc-bois-d-olive\/rallye-maths-le-lbo-y-sera\/","title":{"rendered":"Rallye Maths: Le LBO y sera !"},"content":{"rendered":"<div><\/div>\n<blockquote>\n<div>Cette ann\u00e9e, le Rallye Maths aura lieu du lundi 18 mars au mercredi 03 avril 2024. Notre lyc\u00e9e y participera avec, pour bin\u00f4me, le coll\u00e8ge Henri Matisse.<\/div>\n<\/blockquote>\n<p><!--more--><\/p>\n<p>En effet, les classes de 2nde 6 et 2nde 8, respectivement men\u00e9es par Mmes BOVALO et DARID, seront jumel\u00e9es avec les classes 3\u00e8me 01 et 3\u00e8me 03 de M. BOUASLA et Mme KISCHENIN.<\/p>\n<div><\/div>\n<p>Le Rallye Maths se d\u00e9roulera selon le planning suivant :<\/p>\n<div><\/div>\n<ul>\n<li><span style=\"text-decoration: underline\"><strong>Vendredi 23 f\u00e9vrier 2024<\/strong><\/span> : phase d&rsquo;entra\u00eenement au coll\u00e8ge Henri Matisse (7h30-9h30)<\/li>\n<li><span style=\"text-decoration: underline\"><strong>Vendredi 22 mars 2024<\/strong><\/span>: finale au lyc\u00e9e de Bois d&rsquo;Olive (7h30-9h30)<\/li>\n<\/ul>\n<div style=\"text-align: center\">Souhaitons bonne chance aux classes participantes !<\/div>\n","protected":false},"excerpt":{"rendered":"<p>Cette ann\u00e9e, le Rallye Maths aura lieu du lundi 18 mars au mercredi 03 avril 2024. Notre lyc\u00e9e y participera\u2026<\/p>\n<p class=\"continue-reading-button\"> <a class=\"continue-reading-link\" href=\"https:\/\/etab.ac-reunion.fr\/lyc-bois-d-olive\/rallye-maths-le-lbo-y-sera\/\">Lire la suite<i class=\"crycon-right-dir\"><\/i><\/a><\/p>\n","protected":false},"author":11582,"featured_media":13890,"comment_status":"closed","ping_status":"closed","sticky":false,"template":"","format":"standard","meta":{"footnotes":""},"categories":[6,32],"tags":[],"class_list":["post-13874","post","type-post","status-publish","format-standard","has-post-thumbnail","hentry","category-actions-et-projets","category-agenda"],"_links":{"self":[{"href":"https:\/\/etab.ac-reunion.fr\/lyc-bois-d-olive\/wp-json\/wp\/v2\/posts\/13874","targetHints":{"allow":["GET"]}}],"collection":[{"href":"https:\/\/etab.ac-reunion.fr\/lyc-bois-d-olive\/wp-json\/wp\/v2\/posts"}],"about":[{"href":"https:\/\/etab.ac-reunion.fr\/lyc-bois-d-olive\/wp-json\/wp\/v2\/types\/post"}],"author":[{"embeddable":true,"href":"https:\/\/etab.ac-reunion.fr\/lyc-bois-d-olive\/wp-json\/wp\/v2\/users\/11582"}],"replies":[{"embeddable":true,"href":"https:\/\/etab.ac-reunion.fr\/lyc-bois-d-olive\/wp-json\/wp\/v2\/comments?post=13874"}],"version-history":[{"count":15,"href":"https:\/\/etab.ac-reunion.fr\/lyc-bois-d-olive\/wp-json\/wp\/v2\/posts\/13874\/revisions"}],"predecessor-version":[{"id":13893,"href":"https:\/\/etab.ac-reunion.fr\/lyc-bois-d-olive\/wp-json\/wp\/v2\/posts\/13874\/revisions\/13893"}],"wp:featuredmedia":[{"embeddable":true,"href":"https:\/\/etab.ac-reunion.fr\/lyc-bois-d-olive\/wp-json\/wp\/v2\/media\/13890"}],"wp:attachment":[{"href":"https:\/\/etab.ac-reunion.fr\/lyc-bois-d-olive\/wp-json\/wp\/v2\/media?parent=13874"}],"wp:term":[{"taxonomy":"category","embeddable":true,"href":"https:\/\/etab.ac-reunion.fr\/lyc-bois-d-olive\/wp-json\/wp\/v2\/categories?post=13874"},{"taxonomy":"post_tag","embeddable":true,"href":"https:\/\/etab.ac-reunion.fr\/lyc-bois-d-olive\/wp-json\/wp\/v2\/tags?post=13874"}],"curies":[{"name":"wp","href":"https:\/\/api.w.org\/{rel}","templated":true}]}}