{"id":16230,"date":"2025-05-29T15:13:28","date_gmt":"2025-05-29T11:13:28","guid":{"rendered":"https:\/\/etab.ac-reunion.fr\/lyc-bois-d-olive\/?p=16230"},"modified":"2025-05-29T15:13:28","modified_gmt":"2025-05-29T11:13:28","slug":"cinetoil-egalite-2025-le-cinema-au-service-de-legalite-femmes-hommes","status":"publish","type":"post","link":"https:\/\/etab.ac-reunion.fr\/lyc-bois-d-olive\/cinetoil-egalite-2025-le-cinema-au-service-de-legalite-femmes-hommes\/","title":{"rendered":"Cin\u00e9toil&rsquo; \u00c9galit\u00e9 2025: le cin\u00e9ma au service de l\u2019\u00e9galit\u00e9 Femmes-Hommes !"},"content":{"rendered":"<blockquote><p>Les \u00e9l\u00e8ves de 2nde 3 ont particip\u00e9 avec enthousiasme au\u00a0<strong>P\u00c9AC (Participer \u00e0 Cin\u00e9toil\u2019 \u00c9galit\u00e9)<\/strong> qui permet aux \u00e9l\u00e8ves de l&rsquo;Acad\u00e9mie de La R\u00e9union d&rsquo;explorer, \u00e0 travers le cin\u00e9ma, les enjeux de l\u2019\u00e9galit\u00e9 femmes-hommes, les conditions des femmes dans le monde, ainsi que des portraits inspirants de figures engag\u00e9es ou en rupture avec les normes sociales.<\/p><\/blockquote>\n<p><!--more--><\/p>\n<p>Au fil des projections et des \u00e9changes, ils ont analys\u00e9 la repr\u00e9sentation des genres \u00e0 \u00e0 l&rsquo;\u00e9cran, questionner les st\u00e9r\u00e9otypes et explorer les avanc\u00e9es soci\u00e9tales port\u00e9es par le 7e art.<\/p>\n<p>Au programme: analyse de films, d\u00e9bat et ateliers pour d\u00e9crypter les st\u00e9r\u00e9otypes de genre et r\u00e9fl\u00e9chir \u00e0 la place des femmes dans la soci\u00e9t\u00e9 fran\u00e7aise. Les \u00e9l\u00e8ves ont explor\u00e9 des \u0153uvres vari\u00e9es mettant en lumi\u00e8re des parcours inspirants ou interrogeant les in\u00e9galit\u00e9s persistantes comme l\u2019\u00e9cart salarial ou les repr\u00e9sentations limit\u00e9es dans les m\u00e9dias.<\/p>\n<p>Point d&rsquo;orgue de cette aventure culturelle: une s\u00e9ance finale au cin\u00e9ma de Pierrefonds o\u00f9 les lyc\u00e9ens ont partag\u00e9 leur r\u00e9flexion et d\u00e9couvert comment le cin\u00e9ma peut \u00eatre un moteur de prise de conscience et d&rsquo;un changement. Plus qu&rsquo;un simple programme cin\u00e9matographique, Cin\u00e9toil\u2019 \u00c9galit\u00e9 a permis aux \u00e9l\u00e8ves d&rsquo;affecter leur regard critique et d&rsquo;affirmer leur engagement pour une soci\u00e9t\u00e9 plus \u00e9galitaire. Une exp\u00e9rience marquante qui prouve que l&rsquo;art a toute sa place dans la construction des esprits et des valeurs.<\/p>\n<div class=\"su-custom-gallery su-custom-gallery-align-center su-custom-gallery-title-always\"><div class=\"su-custom-gallery-slide\" style=\"width:140px;height:160px\"><a href=\"https:\/\/etab.ac-reunion.fr\/lyc-bois-d-olive\/wp-content\/uploads\/sites\/147\/2025\/05\/IMG_7276-1.jpg\" target=\"_blank\" title=\"\"><img loading=\"lazy\" decoding=\"async\" src=\"https:\/\/etab.ac-reunion.fr\/lyc-bois-d-olive\/wp-content\/uploads\/sites\/147\/2025\/05\/IMG_7276-1.jpg\" alt=\"\" width=\"140\" height=\"160\" \/><\/a><\/div><div class=\"su-custom-gallery-slide\" style=\"width:140px;height:160px\"><a href=\"https:\/\/etab.ac-reunion.fr\/lyc-bois-d-olive\/wp-content\/uploads\/sites\/147\/2025\/05\/IMG_7277.jpg\" target=\"_blank\" title=\"\"><img loading=\"lazy\" decoding=\"async\" src=\"https:\/\/etab.ac-reunion.fr\/lyc-bois-d-olive\/wp-content\/uploads\/sites\/147\/2025\/05\/IMG_7277.jpg\" alt=\"\" width=\"140\" height=\"160\" \/><\/a><\/div><div class=\"su-custom-gallery-slide\" style=\"width:140px;height:160px\"><a href=\"https:\/\/etab.ac-reunion.fr\/lyc-bois-d-olive\/wp-content\/uploads\/sites\/147\/2025\/05\/IMG_7913.jpg\" target=\"_blank\" title=\"\"><img loading=\"lazy\" decoding=\"async\" src=\"https:\/\/etab.ac-reunion.fr\/lyc-bois-d-olive\/wp-content\/uploads\/sites\/147\/2025\/05\/IMG_7913.jpg\" alt=\"\" width=\"140\" height=\"160\" \/><\/a><\/div><div class=\"su-custom-gallery-slide\" style=\"width:140px;height:160px\"><a href=\"https:\/\/etab.ac-reunion.fr\/lyc-bois-d-olive\/wp-content\/uploads\/sites\/147\/2025\/05\/IMG_7922.jpg\" target=\"_blank\" title=\"\"><img loading=\"lazy\" decoding=\"async\" src=\"https:\/\/etab.ac-reunion.fr\/lyc-bois-d-olive\/wp-content\/uploads\/sites\/147\/2025\/05\/IMG_7922.jpg\" alt=\"\" width=\"140\" height=\"160\" \/><\/a><\/div><div class=\"su-custom-gallery-slide\" style=\"width:140px;height:160px\"><a href=\"https:\/\/etab.ac-reunion.fr\/lyc-bois-d-olive\/wp-content\/uploads\/sites\/147\/2025\/05\/IMG_7918.jpg\" target=\"_blank\" title=\"\"><img loading=\"lazy\" decoding=\"async\" src=\"https:\/\/etab.ac-reunion.fr\/lyc-bois-d-olive\/wp-content\/uploads\/sites\/147\/2025\/05\/IMG_7918.jpg\" alt=\"\" width=\"140\" height=\"160\" \/><\/a><\/div><div class=\"su-custom-gallery-slide\" style=\"width:140px;height:160px\"><a href=\"https:\/\/etab.ac-reunion.fr\/lyc-bois-d-olive\/wp-content\/uploads\/sites\/147\/2025\/05\/IMG_7919.jpg\" target=\"_blank\" title=\"\"><img loading=\"lazy\" decoding=\"async\" src=\"https:\/\/etab.ac-reunion.fr\/lyc-bois-d-olive\/wp-content\/uploads\/sites\/147\/2025\/05\/IMG_7919.jpg\" alt=\"\" width=\"140\" height=\"160\" \/><\/a><\/div><div class=\"su-clear\"><\/div><\/div>\n<p><strong>Pourquoi est-ce important de traiter la question de l\u2019\u00e9galit\u00e9 hommes-femmes\u00a0?<\/strong><\/p>\n<p>En France, malgr\u00e9 des avanc\u00e9es sur la question de l&rsquo;\u00e9galit\u00e9 hommes-femmes, une femme sur 3 reste victime de violence au cours de sa vie (INSEE). Ce projet a permis \u00e0 nos lyc\u00e9ens de devenir des ambassadeurs de l&rsquo;\u00e9galit\u00e9 en d\u00e9veloppant leurs esprits critiques et leurs engagements.<\/p>\n<p><em>\u00ab J&rsquo;ai r\u00e9alis\u00e9 \u00e0 quel point les films peuvent influencer nos mentalit\u00e9s, nos valeurs &#8230; maintenant je regarde les personnages f\u00e9minins autrement ! \u00bb t\u00e9moigne El\u00e9onore de 2nde 3.<\/em><\/p>\n<p><span style=\"text-decoration: underline\"><strong>Remerciements\u00a0<\/strong><\/span><\/p>\n<p><strong>Un immense merci \u00e0 l\u2019\u00e9quipe de direction<\/strong>, dont le soutien et l\u2019engagement ont permis de donner vie \u00e0 cette initiative et d\u2019en faire un v\u00e9ritable moment d\u2019\u00e9change et de r\u00e9flexion.<\/p>\n<p><strong>Des remerciements \u00e0 la DAAC<\/strong> de La R\u00e9union pour son soutien au projet depuis des ann\u00e9es.<\/p>\n<p><strong>Bravo \u00e0 l\u2019\u00e9quipe de Cin\u00e9toil \u00c9galit\u00e9<\/strong>, qui, par son travail et son investissement, a su sensibiliser et inspirer les \u00e9l\u00e8ves \u00e0 travers un contenu riche et engag\u00e9.<\/p>\n<p><strong>Nos sinc\u00e8res remerciements \u00e0 l\u2019\u00e9quipe du cin\u00e9ma<\/strong>, qui a offert un cadre id\u00e9al pour ces rencontres et a contribu\u00e9 \u00e0 faire de ce projet une exp\u00e9rience marquante.<\/p>\n<p><strong>F\u00e9licitations aux \u00e9l\u00e8ves<\/strong>, dont l\u2019enthousiasme, la r\u00e9flexion et l\u2019implication ont donn\u00e9 tout son sens \u00e0 cette action ! Leur engagement t\u00e9moigne de l\u2019importance de poursuivre ces \u00e9changes et de continuer \u00e0 construire une soci\u00e9t\u00e9 plus juste et \u00e9galitaire.<\/p>\n<p><strong>Article r\u00e9dig\u00e9 par Manuella MELCHIOR (professeure d\u2019histoire-g\u00e9ographie) avec la collaboration de Karine FAVRE (professeure documentaliste) et Anne-Laure MOUTIAPOULE (assistante documentaliste). <\/strong><\/p>\n","protected":false},"excerpt":{"rendered":"<p>Les \u00e9l\u00e8ves de 2nde 3 ont particip\u00e9 avec enthousiasme au\u00a0P\u00c9AC (Participer \u00e0 Cin\u00e9toil\u2019 \u00c9galit\u00e9) qui permet aux \u00e9l\u00e8ves de l&rsquo;Acad\u00e9mie\u2026<\/p>\n<p class=\"continue-reading-button\"> <a class=\"continue-reading-link\" href=\"https:\/\/etab.ac-reunion.fr\/lyc-bois-d-olive\/cinetoil-egalite-2025-le-cinema-au-service-de-legalite-femmes-hommes\/\">Lire la suite<i class=\"crycon-right-dir\"><\/i><\/a><\/p>\n","protected":false},"author":11813,"featured_media":16238,"comment_status":"closed","ping_status":"closed","sticky":false,"template":"","format":"standard","meta":{"footnotes":""},"categories":[6],"tags":[],"class_list":["post-16230","post","type-post","status-publish","format-standard","has-post-thumbnail","hentry","category-actions-et-projets"],"_links":{"self":[{"href":"https:\/\/etab.ac-reunion.fr\/lyc-bois-d-olive\/wp-json\/wp\/v2\/posts\/16230","targetHints":{"allow":["GET"]}}],"collection":[{"href":"https:\/\/etab.ac-reunion.fr\/lyc-bois-d-olive\/wp-json\/wp\/v2\/posts"}],"about":[{"href":"https:\/\/etab.ac-reunion.fr\/lyc-bois-d-olive\/wp-json\/wp\/v2\/types\/post"}],"author":[{"embeddable":true,"href":"https:\/\/etab.ac-reunion.fr\/lyc-bois-d-olive\/wp-json\/wp\/v2\/users\/11813"}],"replies":[{"embeddable":true,"href":"https:\/\/etab.ac-reunion.fr\/lyc-bois-d-olive\/wp-json\/wp\/v2\/comments?post=16230"}],"version-history":[{"count":3,"href":"https:\/\/etab.ac-reunion.fr\/lyc-bois-d-olive\/wp-json\/wp\/v2\/posts\/16230\/revisions"}],"predecessor-version":[{"id":16269,"href":"https:\/\/etab.ac-reunion.fr\/lyc-bois-d-olive\/wp-json\/wp\/v2\/posts\/16230\/revisions\/16269"}],"wp:featuredmedia":[{"embeddable":true,"href":"https:\/\/etab.ac-reunion.fr\/lyc-bois-d-olive\/wp-json\/wp\/v2\/media\/16238"}],"wp:attachment":[{"href":"https:\/\/etab.ac-reunion.fr\/lyc-bois-d-olive\/wp-json\/wp\/v2\/media?parent=16230"}],"wp:term":[{"taxonomy":"category","embeddable":true,"href":"https:\/\/etab.ac-reunion.fr\/lyc-bois-d-olive\/wp-json\/wp\/v2\/categories?post=16230"},{"taxonomy":"post_tag","embeddable":true,"href":"https:\/\/etab.ac-reunion.fr\/lyc-bois-d-olive\/wp-json\/wp\/v2\/tags?post=16230"}],"curies":[{"name":"wp","href":"https:\/\/api.w.org\/{rel}","templated":true}]}}