{"id":16240,"date":"2025-05-29T15:21:15","date_gmt":"2025-05-29T11:21:15","guid":{"rendered":"https:\/\/etab.ac-reunion.fr\/lyc-bois-d-olive\/?p=16240"},"modified":"2025-05-30T05:49:03","modified_gmt":"2025-05-30T01:49:03","slug":"marmailles-une-immersion-touchante-dans-le-cinema-local","status":"publish","type":"post","link":"https:\/\/etab.ac-reunion.fr\/lyc-bois-d-olive\/marmailles-une-immersion-touchante-dans-le-cinema-local\/","title":{"rendered":"MARMAILLE: une immersion touchante dans le cin\u00e9ma local"},"content":{"rendered":"<blockquote><p>Les \u00e9l\u00e8ves de 2nde ont eu l\u2019opportunit\u00e9 de d\u00e9couvrir <strong><em>MARMAILLE<\/em><\/strong>, un film poignant qui aborde des th\u00e8mes universels et profond\u00e9ment ancr\u00e9s dans la r\u00e9alit\u00e9 sociale. Gr\u00e2ce \u00e0 une projection sp\u00e9ciale au <strong>CDI<\/strong> <strong>sous la houlette d&rsquo;UNIS CITE<\/strong> suivie d\u2019une rencontre exceptionnelle avec le r\u00e9alisateur <strong>Gr\u00e9gory LUCILLY<\/strong>, ils ont pu explorer les coulisses du tournage, les inspirations de l\u2019auteur et le message qu\u2019il souhaite transmettre \u00e0 travers son \u0153uvre.<\/p><\/blockquote>\n<p><!--more--><\/p>\n<p>Cet \u00e9change privil\u00e9gi\u00e9 a permis aux lyc\u00e9ens de mieux comprendre l\u2019impact du cin\u00e9ma sur la soci\u00e9t\u00e9 et l\u2019importance du regard des artistes sur le monde qui nous entoure. Entre curiosit\u00e9 et discussions anim\u00e9es, cette immersion cin\u00e9matographique a \u00e9veill\u00e9 des r\u00e9flexions profondes et renforc\u00e9 l\u2019int\u00e9r\u00eat des \u00e9l\u00e8ves pour l\u2019art du r\u00e9cit visuel. Une exp\u00e9rience riche qui rappelle que le cin\u00e9ma n\u2019est pas qu\u2019un spectacle: c\u2019est une porte ouverte sur de nouvelles perspectives !<\/p>\n<div class=\"su-custom-gallery su-custom-gallery-align-center su-custom-gallery-title-never\"><div class=\"su-custom-gallery-slide\" style=\"width:140px;height:160px\"><a href=\"https:\/\/etab.ac-reunion.fr\/lyc-bois-d-olive\/wp-content\/uploads\/sites\/147\/2025\/05\/IMG_7411.jpg\" target=\"_blank\" title=\"\"><img loading=\"lazy\" decoding=\"async\" src=\"https:\/\/etab.ac-reunion.fr\/lyc-bois-d-olive\/wp-content\/uploads\/sites\/147\/2025\/05\/IMG_7411.jpg\" alt=\"\" width=\"140\" height=\"160\" \/><\/a><\/div><div class=\"su-custom-gallery-slide\" style=\"width:140px;height:160px\"><a href=\"https:\/\/etab.ac-reunion.fr\/lyc-bois-d-olive\/wp-content\/uploads\/sites\/147\/2025\/05\/IMG_7412.jpg\" target=\"_blank\" title=\"\"><img loading=\"lazy\" decoding=\"async\" src=\"https:\/\/etab.ac-reunion.fr\/lyc-bois-d-olive\/wp-content\/uploads\/sites\/147\/2025\/05\/IMG_7412.jpg\" alt=\"\" width=\"140\" height=\"160\" \/><\/a><\/div><div class=\"su-custom-gallery-slide\" style=\"width:140px;height:160px\"><a href=\"https:\/\/etab.ac-reunion.fr\/lyc-bois-d-olive\/wp-content\/uploads\/sites\/147\/2025\/05\/IMG_7415.jpg\" target=\"_blank\" title=\"\"><img loading=\"lazy\" decoding=\"async\" src=\"https:\/\/etab.ac-reunion.fr\/lyc-bois-d-olive\/wp-content\/uploads\/sites\/147\/2025\/05\/IMG_7415.jpg\" alt=\"\" width=\"140\" height=\"160\" \/><\/a><\/div><div class=\"su-custom-gallery-slide\" style=\"width:140px;height:160px\"><a href=\"https:\/\/etab.ac-reunion.fr\/lyc-bois-d-olive\/wp-content\/uploads\/sites\/147\/2025\/05\/IMG_7423.jpg\" target=\"_blank\" title=\"\"><img loading=\"lazy\" decoding=\"async\" src=\"https:\/\/etab.ac-reunion.fr\/lyc-bois-d-olive\/wp-content\/uploads\/sites\/147\/2025\/05\/IMG_7423.jpg\" alt=\"\" width=\"140\" height=\"160\" \/><\/a><\/div><div class=\"su-custom-gallery-slide\" style=\"width:140px;height:160px\"><a href=\"https:\/\/etab.ac-reunion.fr\/lyc-bois-d-olive\/wp-content\/uploads\/sites\/147\/2025\/05\/IMG_7428.jpg\" target=\"_blank\" title=\"\"><img loading=\"lazy\" decoding=\"async\" src=\"https:\/\/etab.ac-reunion.fr\/lyc-bois-d-olive\/wp-content\/uploads\/sites\/147\/2025\/05\/IMG_7428.jpg\" alt=\"\" width=\"140\" height=\"160\" \/><\/a><\/div><div class=\"su-custom-gallery-slide\" style=\"width:140px;height:160px\"><a href=\"https:\/\/etab.ac-reunion.fr\/lyc-bois-d-olive\/wp-content\/uploads\/sites\/147\/2025\/05\/IMG_7429.jpg\" target=\"_blank\" title=\"\"><img loading=\"lazy\" decoding=\"async\" src=\"https:\/\/etab.ac-reunion.fr\/lyc-bois-d-olive\/wp-content\/uploads\/sites\/147\/2025\/05\/IMG_7429.jpg\" alt=\"\" width=\"140\" height=\"160\" \/><\/a><\/div><div class=\"su-clear\"><\/div><\/div>\n<p><span style=\"text-decoration: underline\"><strong>Des t\u00e9moignages forts et engag\u00e9s<\/strong><\/span><\/p>\n<p><strong>Nicolas<\/strong> : <em>J\u2019ai appr\u00e9ci\u00e9 que ce film soit produit \u00e0 La R\u00e9union et qu\u2019il soit en cr\u00e9ole. Voir nos paysages et notre culture repr\u00e9sent\u00e9s \u00e0 l\u2019\u00e9cran \u00e9tait une belle exp\u00e9rience et les acteurs ont su donner vie \u00e0 leur r\u00f4le avec justesse.<\/em><\/p>\n<p><strong>Baptiste<\/strong> : <em>Le sc\u00e9nario \u00e9tait puissant, et j\u2019ai trouv\u00e9 fascinant que ce soit le premier long-m\u00e9trage du r\u00e9alisateur ainsi que des jeunes acteurs. Ce film met aussi en lumi\u00e8re un sujet sensible : la violence conjugale, qui est malheureusement tr\u00e8s pr\u00e9sente sur l\u2019\u00eele.<\/em><\/p>\n<p><strong>Camille<\/strong> : <em>Ce film sensibilise \u00e0 une r\u00e9alit\u00e9 sociale souvent ignor\u00e9e. Les \u00e9motions sont bien retranscrites, et l\u2019ambiance intime du CDI a favoris\u00e9 les \u00e9changes. La rencontre avec le r\u00e9alisateur a \u00e9t\u00e9 particuli\u00e8rement enrichissante.<\/em><\/p>\n<p><strong>Kassie<\/strong> : <em>Les paysages de La R\u00e9union sont sublimes, et l\u2019histoire m\u2019a captiv\u00e9e. Je ne suis pas habitu\u00e9e \u00e0 ce type de film, mais celui-ci m\u2019a \u00e9norm\u00e9ment plu. Il traite avec finesse des violences familiales et du drame des enfants abandonn\u00e9s.<\/em><\/p>\n<p><strong>Manon<\/strong> : <em>L\u2019histoire est touchante et fait \u00e9cho \u00e0 des r\u00e9alit\u00e9s que nous connaissons ici, notamment le taux \u00e9lev\u00e9 de violence conjugale et intrafamiliale. Beaucoup de personnes peuvent malheureusement se reconna\u00eetre dans ce film.<\/em><\/p>\n<p><strong>Ma\u00ebra<\/strong> : <em>Ce film met en valeur mon \u00eele \u00e0 travers ses paysages tout en abordant des probl\u00e9matiques familiales qui posent question: les violences intrafamiliales et la prise en charge des mineurs en foyers.<\/em><\/p>\n<p><strong>L\u00e9o<\/strong> : <em>J\u2019ai trouv\u00e9 particuli\u00e8rement marquante la danse d\u2019un des acteurs, qui exprimait la col\u00e8re et les \u00e9motions du personnage avec intensit\u00e9. \u00catre en comit\u00e9 restreint dans le CDI a rendu la projection plus immersive.<\/em><\/p>\n<p><strong>Louis<\/strong> : <em>L\u2019image et le son \u00e9taient d\u2019une grande qualit\u00e9, et les acteurs ont su transmettre avec r\u00e9alisme les \u00e9motions de leurs personnages. Le r\u00e9alisateur a su capturer l\u2019essence de son sujet avec beaucoup de justesse.<\/em><\/p>\n<p><strong>Lorenzo<\/strong> : <em>Le film refl\u00e8te une r\u00e9alit\u00e9 sociale que j\u2019ai d\u00e9j\u00e0 observ\u00e9e dans la vraie vie. L\u2019histoire de Thomas, l\u2019acteur principal, est bouleversante : entre abandon, col\u00e8re contenue et mauvaises fr\u00e9quentations, son r\u00f4le est complexe et marquant.<\/em><\/p>\n<p>Par ces regards crois\u00e9s, <strong>MARMAILLE <\/strong>s\u2019est impos\u00e9 comme un <strong>v\u00e9ritable miroir de la soci\u00e9t\u00e9<\/strong>, suscitant des r\u00e9flexions profondes chez les \u00e9l\u00e8ves. Gr\u00e2ce \u00e0 cette projection et \u00e0 la rencontre avec <strong>Gr\u00e9gory LUCILLY<\/strong>, les \u00e9l\u00e8ves ont mesur\u00e9 la puissance du cin\u00e9ma en tant que vecteur d\u2019\u00e9motions et de d\u00e9bats.<\/p>\n<p><span style=\"text-decoration: underline\"><strong>Remerciements\u00a0<\/strong><\/span><\/p>\n<p>Un immense merci \u00e0 <strong>l\u2019\u00e9quipe de direction<\/strong>, dont le soutien et l\u2019engagement ont permis de faire de cette rencontre un v\u00e9ritable moment d\u2019\u00e9changes et de d\u00e9couverte cin\u00e9matographique.<\/p>\n<p><strong>Un grand merci \u00e0 l\u2019\u00e9quipe de la gestion et aux agents<\/strong> dont l&rsquo;implication ont permis de proposer un cadre agr\u00e9able \u00e0 la projection et \u00e0 la rencontre.<\/p>\n<p>Bravo \u00e0 <strong>l\u2019\u00e9quipe d\u2019UNIS CITE avec Kyban, Romain et Samuel sous la direction de Marine ARBASETTE<\/strong>, qui, par son travail et son investissement, a offert aux \u00e9l\u00e8ves une exp\u00e9rience immersive et enrichissante autour du film.<\/p>\n<p>Nos sinc\u00e8res remerciements \u00e0 <strong>Gr\u00e9gory LUCILLY<\/strong>, pour sa disponibilit\u00e9 et le partage passionn\u00e9 de son \u0153uvre, permettant aux \u00e9l\u00e8ves de mieux comprendre la richesse du cin\u00e9ma r\u00e9unionnais.<\/p>\n<p>F\u00e9licitations aux <strong>\u00e9l\u00e8ves<\/strong>, dont la curiosit\u00e9, la r\u00e9flexion et l\u2019engagement ont donn\u00e9 tout son sens \u00e0 cette action ! Leur participation t\u00e9moigne de l\u2019importance de poursuivre ces \u00e9changes et de continuer \u00e0 promouvoir l\u2019art et la culture aupr\u00e8s des jeunes.<\/p>\n<p><strong>Article r\u00e9dig\u00e9 par Manuella MELCHIOR (professeure d\u2019histoire-g\u00e9ographie) avec la collaboration de Karine FAVRE (professeure documentaliste) et Anne-Laure MOUTIAPOULE (assistante documentaliste). <\/strong><\/p>\n","protected":false},"excerpt":{"rendered":"<p>Les \u00e9l\u00e8ves de 2nde ont eu l\u2019opportunit\u00e9 de d\u00e9couvrir MARMAILLE, un film poignant qui aborde des th\u00e8mes universels et profond\u00e9ment\u2026<\/p>\n<p class=\"continue-reading-button\"> <a class=\"continue-reading-link\" href=\"https:\/\/etab.ac-reunion.fr\/lyc-bois-d-olive\/marmailles-une-immersion-touchante-dans-le-cinema-local\/\">Lire la suite<i class=\"crycon-right-dir\"><\/i><\/a><\/p>\n","protected":false},"author":11813,"featured_media":16241,"comment_status":"closed","ping_status":"closed","sticky":false,"template":"","format":"standard","meta":{"footnotes":""},"categories":[6],"tags":[],"class_list":["post-16240","post","type-post","status-publish","format-standard","has-post-thumbnail","hentry","category-actions-et-projets"],"_links":{"self":[{"href":"https:\/\/etab.ac-reunion.fr\/lyc-bois-d-olive\/wp-json\/wp\/v2\/posts\/16240","targetHints":{"allow":["GET"]}}],"collection":[{"href":"https:\/\/etab.ac-reunion.fr\/lyc-bois-d-olive\/wp-json\/wp\/v2\/posts"}],"about":[{"href":"https:\/\/etab.ac-reunion.fr\/lyc-bois-d-olive\/wp-json\/wp\/v2\/types\/post"}],"author":[{"embeddable":true,"href":"https:\/\/etab.ac-reunion.fr\/lyc-bois-d-olive\/wp-json\/wp\/v2\/users\/11813"}],"replies":[{"embeddable":true,"href":"https:\/\/etab.ac-reunion.fr\/lyc-bois-d-olive\/wp-json\/wp\/v2\/comments?post=16240"}],"version-history":[{"count":6,"href":"https:\/\/etab.ac-reunion.fr\/lyc-bois-d-olive\/wp-json\/wp\/v2\/posts\/16240\/revisions"}],"predecessor-version":[{"id":16277,"href":"https:\/\/etab.ac-reunion.fr\/lyc-bois-d-olive\/wp-json\/wp\/v2\/posts\/16240\/revisions\/16277"}],"wp:featuredmedia":[{"embeddable":true,"href":"https:\/\/etab.ac-reunion.fr\/lyc-bois-d-olive\/wp-json\/wp\/v2\/media\/16241"}],"wp:attachment":[{"href":"https:\/\/etab.ac-reunion.fr\/lyc-bois-d-olive\/wp-json\/wp\/v2\/media?parent=16240"}],"wp:term":[{"taxonomy":"category","embeddable":true,"href":"https:\/\/etab.ac-reunion.fr\/lyc-bois-d-olive\/wp-json\/wp\/v2\/categories?post=16240"},{"taxonomy":"post_tag","embeddable":true,"href":"https:\/\/etab.ac-reunion.fr\/lyc-bois-d-olive\/wp-json\/wp\/v2\/tags?post=16240"}],"curies":[{"name":"wp","href":"https:\/\/api.w.org\/{rel}","templated":true}]}}