{"id":16782,"date":"2025-08-25T16:06:42","date_gmt":"2025-08-25T12:06:42","guid":{"rendered":"https:\/\/etab.ac-reunion.fr\/lyc-bois-d-olive\/?p=16782"},"modified":"2025-08-25T16:06:42","modified_gmt":"2025-08-25T12:06:42","slug":"de-belles-randonnees-pour-commencer-lannee","status":"publish","type":"post","link":"https:\/\/etab.ac-reunion.fr\/lyc-bois-d-olive\/de-belles-randonnees-pour-commencer-lannee\/","title":{"rendered":"De belles randonn\u00e9es pour commencer l&rsquo;ann\u00e9e !"},"content":{"rendered":"<blockquote><p>Dans le cadre de la semaine d&rsquo;int\u00e9gration, les \u00e9l\u00e8ves de 1\u00e8re ann\u00e9e de CAP et de BMA ainsi que les 2ndes BAC PRO CDBTP ont particip\u00e9 aux randonn\u00e9es du mercredi 20 et jeudi 21 ao\u00fbt 2025.<\/p><\/blockquote>\n<p><!--more--><br \/>\nSi les \u00e9l\u00e8ves de CAP ont eu la chance d&#8217;emprunter les sentiers bien connus de la for\u00eat de l&rsquo;Etang Sal\u00e9, les 2ndes BAC PRO ont d\u00e9couvert celui de Ravine Tabac, situ\u00e9 sur la c\u00f4te ouest de l&rsquo;\u00eele. Ils \u00e9taient encadr\u00e9s par tous leurs professeurs d&rsquo;EPS mais aussi par quelques t\u00e9m\u00e9raires enseignants de la SEP.<\/p>\n<p>Pour tous, ce fut une belle occasion de mieux faire connaissance tout en sillonnant des sentiers connus ou encore m\u00e9connus !<\/p>\n<div class=\"su-custom-gallery su-custom-gallery-align-left su-custom-gallery-title-never\"><div class=\"su-custom-gallery-slide\" style=\"width:140px;height:160px\"><a href=\"https:\/\/etab.ac-reunion.fr\/lyc-bois-d-olive\/wp-content\/uploads\/sites\/147\/2025\/08\/photo-3-ravine-tabac-e1756122847650.jpeg\" target=\"_blank\" title=\"\"><img loading=\"lazy\" decoding=\"async\" src=\"https:\/\/etab.ac-reunion.fr\/lyc-bois-d-olive\/wp-content\/uploads\/sites\/147\/2025\/08\/photo-3-ravine-tabac-e1756122847650.jpeg\" alt=\"\" width=\"140\" height=\"160\" \/><\/a><\/div><div class=\"su-custom-gallery-slide\" style=\"width:140px;height:160px\"><a href=\"https:\/\/etab.ac-reunion.fr\/lyc-bois-d-olive\/wp-content\/uploads\/sites\/147\/2025\/08\/photo-1-ravine-tabac.jpeg\" target=\"_blank\" title=\"\"><img loading=\"lazy\" decoding=\"async\" src=\"https:\/\/etab.ac-reunion.fr\/lyc-bois-d-olive\/wp-content\/uploads\/sites\/147\/2025\/08\/photo-1-ravine-tabac.jpeg\" alt=\"\" width=\"140\" height=\"160\" \/><\/a><\/div><div class=\"su-custom-gallery-slide\" style=\"width:140px;height:160px\"><a href=\"https:\/\/etab.ac-reunion.fr\/lyc-bois-d-olive\/wp-content\/uploads\/sites\/147\/2025\/08\/Photo-2-ravine-tabac.jpeg\" target=\"_blank\" title=\"\"><img loading=\"lazy\" decoding=\"async\" src=\"https:\/\/etab.ac-reunion.fr\/lyc-bois-d-olive\/wp-content\/uploads\/sites\/147\/2025\/08\/Photo-2-ravine-tabac.jpeg\" alt=\"\" width=\"140\" height=\"160\" \/><\/a><\/div><div class=\"su-custom-gallery-slide\" style=\"width:140px;height:160px\"><a href=\"https:\/\/etab.ac-reunion.fr\/lyc-bois-d-olive\/wp-content\/uploads\/sites\/147\/2025\/08\/photo-4-ravine-tabac.jpeg\" target=\"_blank\" title=\"\"><img loading=\"lazy\" decoding=\"async\" src=\"https:\/\/etab.ac-reunion.fr\/lyc-bois-d-olive\/wp-content\/uploads\/sites\/147\/2025\/08\/photo-4-ravine-tabac.jpeg\" alt=\"\" width=\"140\" height=\"160\" \/><\/a><\/div><div class=\"su-custom-gallery-slide\" style=\"width:140px;height:160px\"><a href=\"https:\/\/etab.ac-reunion.fr\/lyc-bois-d-olive\/wp-content\/uploads\/sites\/147\/2025\/08\/Photo-7-ravine-tabac.jpeg\" target=\"_blank\" title=\"\"><img loading=\"lazy\" decoding=\"async\" src=\"https:\/\/etab.ac-reunion.fr\/lyc-bois-d-olive\/wp-content\/uploads\/sites\/147\/2025\/08\/Photo-7-ravine-tabac.jpeg\" alt=\"\" width=\"140\" height=\"160\" \/><\/a><\/div><div class=\"su-custom-gallery-slide\" style=\"width:140px;height:160px\"><a href=\"https:\/\/etab.ac-reunion.fr\/lyc-bois-d-olive\/wp-content\/uploads\/sites\/147\/2025\/08\/Photo-8-ravine-tabac-scaled-e1756122870504.jpeg\" target=\"_blank\" title=\"\"><img loading=\"lazy\" decoding=\"async\" src=\"https:\/\/etab.ac-reunion.fr\/lyc-bois-d-olive\/wp-content\/uploads\/sites\/147\/2025\/08\/Photo-8-ravine-tabac-scaled-e1756122870504.jpeg\" alt=\"\" width=\"140\" height=\"160\" \/><\/a><\/div><div class=\"su-custom-gallery-slide\" style=\"width:140px;height:160px\"><a href=\"https:\/\/etab.ac-reunion.fr\/lyc-bois-d-olive\/wp-content\/uploads\/sites\/147\/2025\/08\/Photo-11-ravine-tabac-scaled-e1756122882932.jpeg\" target=\"_blank\" title=\"\"><img loading=\"lazy\" decoding=\"async\" src=\"https:\/\/etab.ac-reunion.fr\/lyc-bois-d-olive\/wp-content\/uploads\/sites\/147\/2025\/08\/Photo-11-ravine-tabac-scaled-e1756122882932.jpeg\" alt=\"\" width=\"140\" height=\"160\" \/><\/a><\/div><div class=\"su-custom-gallery-slide\" style=\"width:140px;height:160px\"><a href=\"https:\/\/etab.ac-reunion.fr\/lyc-bois-d-olive\/wp-content\/uploads\/sites\/147\/2025\/08\/Photo-14-ravine-tabac.jpeg\" target=\"_blank\" title=\"\"><img loading=\"lazy\" decoding=\"async\" src=\"https:\/\/etab.ac-reunion.fr\/lyc-bois-d-olive\/wp-content\/uploads\/sites\/147\/2025\/08\/Photo-14-ravine-tabac.jpeg\" alt=\"\" width=\"140\" height=\"160\" \/><\/a><\/div><div class=\"su-clear\"><\/div><\/div>\n<p><strong>Article r\u00e9dig\u00e9 par Mme MIGNOQUET, professeure d&rsquo;EPS.<\/strong><\/p>\n","protected":false},"excerpt":{"rendered":"<p>Dans le cadre de la semaine d&rsquo;int\u00e9gration, les \u00e9l\u00e8ves de 1\u00e8re ann\u00e9e de CAP et de BMA ainsi que les\u2026<\/p>\n<p class=\"continue-reading-button\"> <a class=\"continue-reading-link\" href=\"https:\/\/etab.ac-reunion.fr\/lyc-bois-d-olive\/de-belles-randonnees-pour-commencer-lannee\/\">Lire la suite<i class=\"crycon-right-dir\"><\/i><\/a><\/p>\n","protected":false},"author":11582,"featured_media":16797,"comment_status":"closed","ping_status":"closed","sticky":false,"template":"","format":"standard","meta":{"footnotes":""},"categories":[6,11,10],"tags":[],"class_list":["post-16782","post","type-post","status-publish","format-standard","has-post-thumbnail","hentry","category-actions-et-projets","category-eps","category-professionnel"],"_links":{"self":[{"href":"https:\/\/etab.ac-reunion.fr\/lyc-bois-d-olive\/wp-json\/wp\/v2\/posts\/16782","targetHints":{"allow":["GET"]}}],"collection":[{"href":"https:\/\/etab.ac-reunion.fr\/lyc-bois-d-olive\/wp-json\/wp\/v2\/posts"}],"about":[{"href":"https:\/\/etab.ac-reunion.fr\/lyc-bois-d-olive\/wp-json\/wp\/v2\/types\/post"}],"author":[{"embeddable":true,"href":"https:\/\/etab.ac-reunion.fr\/lyc-bois-d-olive\/wp-json\/wp\/v2\/users\/11582"}],"replies":[{"embeddable":true,"href":"https:\/\/etab.ac-reunion.fr\/lyc-bois-d-olive\/wp-json\/wp\/v2\/comments?post=16782"}],"version-history":[{"count":6,"href":"https:\/\/etab.ac-reunion.fr\/lyc-bois-d-olive\/wp-json\/wp\/v2\/posts\/16782\/revisions"}],"predecessor-version":[{"id":16796,"href":"https:\/\/etab.ac-reunion.fr\/lyc-bois-d-olive\/wp-json\/wp\/v2\/posts\/16782\/revisions\/16796"}],"wp:featuredmedia":[{"embeddable":true,"href":"https:\/\/etab.ac-reunion.fr\/lyc-bois-d-olive\/wp-json\/wp\/v2\/media\/16797"}],"wp:attachment":[{"href":"https:\/\/etab.ac-reunion.fr\/lyc-bois-d-olive\/wp-json\/wp\/v2\/media?parent=16782"}],"wp:term":[{"taxonomy":"category","embeddable":true,"href":"https:\/\/etab.ac-reunion.fr\/lyc-bois-d-olive\/wp-json\/wp\/v2\/categories?post=16782"},{"taxonomy":"post_tag","embeddable":true,"href":"https:\/\/etab.ac-reunion.fr\/lyc-bois-d-olive\/wp-json\/wp\/v2\/tags?post=16782"}],"curies":[{"name":"wp","href":"https:\/\/api.w.org\/{rel}","templated":true}]}}