{"id":172,"date":"2016-12-07T17:49:50","date_gmt":"2016-12-07T16:49:50","guid":{"rendered":"http:\/\/lycee-bois-d-olive-tmp.ac-reunion.fr\/?p=172"},"modified":"2016-12-07T18:12:09","modified_gmt":"2016-12-07T17:12:09","slug":"ceremonie-de-remise-de-diplomes","status":"publish","type":"post","link":"https:\/\/etab.ac-reunion.fr\/lyc-bois-d-olive\/ceremonie-de-remise-de-diplomes\/","title":{"rendered":"C\u00e9r\u00e9monie de remise des dipl\u00f4mes"},"content":{"rendered":"<p><strong>Si beaucoup retiendront du mardi 08 novembre 2016 les \u00e9lections pr\u00e9sidentielles am\u00e9ricaines, les laur\u00e9ats aux examens de CAP, BEP et BAC PRO, toutes fili\u00e8res confondues, penseront probablement \u00e0 leurs dipl\u00f4mes re\u00e7us ce jour-l\u00e0. Retour sur cet \u00e9v\u00e9nement annonc\u00e9 et attendu\u2026<\/strong><\/p>\n<p><!--more--><\/p>\n<p>Peu apr\u00e8s 15h, une flop\u00e9e d\u2019\u00e9l\u00e8ves, d\u2019enseignants et de parents afflue vers le r\u00e9fectoire du lyc\u00e9e, transform\u00e9 pour l\u2019occasion en mini salle de r\u00e9ception. Pendant que nos sympathiques agents drapent les tables du fond de nappes blanche et vert pomme et s\u2019affairent \u00e0 pr\u00e9parer une g\u00e9n\u00e9reuse collation, tout ce beau monde prend place sur les chaises dispos\u00e9es en plusieurs rangs.<\/p>\n<p>Apr\u00e8s quelques minutes d\u2019attente, les deux personnels de direction, Mme DOUBLET et M. QUENTEL ont ouvert cette 5<sup>\u00e8me<\/sup> c\u00e9r\u00e9monie de remise des dipl\u00f4mes avec leurs traditionnels discours, ne manquant pas de congratuler les laur\u00e9ats de la session 2016 pour leur r\u00e9ussite aux examens. Ce fut ensuite au tour de la ma\u00eetresse de c\u00e9r\u00e9monie, Mme CHEN-YIN-HUO, de prendre la parole et d\u2019exprimer ses remerciements \u00e0 l\u2019ensemble des personnes qui ont contribu\u00e9 \u00e0 l\u2019organisation de cet \u00e9v\u00e9nement.<\/p>\n<p>Les <em>speeches<\/em> termin\u00e9s, c\u2019est sous de chaleureux applaudissements et sous le regard bienveillant de leurs enseignants que les nouveaux dipl\u00f4m\u00e9s se sont vu remettre leurs pr\u00e9cieux s\u00e9sames des mains de celui ou celle qui a \u00e9t\u00e9 leur professeur(e) principal(e) pendant leur scolarit\u00e9 \u00e0 Bois d\u2019Olive.<\/p>\n<p>Comme \u00e0 l\u2019accoutum\u00e9e, la c\u00e9r\u00e9monie s\u2019est achev\u00e9e sur un pot offert par le lyc\u00e9e. L\u2019occasion pour chacun d\u2019\u00e9veiller leurs papilles et d\u2019\u00e9changer sur la vie \u00ab\u00a0apr\u00e8s-lyc\u00e9e\u00a0\u00bb. Vie active pour certains, poursuite d\u2019\u00e9tudes pour d\u2019autres. C\u2019est sur une note d\u2019ambition que s\u2019est referm\u00e9e cette 5<sup>\u00e8me<\/sup> \u00e9dition\u2026<\/p>\n<p>Apr\u00e8s cette br\u00e8ve prose, revivez maintenant cette c\u00e9r\u00e9monie de remise de dipl\u00f4mes en images&#8230;<\/p>\n<div class=\"su-custom-gallery su-custom-gallery-align-left su-custom-gallery-title-hover su-lightbox-gallery\"><div class=\"su-custom-gallery-slide\" style=\"width:90px;height:90px\"><a href=\"https:\/\/etab.ac-reunion.fr\/lyc-bois-d-olive\/wp-content\/uploads\/sites\/147\/2016\/12\/c\u00e9r\u00e9monie-de-remise-de-dipl\u00f4mes.jpg\" title=\"ceremonie-de-remise-de-diplomes\"><img loading=\"lazy\" decoding=\"async\" src=\"https:\/\/etab.ac-reunion.fr\/lyc-bois-d-olive\/wp-content\/uploads\/sites\/147\/2016\/12\/c\u00e9r\u00e9monie-de-remise-de-dipl\u00f4mes.jpg\" alt=\"ceremonie-de-remise-de-diplomes\" width=\"90\" height=\"90\" \/><span class=\"su-custom-gallery-title\">ceremonie-de-remise-de-diplomes<\/span><\/a><\/div><div class=\"su-custom-gallery-slide\" style=\"width:90px;height:90px\"><a href=\"https:\/\/etab.ac-reunion.fr\/lyc-bois-d-olive\/wp-content\/uploads\/sites\/147\/2016\/12\/discours-de-la-proviseure.jpg\" title=\"discours-de-la-proviseure\"><img loading=\"lazy\" decoding=\"async\" src=\"https:\/\/etab.ac-reunion.fr\/lyc-bois-d-olive\/wp-content\/uploads\/sites\/147\/2016\/12\/discours-de-la-proviseure.jpg\" alt=\"discours-de-la-proviseure\" width=\"90\" height=\"90\" \/><span class=\"su-custom-gallery-title\">discours-de-la-proviseure<\/span><\/a><\/div><div class=\"su-custom-gallery-slide\" style=\"width:90px;height:90px\"><a href=\"https:\/\/etab.ac-reunion.fr\/lyc-bois-d-olive\/wp-content\/uploads\/sites\/147\/2016\/12\/discours-de-Mme-CHEN.jpg\" title=\"discours-de-mme-chen\"><img loading=\"lazy\" decoding=\"async\" src=\"https:\/\/etab.ac-reunion.fr\/lyc-bois-d-olive\/wp-content\/uploads\/sites\/147\/2016\/12\/discours-de-Mme-CHEN.jpg\" alt=\"discours-de-mme-chen\" width=\"90\" height=\"90\" \/><span class=\"su-custom-gallery-title\">discours-de-mme-chen<\/span><\/a><\/div><div class=\"su-custom-gallery-slide\" style=\"width:90px;height:90px\"><a href=\"https:\/\/etab.ac-reunion.fr\/lyc-bois-d-olive\/wp-content\/uploads\/sites\/147\/2016\/12\/laur\u00e9at-BAC-PRO-AFB-2.jpg\" title=\"laureat-bac-pro-afb-2\"><img loading=\"lazy\" decoding=\"async\" src=\"https:\/\/etab.ac-reunion.fr\/lyc-bois-d-olive\/wp-content\/uploads\/sites\/147\/2016\/12\/laur\u00e9at-BAC-PRO-AFB-2.jpg\" alt=\"laureat-bac-pro-afb-2\" width=\"90\" height=\"90\" \/><span class=\"su-custom-gallery-title\">laureat-bac-pro-afb-2<\/span><\/a><\/div><div class=\"su-custom-gallery-slide\" style=\"width:90px;height:90px\"><a href=\"https:\/\/etab.ac-reunion.fr\/lyc-bois-d-olive\/wp-content\/uploads\/sites\/147\/2016\/12\/laur\u00e9at-BAC-PRO-AFB-1.jpg\" title=\"laureat-bac-pro-afb-1\"><img loading=\"lazy\" decoding=\"async\" src=\"https:\/\/etab.ac-reunion.fr\/lyc-bois-d-olive\/wp-content\/uploads\/sites\/147\/2016\/12\/laur\u00e9at-BAC-PRO-AFB-1.jpg\" alt=\"laureat-bac-pro-afb-1\" width=\"90\" height=\"90\" \/><span class=\"su-custom-gallery-title\">laureat-bac-pro-afb-1<\/span><\/a><\/div><div class=\"su-custom-gallery-slide\" style=\"width:90px;height:90px\"><a href=\"https:\/\/etab.ac-reunion.fr\/lyc-bois-d-olive\/wp-content\/uploads\/sites\/147\/2016\/12\/laur\u00e9at-BAC-PRO-TP-2.jpg\" title=\"laureat-bac-pro-tp-2\"><img loading=\"lazy\" decoding=\"async\" src=\"https:\/\/etab.ac-reunion.fr\/lyc-bois-d-olive\/wp-content\/uploads\/sites\/147\/2016\/12\/laur\u00e9at-BAC-PRO-TP-2.jpg\" alt=\"laureat-bac-pro-tp-2\" width=\"90\" height=\"90\" \/><span class=\"su-custom-gallery-title\">laureat-bac-pro-tp-2<\/span><\/a><\/div><div class=\"su-custom-gallery-slide\" style=\"width:90px;height:90px\"><a href=\"https:\/\/etab.ac-reunion.fr\/lyc-bois-d-olive\/wp-content\/uploads\/sites\/147\/2016\/12\/laur\u00e9at-BAC-PRO-TP-1.jpg\" title=\"laureat-bac-pro-tp-1\"><img loading=\"lazy\" decoding=\"async\" src=\"https:\/\/etab.ac-reunion.fr\/lyc-bois-d-olive\/wp-content\/uploads\/sites\/147\/2016\/12\/laur\u00e9at-BAC-PRO-TP-1.jpg\" alt=\"laureat-bac-pro-tp-1\" width=\"90\" height=\"90\" \/><span class=\"su-custom-gallery-title\">laureat-bac-pro-tp-1<\/span><\/a><\/div><div class=\"su-custom-gallery-slide\" style=\"width:90px;height:90px\"><a href=\"https:\/\/etab.ac-reunion.fr\/lyc-bois-d-olive\/wp-content\/uploads\/sites\/147\/2016\/12\/laur\u00e9at-BAC-PRO-TP-3.jpg\" title=\"laureat-bac-pro-tp-3\"><img loading=\"lazy\" decoding=\"async\" src=\"https:\/\/etab.ac-reunion.fr\/lyc-bois-d-olive\/wp-content\/uploads\/sites\/147\/2016\/12\/laur\u00e9at-BAC-PRO-TP-3.jpg\" alt=\"laureat-bac-pro-tp-3\" width=\"90\" height=\"90\" \/><span class=\"su-custom-gallery-title\">laureat-bac-pro-tp-3<\/span><\/a><\/div><div class=\"su-custom-gallery-slide\" style=\"width:90px;height:90px\"><a href=\"https:\/\/etab.ac-reunion.fr\/lyc-bois-d-olive\/wp-content\/uploads\/sites\/147\/2016\/12\/laur\u00e9at-BEP-TP2.jpg\" title=\"laureat-bep-tp2\"><img loading=\"lazy\" decoding=\"async\" src=\"https:\/\/etab.ac-reunion.fr\/lyc-bois-d-olive\/wp-content\/uploads\/sites\/147\/2016\/12\/laur\u00e9at-BEP-TP2.jpg\" alt=\"laureat-bep-tp2\" width=\"90\" height=\"90\" \/><span class=\"su-custom-gallery-title\">laureat-bep-tp2<\/span><\/a><\/div><div class=\"su-custom-gallery-slide\" style=\"width:90px;height:90px\"><a href=\"https:\/\/etab.ac-reunion.fr\/lyc-bois-d-olive\/wp-content\/uploads\/sites\/147\/2016\/12\/laur\u00e9at-BEP-TP-1.jpg\" title=\"laureat-bep-tp-1\"><img loading=\"lazy\" decoding=\"async\" src=\"https:\/\/etab.ac-reunion.fr\/lyc-bois-d-olive\/wp-content\/uploads\/sites\/147\/2016\/12\/laur\u00e9at-BEP-TP-1.jpg\" alt=\"laureat-bep-tp-1\" width=\"90\" height=\"90\" \/><span class=\"su-custom-gallery-title\">laureat-bep-tp-1<\/span><\/a><\/div><div class=\"su-custom-gallery-slide\" style=\"width:90px;height:90px\"><a href=\"https:\/\/etab.ac-reunion.fr\/lyc-bois-d-olive\/wp-content\/uploads\/sites\/147\/2016\/12\/laur\u00e9at-BEP-AFB-2.jpg\" title=\"laureat-bep-afb-2\"><img loading=\"lazy\" decoding=\"async\" src=\"https:\/\/etab.ac-reunion.fr\/lyc-bois-d-olive\/wp-content\/uploads\/sites\/147\/2016\/12\/laur\u00e9at-BEP-AFB-2.jpg\" alt=\"laureat-bep-afb-2\" width=\"90\" height=\"90\" \/><span class=\"su-custom-gallery-title\">laureat-bep-afb-2<\/span><\/a><\/div><div class=\"su-custom-gallery-slide\" style=\"width:90px;height:90px\"><a href=\"https:\/\/etab.ac-reunion.fr\/lyc-bois-d-olive\/wp-content\/uploads\/sites\/147\/2016\/12\/laur\u00e9at-BEP-AFB-1.jpg\" title=\"laureat-bep-afb-1\"><img loading=\"lazy\" decoding=\"async\" src=\"https:\/\/etab.ac-reunion.fr\/lyc-bois-d-olive\/wp-content\/uploads\/sites\/147\/2016\/12\/laur\u00e9at-BEP-AFB-1.jpg\" alt=\"laureat-bep-afb-1\" width=\"90\" height=\"90\" \/><span class=\"su-custom-gallery-title\">laureat-bep-afb-1<\/span><\/a><\/div><div class=\"su-custom-gallery-slide\" style=\"width:90px;height:90px\"><a href=\"https:\/\/etab.ac-reunion.fr\/lyc-bois-d-olive\/wp-content\/uploads\/sites\/147\/2016\/12\/laur\u00e9at-CAP-SED-3.jpg\" title=\"laureat-cap-sed-3\"><img loading=\"lazy\" decoding=\"async\" src=\"https:\/\/etab.ac-reunion.fr\/lyc-bois-d-olive\/wp-content\/uploads\/sites\/147\/2016\/12\/laur\u00e9at-CAP-SED-3.jpg\" alt=\"laureat-cap-sed-3\" width=\"90\" height=\"90\" \/><span class=\"su-custom-gallery-title\">laureat-cap-sed-3<\/span><\/a><\/div><div class=\"su-custom-gallery-slide\" style=\"width:90px;height:90px\"><a href=\"https:\/\/etab.ac-reunion.fr\/lyc-bois-d-olive\/wp-content\/uploads\/sites\/147\/2016\/12\/laur\u00e9at-CAP-SED-2.jpg\" title=\"laureat-cap-sed-2\"><img loading=\"lazy\" decoding=\"async\" src=\"https:\/\/etab.ac-reunion.fr\/lyc-bois-d-olive\/wp-content\/uploads\/sites\/147\/2016\/12\/laur\u00e9at-CAP-SED-2.jpg\" alt=\"laureat-cap-sed-2\" width=\"90\" height=\"90\" \/><span class=\"su-custom-gallery-title\">laureat-cap-sed-2<\/span><\/a><\/div><div class=\"su-custom-gallery-slide\" style=\"width:90px;height:90px\"><a href=\"https:\/\/etab.ac-reunion.fr\/lyc-bois-d-olive\/wp-content\/uploads\/sites\/147\/2016\/12\/laur\u00e9at-CAP-SED-1.jpg\" title=\"laureat-cap-sed-1\"><img loading=\"lazy\" decoding=\"async\" src=\"https:\/\/etab.ac-reunion.fr\/lyc-bois-d-olive\/wp-content\/uploads\/sites\/147\/2016\/12\/laur\u00e9at-CAP-SED-1.jpg\" alt=\"laureat-cap-sed-1\" width=\"90\" height=\"90\" \/><span class=\"su-custom-gallery-title\">laureat-cap-sed-1<\/span><\/a><\/div><div class=\"su-custom-gallery-slide\" style=\"width:90px;height:90px\"><a href=\"https:\/\/etab.ac-reunion.fr\/lyc-bois-d-olive\/wp-content\/uploads\/sites\/147\/2016\/12\/laur\u00e9ats-BAC-PRO-TP-Mme-CHEN.jpg\" title=\"laureats-bac-pro-tp-mme-chen\"><img loading=\"lazy\" decoding=\"async\" src=\"https:\/\/etab.ac-reunion.fr\/lyc-bois-d-olive\/wp-content\/uploads\/sites\/147\/2016\/12\/laur\u00e9ats-BAC-PRO-TP-Mme-CHEN.jpg\" alt=\"laureats-bac-pro-tp-mme-chen\" width=\"90\" height=\"90\" \/><span class=\"su-custom-gallery-title\">laureats-bac-pro-tp-mme-chen<\/span><\/a><\/div><div class=\"su-custom-gallery-slide\" style=\"width:90px;height:90px\"><a href=\"https:\/\/etab.ac-reunion.fr\/lyc-bois-d-olive\/wp-content\/uploads\/sites\/147\/2016\/12\/laur\u00e9ats-BAC-PRO-AFB-M.-MAVINGA.jpg\" title=\"laureats-bac-pro-afb-m-mavinga\"><img loading=\"lazy\" decoding=\"async\" src=\"https:\/\/etab.ac-reunion.fr\/lyc-bois-d-olive\/wp-content\/uploads\/sites\/147\/2016\/12\/laur\u00e9ats-BAC-PRO-AFB-M.-MAVINGA.jpg\" alt=\"laureats-bac-pro-afb-m-mavinga\" width=\"90\" height=\"90\" \/><span class=\"su-custom-gallery-title\">laureats-bac-pro-afb-m-mavinga<\/span><\/a><\/div><div class=\"su-custom-gallery-slide\" style=\"width:90px;height:90px\"><a href=\"https:\/\/etab.ac-reunion.fr\/lyc-bois-d-olive\/wp-content\/uploads\/sites\/147\/2016\/12\/le-pot-2.jpg\" title=\"le-pot-2\"><img loading=\"lazy\" decoding=\"async\" src=\"https:\/\/etab.ac-reunion.fr\/lyc-bois-d-olive\/wp-content\/uploads\/sites\/147\/2016\/12\/le-pot-2.jpg\" alt=\"le-pot-2\" width=\"90\" height=\"90\" \/><span class=\"su-custom-gallery-title\">le-pot-2<\/span><\/a><\/div><div class=\"su-custom-gallery-slide\" style=\"width:90px;height:90px\"><a href=\"https:\/\/etab.ac-reunion.fr\/lyc-bois-d-olive\/wp-content\/uploads\/sites\/147\/2016\/12\/le-pot-1.jpg\" title=\"le-pot-1\"><img loading=\"lazy\" decoding=\"async\" src=\"https:\/\/etab.ac-reunion.fr\/lyc-bois-d-olive\/wp-content\/uploads\/sites\/147\/2016\/12\/le-pot-1.jpg\" alt=\"le-pot-1\" width=\"90\" height=\"90\" \/><span class=\"su-custom-gallery-title\">le-pot-1<\/span><\/a><\/div><div class=\"su-custom-gallery-slide\" style=\"width:90px;height:90px\"><a href=\"https:\/\/etab.ac-reunion.fr\/lyc-bois-d-olive\/wp-content\/uploads\/sites\/147\/2016\/12\/les-congratz.jpg\" title=\"les-congratz\"><img loading=\"lazy\" decoding=\"async\" src=\"https:\/\/etab.ac-reunion.fr\/lyc-bois-d-olive\/wp-content\/uploads\/sites\/147\/2016\/12\/les-congratz.jpg\" alt=\"les-congratz\" width=\"90\" height=\"90\" \/><span class=\"su-custom-gallery-title\">les-congratz<\/span><\/a><\/div><div class=\"su-custom-gallery-slide\" style=\"width:90px;height:90px\"><a href=\"https:\/\/etab.ac-reunion.fr\/lyc-bois-d-olive\/wp-content\/uploads\/sites\/147\/2016\/12\/les-supers-agents.jpg\" title=\"les-supers-agents\"><img loading=\"lazy\" decoding=\"async\" src=\"https:\/\/etab.ac-reunion.fr\/lyc-bois-d-olive\/wp-content\/uploads\/sites\/147\/2016\/12\/les-supers-agents.jpg\" alt=\"les-supers-agents\" width=\"90\" height=\"90\" \/><span class=\"su-custom-gallery-title\">les-supers-agents<\/span><\/a><\/div><div class=\"su-clear\"><\/div><\/div>\n<p><strong><em>Nos plus profonds remerciements \u00e0\u00a0:<\/em><\/strong><\/p>\n<p><strong><em>Mme DOUBLET &amp; M. QUENTEL pour leur soutien et leur confiance.<\/em><\/strong><\/p>\n<p><strong><em>M. BOLLORE pour son \u00e9coute et sa collaboration.<\/em><\/strong><\/p>\n<p><strong><em>Mmes MALLEGOL Daisy, ITEMA Aur\u00e9lie, SEMERLE Celrine et les assistants d\u2019\u00e9ducation de la VS2 pour leur aide pr\u00e9cieuse dans l\u2019organisation de la c\u00e9r\u00e9monie.<\/em><\/strong><\/p>\n<p><strong><em>M. NICOLE Jean-Fran\u00e7ois et tous les agents pour leur gentillesse et leur disponibilit\u00e9.<\/em><\/strong><\/p>\n<p><strong><em>Aux membres des \u00e9quipes p\u00e9dagogiques qui ont volontiers particip\u00e9 \u00e0 cette remise de dipl\u00f4mes.<\/em><\/strong><\/p>\n<p><strong>\u00a0<\/strong><\/p>\n<p>&nbsp;<\/p>\n","protected":false},"excerpt":{"rendered":"<p>Si beaucoup retiendront du mardi 08 novembre 2016 les \u00e9lections pr\u00e9sidentielles am\u00e9ricaines, les laur\u00e9ats aux examens de CAP, BEP et\u2026<\/p>\n<p class=\"continue-reading-button\"> <a class=\"continue-reading-link\" href=\"https:\/\/etab.ac-reunion.fr\/lyc-bois-d-olive\/ceremonie-de-remise-de-diplomes\/\">Lire la suite<i class=\"crycon-right-dir\"><\/i><\/a><\/p>\n","protected":false},"author":11582,"featured_media":2196,"comment_status":"open","ping_status":"open","sticky":false,"template":"","format":"standard","meta":{"footnotes":""},"categories":[6],"tags":[],"class_list":["post-172","post","type-post","status-publish","format-standard","has-post-thumbnail","hentry","category-actions-et-projets"],"_links":{"self":[{"href":"https:\/\/etab.ac-reunion.fr\/lyc-bois-d-olive\/wp-json\/wp\/v2\/posts\/172","targetHints":{"allow":["GET"]}}],"collection":[{"href":"https:\/\/etab.ac-reunion.fr\/lyc-bois-d-olive\/wp-json\/wp\/v2\/posts"}],"about":[{"href":"https:\/\/etab.ac-reunion.fr\/lyc-bois-d-olive\/wp-json\/wp\/v2\/types\/post"}],"author":[{"embeddable":true,"href":"https:\/\/etab.ac-reunion.fr\/lyc-bois-d-olive\/wp-json\/wp\/v2\/users\/11582"}],"replies":[{"embeddable":true,"href":"https:\/\/etab.ac-reunion.fr\/lyc-bois-d-olive\/wp-json\/wp\/v2\/comments?post=172"}],"version-history":[{"count":14,"href":"https:\/\/etab.ac-reunion.fr\/lyc-bois-d-olive\/wp-json\/wp\/v2\/posts\/172\/revisions"}],"predecessor-version":[{"id":13407,"href":"https:\/\/etab.ac-reunion.fr\/lyc-bois-d-olive\/wp-json\/wp\/v2\/posts\/172\/revisions\/13407"}],"wp:featuredmedia":[{"embeddable":true,"href":"https:\/\/etab.ac-reunion.fr\/lyc-bois-d-olive\/wp-json\/wp\/v2\/media\/2196"}],"wp:attachment":[{"href":"https:\/\/etab.ac-reunion.fr\/lyc-bois-d-olive\/wp-json\/wp\/v2\/media?parent=172"}],"wp:term":[{"taxonomy":"category","embeddable":true,"href":"https:\/\/etab.ac-reunion.fr\/lyc-bois-d-olive\/wp-json\/wp\/v2\/categories?post=172"},{"taxonomy":"post_tag","embeddable":true,"href":"https:\/\/etab.ac-reunion.fr\/lyc-bois-d-olive\/wp-json\/wp\/v2\/tags?post=172"}],"curies":[{"name":"wp","href":"https:\/\/api.w.org\/{rel}","templated":true}]}}