{"id":17601,"date":"2026-04-22T10:00:10","date_gmt":"2026-04-22T06:00:10","guid":{"rendered":"https:\/\/etab.ac-reunion.fr\/lyc-bois-d-olive\/?p=17601"},"modified":"2026-04-22T10:00:10","modified_gmt":"2026-04-22T06:00:10","slug":"semaine-des-langues-vendredis-des-talents-un-mix-haut-en-couleurs","status":"publish","type":"post","link":"https:\/\/etab.ac-reunion.fr\/lyc-bois-d-olive\/semaine-des-langues-vendredis-des-talents-un-mix-haut-en-couleurs\/","title":{"rendered":"Semaine des Langues &amp; Vendredis des Talents: un mix haut en couleurs"},"content":{"rendered":"<blockquote><p>\u00c0 l\u2019occasion de la Semaine des Langues, nos lyc\u00e9ens ont offert une prestation particuli\u00e8rement inspirante lors de la nouvelle session des <em>Vendredis des Talents<\/em>. Nous avons eu la chance de voir sur sc\u00e8ne Anthony Virginius, notre assistant p\u00e9dagogique !<\/p><\/blockquote>\n<p><!--more--><\/p>\n<p>Chants en plusieurs langues, lancers de diabolos, dialogues improvis\u00e9s, et performances musicales ont rythm\u00e9 un moment d\u2019une grande richesse culturelle.<\/p>\n<p>L\u2019enthousiasme du public compos\u00e9 d\u2019\u00e9l\u00e8ves et du personnel du lyc\u00e9e a port\u00e9 les \u00e9l\u00e8ves talentueux, qui se sont pleinement investis dans cette c\u00e9l\u00e9bration du plurilinguisme. \u00ab <em>J\u2019ai d\u00e9couvert que parler une autre langue, c\u2019est aussi partager une part de soi<\/em> \u00bb, confie Ayla encore \u00e9mue apr\u00e8s sa prestation. Pour Nathan participant aux ateliers Musique Assist\u00e9e par Ordinateur organis\u00e9s par le lyc\u00e9e, avec le soutien de la cit\u00e9 \u00e9ducative de Bois d\u2019Olive, cette sc\u00e8ne fut \u00ab <em>l\u2019occasion de montrer que les langues nous relient bien plus qu\u2019elles ne nous s\u00e9parent <\/em>\u00bb.<\/p>\n<p>Tous ont salu\u00e9 une exp\u00e9rience stimulante, valorisant leur cr\u00e9ativit\u00e9 autant que leur ma\u00eetrise linguistique. Une belle d\u00e9monstration de l\u2019ouverture d\u2019esprit et du dynamisme qui caract\u00e9risent notre lyc\u00e9e.<\/p>\n<p style=\"text-align: center\">Rendez-vous \u00e0 la prochaine session\u00a0!<\/p>\n<p style=\"text-align: left\"><div class=\"su-custom-gallery su-custom-gallery-align-center su-custom-gallery-title-never\"><div class=\"su-custom-gallery-slide\" style=\"width:140px;height:160px\"><a href=\"https:\/\/etab.ac-reunion.fr\/lyc-bois-d-olive\/wp-content\/uploads\/sites\/147\/2026\/04\/IMG_5561-scaled-e1776837004494.jpeg\" target=\"_blank\" title=\"\"><img loading=\"lazy\" decoding=\"async\" src=\"https:\/\/etab.ac-reunion.fr\/lyc-bois-d-olive\/wp-content\/uploads\/sites\/147\/2026\/04\/IMG_5561-scaled-e1776837004494.jpeg\" alt=\"\" width=\"140\" height=\"160\" \/><\/a><\/div><div class=\"su-custom-gallery-slide\" style=\"width:140px;height:160px\"><a href=\"https:\/\/etab.ac-reunion.fr\/lyc-bois-d-olive\/wp-content\/uploads\/sites\/147\/2026\/04\/IMG_5565-scaled-e1776837157703.jpeg\" target=\"_blank\" title=\"\"><img loading=\"lazy\" decoding=\"async\" src=\"https:\/\/etab.ac-reunion.fr\/lyc-bois-d-olive\/wp-content\/uploads\/sites\/147\/2026\/04\/IMG_5565-scaled-e1776837157703.jpeg\" alt=\"\" width=\"140\" height=\"160\" \/><\/a><\/div><div class=\"su-custom-gallery-slide\" style=\"width:140px;height:160px\"><a href=\"https:\/\/etab.ac-reunion.fr\/lyc-bois-d-olive\/wp-content\/uploads\/sites\/147\/2026\/04\/IMG_5573-scaled-e1776837018896.jpeg\" target=\"_blank\" title=\"\"><img loading=\"lazy\" decoding=\"async\" src=\"https:\/\/etab.ac-reunion.fr\/lyc-bois-d-olive\/wp-content\/uploads\/sites\/147\/2026\/04\/IMG_5573-scaled-e1776837018896.jpeg\" alt=\"\" width=\"140\" height=\"160\" \/><\/a><\/div><div class=\"su-custom-gallery-slide\" style=\"width:140px;height:160px\"><a href=\"https:\/\/etab.ac-reunion.fr\/lyc-bois-d-olive\/wp-content\/uploads\/sites\/147\/2026\/04\/IMG_5571-scaled-e1776837177519.jpeg\" target=\"_blank\" title=\"\"><img loading=\"lazy\" decoding=\"async\" src=\"https:\/\/etab.ac-reunion.fr\/lyc-bois-d-olive\/wp-content\/uploads\/sites\/147\/2026\/04\/IMG_5571-scaled-e1776837177519.jpeg\" alt=\"\" width=\"140\" height=\"160\" \/><\/a><\/div><div class=\"su-custom-gallery-slide\" style=\"width:140px;height:160px\"><a href=\"https:\/\/etab.ac-reunion.fr\/lyc-bois-d-olive\/wp-content\/uploads\/sites\/147\/2026\/04\/IMG_5556-scaled-e1776837092986.jpeg\" target=\"_blank\" title=\"\"><img loading=\"lazy\" decoding=\"async\" src=\"https:\/\/etab.ac-reunion.fr\/lyc-bois-d-olive\/wp-content\/uploads\/sites\/147\/2026\/04\/IMG_5556-scaled-e1776837092986.jpeg\" alt=\"\" width=\"140\" height=\"160\" \/><\/a><\/div><div class=\"su-custom-gallery-slide\" style=\"width:140px;height:160px\"><a href=\"https:\/\/etab.ac-reunion.fr\/lyc-bois-d-olive\/wp-content\/uploads\/sites\/147\/2026\/04\/IMG_5567-scaled-e1776837167801.jpeg\" target=\"_blank\" title=\"\"><img loading=\"lazy\" decoding=\"async\" src=\"https:\/\/etab.ac-reunion.fr\/lyc-bois-d-olive\/wp-content\/uploads\/sites\/147\/2026\/04\/IMG_5567-scaled-e1776837167801.jpeg\" alt=\"\" width=\"140\" height=\"160\" \/><\/a><\/div><div class=\"su-custom-gallery-slide\" style=\"width:140px;height:160px\"><a href=\"https:\/\/etab.ac-reunion.fr\/lyc-bois-d-olive\/wp-content\/uploads\/sites\/147\/2026\/04\/IMG_5582-scaled-e1776837224115.jpeg\" target=\"_blank\" title=\"\"><img loading=\"lazy\" decoding=\"async\" src=\"https:\/\/etab.ac-reunion.fr\/lyc-bois-d-olive\/wp-content\/uploads\/sites\/147\/2026\/04\/IMG_5582-scaled-e1776837224115.jpeg\" alt=\"\" width=\"140\" height=\"160\" \/><\/a><\/div><div class=\"su-custom-gallery-slide\" style=\"width:140px;height:160px\"><a href=\"https:\/\/etab.ac-reunion.fr\/lyc-bois-d-olive\/wp-content\/uploads\/sites\/147\/2026\/04\/IMG_5583-1-scaled-e1776837235739.jpeg\" target=\"_blank\" title=\"\"><img loading=\"lazy\" decoding=\"async\" src=\"https:\/\/etab.ac-reunion.fr\/lyc-bois-d-olive\/wp-content\/uploads\/sites\/147\/2026\/04\/IMG_5583-1-scaled-e1776837235739.jpeg\" alt=\"\" width=\"140\" height=\"160\" \/><\/a><\/div><div class=\"su-custom-gallery-slide\" style=\"width:140px;height:160px\"><a href=\"https:\/\/etab.ac-reunion.fr\/lyc-bois-d-olive\/wp-content\/uploads\/sites\/147\/2026\/04\/IMG_5521-scaled-e1776837055635.jpeg\" target=\"_blank\" title=\"\"><img loading=\"lazy\" decoding=\"async\" src=\"https:\/\/etab.ac-reunion.fr\/lyc-bois-d-olive\/wp-content\/uploads\/sites\/147\/2026\/04\/IMG_5521-scaled-e1776837055635.jpeg\" alt=\"\" width=\"140\" height=\"160\" \/><\/a><\/div><div class=\"su-clear\"><\/div><\/div>\n<p><strong><span style=\"text-decoration: underline\">Remerciements<\/span>:<\/strong><\/p>\n<p>Aux \u00e9l\u00e8ves de CAP SDG 1\u00e8re et 2\u00e8me ann\u00e9e qui ont r\u00e9alis\u00e9 la superbe banderole et le logo de la semaine des langues !<\/p>\n<p>A tous les \u00e9l\u00e8ves courageux qui se sont lanc\u00e9s pour cette nouvelle \u00e9dition des Vendredis des Talents: Ruben, Gabriel, Amandine, Ayla, Heleana, Ajeya, Nathan ,Lila, Josselin, Noah, Ethan, Cyril, Yoan, Erwan, Lionel, Ya\u00ebl, Maelys, Laetitia, L\u00e9a et les DJ Darren et Lucas.<\/p>\n<p><strong>Article r\u00e9dig\u00e9 par Manuella Melchior avec la pr\u00e9cieuse collaboration de Christelle Lallemand de la Vie Scolaire.<\/strong><\/p>\n","protected":false},"excerpt":{"rendered":"<p>\u00c0 l\u2019occasion de la Semaine des Langues, nos lyc\u00e9ens ont offert une prestation particuli\u00e8rement inspirante lors de la nouvelle session\u2026<\/p>\n<p class=\"continue-reading-button\"> <a class=\"continue-reading-link\" href=\"https:\/\/etab.ac-reunion.fr\/lyc-bois-d-olive\/semaine-des-langues-vendredis-des-talents-un-mix-haut-en-couleurs\/\">Lire la suite<i class=\"crycon-right-dir\"><\/i><\/a><\/p>\n","protected":false},"author":11813,"featured_media":17676,"comment_status":"closed","ping_status":"closed","sticky":false,"template":"","format":"standard","meta":{"footnotes":""},"categories":[6,46,36,37],"tags":[],"class_list":["post-17601","post","type-post","status-publish","format-standard","has-post-thumbnail","hentry","category-actions-et-projets","category-anglais","category-arts-appliques-et-culture-artistique","category-lettres-anglais"],"_links":{"self":[{"href":"https:\/\/etab.ac-reunion.fr\/lyc-bois-d-olive\/wp-json\/wp\/v2\/posts\/17601","targetHints":{"allow":["GET"]}}],"collection":[{"href":"https:\/\/etab.ac-reunion.fr\/lyc-bois-d-olive\/wp-json\/wp\/v2\/posts"}],"about":[{"href":"https:\/\/etab.ac-reunion.fr\/lyc-bois-d-olive\/wp-json\/wp\/v2\/types\/post"}],"author":[{"embeddable":true,"href":"https:\/\/etab.ac-reunion.fr\/lyc-bois-d-olive\/wp-json\/wp\/v2\/users\/11813"}],"replies":[{"embeddable":true,"href":"https:\/\/etab.ac-reunion.fr\/lyc-bois-d-olive\/wp-json\/wp\/v2\/comments?post=17601"}],"version-history":[{"count":6,"href":"https:\/\/etab.ac-reunion.fr\/lyc-bois-d-olive\/wp-json\/wp\/v2\/posts\/17601\/revisions"}],"predecessor-version":[{"id":17679,"href":"https:\/\/etab.ac-reunion.fr\/lyc-bois-d-olive\/wp-json\/wp\/v2\/posts\/17601\/revisions\/17679"}],"wp:featuredmedia":[{"embeddable":true,"href":"https:\/\/etab.ac-reunion.fr\/lyc-bois-d-olive\/wp-json\/wp\/v2\/media\/17676"}],"wp:attachment":[{"href":"https:\/\/etab.ac-reunion.fr\/lyc-bois-d-olive\/wp-json\/wp\/v2\/media?parent=17601"}],"wp:term":[{"taxonomy":"category","embeddable":true,"href":"https:\/\/etab.ac-reunion.fr\/lyc-bois-d-olive\/wp-json\/wp\/v2\/categories?post=17601"},{"taxonomy":"post_tag","embeddable":true,"href":"https:\/\/etab.ac-reunion.fr\/lyc-bois-d-olive\/wp-json\/wp\/v2\/tags?post=17601"}],"curies":[{"name":"wp","href":"https:\/\/api.w.org\/{rel}","templated":true}]}}