{"id":17617,"date":"2026-04-21T09:32:24","date_gmt":"2026-04-21T05:32:24","guid":{"rendered":"https:\/\/etab.ac-reunion.fr\/lyc-bois-d-olive\/?p=17617"},"modified":"2026-04-21T09:32:24","modified_gmt":"2026-04-21T05:32:24","slug":"kreol-dan-kor-une-immersion-vibrante-pour-les-eleves-de-1g1","status":"publish","type":"post","link":"https:\/\/etab.ac-reunion.fr\/lyc-bois-d-olive\/kreol-dan-kor-une-immersion-vibrante-pour-les-eleves-de-1g1\/","title":{"rendered":"\u201cKr\u00e9ol Dan\u2019 Kor\u201d: une immersion vibrante pour les \u00e9l\u00e8ves de 1G1"},"content":{"rendered":"<p>Dans le cadre de leur parcours culturel et citoyen, les \u00e9l\u00e8ves de 1G1 ont eu l\u2019opportunit\u00e9 de d\u00e9couvrir <em>Kr\u00e9ol Dan\u2019 Kor<\/em>, une cr\u00e9ation m\u00e9tiss\u00e9e pr\u00e9sent\u00e9e sur la sc\u00e8ne de LESPAS \u00e0 Saint\u2011Paul. Cette \u0153uvre contemporaine, salu\u00e9e par la presse locale, explore avec intensit\u00e9 la mani\u00e8re dont les corps portent l\u2019histoire, les m\u00e9moires et les r\u00e9sistances des soci\u00e9t\u00e9s cr\u00e9oles. Entre danse, r\u00e9cit, musique et performance vocale, le spectacle a offert aux \u00e9l\u00e8ves une plong\u00e9e sensible dans les identit\u00e9s ultramarines.<\/p>\n<p>Les \u00e9l\u00e8ves ont abord\u00e9 cette sortie comme un v\u00e9ritable voyage artistique et citoyen. Beaucoup ont \u00e9t\u00e9 touch\u00e9s par la puissance \u00e9motionnelle du spectacle : \u00ab <em>On sent que chaque geste raconte une histoire<\/em> \u00bb, confie <strong>Ryan,<\/strong> tandis que <strong>No\u00e9<\/strong> souligne \u00ab <em>la force des voix et la mani\u00e8re dont elles font revivre des m\u00e9moires qu\u2019on oublie parfois<\/em> \u00bb. <strong>Nohlan<\/strong> a <em>ressenti la complexit\u00e9 des identit\u00e9s multiples cr\u00e9oles qui peut amener \u00e0 mettre en avant une origine plus qu&rsquo;une autre au c\u0153ur des m\u00e9langes.\u00a0<\/em><\/p>\n<p>Cette exp\u00e9rience s\u2019inscrit pleinement dans une d\u00e9marche interdisciplinaire m\u00ealant histoire\u2011g\u00e9ographie, culture humaniste et \u00e9ducation citoyenne. Elle permettra d\u2019engager des travaux sur la m\u00e9moire, la dignit\u00e9, la justice sociale et environnementale, ainsi que sur les h\u00e9ritages de l\u2019esclavage et de la colonisation.<\/p>\n<p>Au\u2011del\u00e0 de la d\u00e9couverte artistique, <em>Kr\u00e9ol Dan\u2019 Kor<\/em> a constitu\u00e9 un moment fort de coh\u00e9sion pour la classe, qui a su accueillir cette proposition avec curiosit\u00e9, respect et sensibilit\u00e9.<\/p>\n<p>Une belle rencontre culturelle qui illustre la richesse des projets men\u00e9s au lyc\u00e9e et l\u2019importance de valoriser les expressions artistiques ultramarines aupr\u00e8s de nos jeunes.<\/p>\n<div class=\"su-custom-gallery su-custom-gallery-align-center su-custom-gallery-title-never\"><div class=\"su-custom-gallery-slide\" style=\"width:120px;height:140px\"><a href=\"https:\/\/etab.ac-reunion.fr\/lyc-bois-d-olive\/wp-content\/uploads\/sites\/147\/2026\/04\/IMG_6271-scaled-e1776685878382.jpeg\" target=\"_blank\" title=\"\"><img loading=\"lazy\" decoding=\"async\" src=\"https:\/\/etab.ac-reunion.fr\/lyc-bois-d-olive\/wp-content\/uploads\/sites\/147\/2026\/04\/IMG_6271-scaled-e1776685878382.jpeg\" alt=\"\" width=\"120\" height=\"140\" \/><\/a><\/div><div class=\"su-custom-gallery-slide\" style=\"width:120px;height:140px\"><a href=\"https:\/\/etab.ac-reunion.fr\/lyc-bois-d-olive\/wp-content\/uploads\/sites\/147\/2026\/04\/IMG_6254-scaled-e1776685889621.jpeg\" target=\"_blank\" title=\"\"><img loading=\"lazy\" decoding=\"async\" src=\"https:\/\/etab.ac-reunion.fr\/lyc-bois-d-olive\/wp-content\/uploads\/sites\/147\/2026\/04\/IMG_6254-scaled-e1776685889621.jpeg\" alt=\"\" width=\"120\" height=\"140\" \/><\/a><\/div><div class=\"su-custom-gallery-slide\" style=\"width:120px;height:140px\"><a href=\"https:\/\/etab.ac-reunion.fr\/lyc-bois-d-olive\/wp-content\/uploads\/sites\/147\/2026\/04\/IMG_6249-scaled-e1776685900196.jpeg\" target=\"_blank\" title=\"\"><img loading=\"lazy\" decoding=\"async\" src=\"https:\/\/etab.ac-reunion.fr\/lyc-bois-d-olive\/wp-content\/uploads\/sites\/147\/2026\/04\/IMG_6249-scaled-e1776685900196.jpeg\" alt=\"\" width=\"120\" height=\"140\" \/><\/a><\/div><div class=\"su-custom-gallery-slide\" style=\"width:120px;height:140px\"><a href=\"https:\/\/etab.ac-reunion.fr\/lyc-bois-d-olive\/wp-content\/uploads\/sites\/147\/2026\/04\/IMG_6255-scaled-e1776685910214.jpeg\" target=\"_blank\" title=\"\"><img loading=\"lazy\" decoding=\"async\" src=\"https:\/\/etab.ac-reunion.fr\/lyc-bois-d-olive\/wp-content\/uploads\/sites\/147\/2026\/04\/IMG_6255-scaled-e1776685910214.jpeg\" alt=\"\" width=\"120\" height=\"140\" \/><\/a><\/div><div class=\"su-custom-gallery-slide\" style=\"width:120px;height:140px\"><a href=\"https:\/\/etab.ac-reunion.fr\/lyc-bois-d-olive\/wp-content\/uploads\/sites\/147\/2026\/04\/IMG_6251-scaled-e1776685921543.jpeg\" target=\"_blank\" title=\"\"><img loading=\"lazy\" decoding=\"async\" src=\"https:\/\/etab.ac-reunion.fr\/lyc-bois-d-olive\/wp-content\/uploads\/sites\/147\/2026\/04\/IMG_6251-scaled-e1776685921543.jpeg\" alt=\"\" width=\"120\" height=\"140\" \/><\/a><\/div><div class=\"su-custom-gallery-slide\" style=\"width:120px;height:140px\"><a href=\"https:\/\/etab.ac-reunion.fr\/lyc-bois-d-olive\/wp-content\/uploads\/sites\/147\/2026\/04\/IMG_6246-scaled-e1776685965630.jpeg\" target=\"_blank\" title=\"\"><img loading=\"lazy\" decoding=\"async\" src=\"https:\/\/etab.ac-reunion.fr\/lyc-bois-d-olive\/wp-content\/uploads\/sites\/147\/2026\/04\/IMG_6246-scaled-e1776685965630.jpeg\" alt=\"\" width=\"120\" height=\"140\" \/><\/a><\/div><div class=\"su-custom-gallery-slide\" style=\"width:120px;height:140px\"><a href=\"https:\/\/etab.ac-reunion.fr\/lyc-bois-d-olive\/wp-content\/uploads\/sites\/147\/2026\/04\/IMG_5751-scaled-e1776686013906.jpeg\" target=\"_blank\" title=\"\"><img loading=\"lazy\" decoding=\"async\" src=\"https:\/\/etab.ac-reunion.fr\/lyc-bois-d-olive\/wp-content\/uploads\/sites\/147\/2026\/04\/IMG_5751-scaled-e1776686013906.jpeg\" alt=\"\" width=\"120\" height=\"140\" \/><\/a><\/div><div class=\"su-clear\"><\/div><\/div>\n<p><strong><u>Remerciements<\/u>:<\/strong><\/p>\n<p><strong>\u00c0 la direction du lyc\u00e9e<\/strong>, en particulier Madame Sonia Vuillermot, Proviseure, et Monsieur Ali El\u2011Khattari, Proviseur\u2011adjoint ;<\/p>\n<p><strong>Au service de gestion<\/strong>, et plus sp\u00e9cialement \u00e0 Madame Oc\u00e9ane Dijoux, pour sa rigueur et sa disponibilit\u00e9 ;<\/p>\n<p><strong>\u00c0 l\u2019\u00e9quipe de LESPAS,<\/strong> notamment Monsieur Dana Virama, pour la qualit\u00e9 de son accueil et son engagement constant en faveur de la valorisation de la culture cr\u00e9ole.<\/p>\n<p><strong>Aux \u00e9l\u00e8ves de 1G1<\/strong> pour leur rigueur, leur enthousiasme et leur esprit de coh\u00e9sion.<\/p>\n<p><strong>Article r\u00e9dig\u00e9 par Manuella Melchior en collaboration avec Karine Favre.<\/strong><\/p>\n","protected":false},"excerpt":{"rendered":"<p>Dans le cadre de leur parcours culturel et citoyen, les \u00e9l\u00e8ves de 1G1 ont eu l\u2019opportunit\u00e9 de d\u00e9couvrir Kr\u00e9ol Dan\u2019\u2026<\/p>\n<p class=\"continue-reading-button\"> <a class=\"continue-reading-link\" href=\"https:\/\/etab.ac-reunion.fr\/lyc-bois-d-olive\/kreol-dan-kor-une-immersion-vibrante-pour-les-eleves-de-1g1\/\">Lire la suite<i class=\"crycon-right-dir\"><\/i><\/a><\/p>\n","protected":false},"author":11813,"featured_media":17668,"comment_status":"closed","ping_status":"closed","sticky":false,"template":"","format":"standard","meta":{"footnotes":""},"categories":[6],"tags":[],"class_list":["post-17617","post","type-post","status-publish","format-standard","has-post-thumbnail","hentry","category-actions-et-projets"],"_links":{"self":[{"href":"https:\/\/etab.ac-reunion.fr\/lyc-bois-d-olive\/wp-json\/wp\/v2\/posts\/17617","targetHints":{"allow":["GET"]}}],"collection":[{"href":"https:\/\/etab.ac-reunion.fr\/lyc-bois-d-olive\/wp-json\/wp\/v2\/posts"}],"about":[{"href":"https:\/\/etab.ac-reunion.fr\/lyc-bois-d-olive\/wp-json\/wp\/v2\/types\/post"}],"author":[{"embeddable":true,"href":"https:\/\/etab.ac-reunion.fr\/lyc-bois-d-olive\/wp-json\/wp\/v2\/users\/11813"}],"replies":[{"embeddable":true,"href":"https:\/\/etab.ac-reunion.fr\/lyc-bois-d-olive\/wp-json\/wp\/v2\/comments?post=17617"}],"version-history":[{"count":9,"href":"https:\/\/etab.ac-reunion.fr\/lyc-bois-d-olive\/wp-json\/wp\/v2\/posts\/17617\/revisions"}],"predecessor-version":[{"id":17677,"href":"https:\/\/etab.ac-reunion.fr\/lyc-bois-d-olive\/wp-json\/wp\/v2\/posts\/17617\/revisions\/17677"}],"wp:featuredmedia":[{"embeddable":true,"href":"https:\/\/etab.ac-reunion.fr\/lyc-bois-d-olive\/wp-json\/wp\/v2\/media\/17668"}],"wp:attachment":[{"href":"https:\/\/etab.ac-reunion.fr\/lyc-bois-d-olive\/wp-json\/wp\/v2\/media?parent=17617"}],"wp:term":[{"taxonomy":"category","embeddable":true,"href":"https:\/\/etab.ac-reunion.fr\/lyc-bois-d-olive\/wp-json\/wp\/v2\/categories?post=17617"},{"taxonomy":"post_tag","embeddable":true,"href":"https:\/\/etab.ac-reunion.fr\/lyc-bois-d-olive\/wp-json\/wp\/v2\/tags?post=17617"}],"curies":[{"name":"wp","href":"https:\/\/api.w.org\/{rel}","templated":true}]}}