{"id":17627,"date":"2026-04-20T16:06:50","date_gmt":"2026-04-20T12:06:50","guid":{"rendered":"https:\/\/etab.ac-reunion.fr\/lyc-bois-d-olive\/?p=17627"},"modified":"2026-04-21T09:32:43","modified_gmt":"2026-04-21T05:32:43","slug":"semaine-de-la-presse-entre-cinema-citoyen-et-photographie-humaniste","status":"publish","type":"post","link":"https:\/\/etab.ac-reunion.fr\/lyc-bois-d-olive\/semaine-de-la-presse-entre-cinema-citoyen-et-photographie-humaniste\/","title":{"rendered":"Semaine de la Presse: entre cin\u00e9ma citoyen et photographie humaniste"},"content":{"rendered":"<blockquote><p>Dans le cadre de la Semaine de la Presse, les \u00e9l\u00e8ves de 2<sup>nde<\/sup>2, 2<sup>nde<\/sup>8 et d\u2019une classe de CAP SDG ont v\u00e9cu un parcours culturel et citoyen d\u2019une grande richesse, m\u00ealant projection cin\u00e9matographique, d\u00e9bats d\u2019id\u00e9es et d\u00e9couverte d\u2019une exposition photographique engag\u00e9e.<\/p><\/blockquote>\n<p><!--more--><\/p>\n<p>Les lyc\u00e9ens ont d\u2019abord particip\u00e9 au concours d\u2019affiches en novembre 2025 en faveur de la lutte contre les violences faites aux femmes. Certains ont d\u00e9couvert des courts et longs m\u00e9trages questionnant l\u2019\u00e9galit\u00e9 entre les femmes et les hommes. Les \u00e9changes qui ont suivi, encadr\u00e9s par leurs enseignants, ont permis d\u2019aborder avec finesse les enjeux de respect, de dignit\u00e9 et de lutte contre les violences sexistes. \u00ab <em>Les films m\u2019ont fait r\u00e9fl\u00e9chir autrement: on comprend mieux ce que vivent certaines femmes<\/em> \u00bb, confie une \u00e9l\u00e8ve de 2nde.<\/p>\n<p>En parall\u00e8le, les classes ont explor\u00e9 l\u2019exposition \u00ab\u00a0<strong>L\u2019Humanit\u00e9 au f\u00e9minin\u00a0\u00bb<\/strong> de la photographe\u2011reporter <strong>Fanny Domergue<\/strong>, dont les \u0153uvres mettent en lumi\u00e8re les parcours de femmes \u00e0 travers le monde. Les \u00e9l\u00e8ves ont \u00e9t\u00e9 particuli\u00e8rement sensibles \u00e0 la force des regards captur\u00e9s et \u00e0 la dimension profond\u00e9ment humaine du travail documentaire. \u00ab <em>On voit des r\u00e9alit\u00e9s qu\u2019on n\u2019imagine pas toujours, et cela donne envie de s\u2019engager<\/em> \u00bb, souligne un \u00e9l\u00e8ve.<\/p>\n<p>Cette exp\u00e9rience a permis aux jeunes de d\u00e9velopper leur esprit critique, leur empathie et leur compr\u00e9hension des in\u00e9galit\u00e9s de genre de l\u2019\u00e9chelle locale \u00e0 l\u2019\u00e9chelle mondiale. Elle a \u00e9galement renforc\u00e9 la coh\u00e9sion des groupes et donn\u00e9 du sens aux enseignements d\u2019EMC, d\u2019Histoire\u2011G\u00e9ographie et d\u2019\u00c9ducation \u00e0 l\u2019image.<\/p>\n<p>Une semaine dense, inspirante et formatrice, qui t\u00e9moigne de l\u2019engagement du lyc\u00e9e en faveur d\u2019une \u00e9ducation citoyenne ambitieuse et ouverte sur le monde.<\/p>\n<div class=\"su-custom-gallery su-custom-gallery-align-center su-custom-gallery-title-never\"><div class=\"su-custom-gallery-slide\" style=\"width:120px;height:130px\"><a href=\"https:\/\/etab.ac-reunion.fr\/lyc-bois-d-olive\/wp-content\/uploads\/sites\/147\/2026\/04\/IMG_6207-scaled-e1776686417925.jpeg\" target=\"_blank\" title=\"\"><img loading=\"lazy\" decoding=\"async\" src=\"https:\/\/etab.ac-reunion.fr\/lyc-bois-d-olive\/wp-content\/uploads\/sites\/147\/2026\/04\/IMG_6207-scaled-e1776686417925.jpeg\" alt=\"\" width=\"120\" height=\"130\" \/><\/a><\/div><div class=\"su-custom-gallery-slide\" style=\"width:120px;height:130px\"><a href=\"https:\/\/etab.ac-reunion.fr\/lyc-bois-d-olive\/wp-content\/uploads\/sites\/147\/2026\/04\/IMG_6208-scaled-e1776686428301.jpeg\" target=\"_blank\" title=\"\"><img loading=\"lazy\" decoding=\"async\" src=\"https:\/\/etab.ac-reunion.fr\/lyc-bois-d-olive\/wp-content\/uploads\/sites\/147\/2026\/04\/IMG_6208-scaled-e1776686428301.jpeg\" alt=\"\" width=\"120\" height=\"130\" \/><\/a><\/div><div class=\"su-custom-gallery-slide\" style=\"width:120px;height:130px\"><a href=\"https:\/\/etab.ac-reunion.fr\/lyc-bois-d-olive\/wp-content\/uploads\/sites\/147\/2026\/04\/IMG_6210-scaled-e1776686438307.jpeg\" target=\"_blank\" title=\"\"><img loading=\"lazy\" decoding=\"async\" src=\"https:\/\/etab.ac-reunion.fr\/lyc-bois-d-olive\/wp-content\/uploads\/sites\/147\/2026\/04\/IMG_6210-scaled-e1776686438307.jpeg\" alt=\"\" width=\"120\" height=\"130\" \/><\/a><\/div><div class=\"su-custom-gallery-slide\" style=\"width:120px;height:130px\"><a href=\"https:\/\/etab.ac-reunion.fr\/lyc-bois-d-olive\/wp-content\/uploads\/sites\/147\/2026\/04\/IMG_6212-scaled-e1776686449658.jpeg\" target=\"_blank\" title=\"\"><img loading=\"lazy\" decoding=\"async\" src=\"https:\/\/etab.ac-reunion.fr\/lyc-bois-d-olive\/wp-content\/uploads\/sites\/147\/2026\/04\/IMG_6212-scaled-e1776686449658.jpeg\" alt=\"\" width=\"120\" height=\"130\" \/><\/a><\/div><div class=\"su-custom-gallery-slide\" style=\"width:120px;height:130px\"><a href=\"https:\/\/etab.ac-reunion.fr\/lyc-bois-d-olive\/wp-content\/uploads\/sites\/147\/2026\/04\/IMG_6213-scaled-e1776686462685.jpeg\" target=\"_blank\" title=\"\"><img loading=\"lazy\" decoding=\"async\" src=\"https:\/\/etab.ac-reunion.fr\/lyc-bois-d-olive\/wp-content\/uploads\/sites\/147\/2026\/04\/IMG_6213-scaled-e1776686462685.jpeg\" alt=\"\" width=\"120\" height=\"130\" \/><\/a><\/div><div class=\"su-custom-gallery-slide\" style=\"width:120px;height:130px\"><a href=\"https:\/\/etab.ac-reunion.fr\/lyc-bois-d-olive\/wp-content\/uploads\/sites\/147\/2026\/04\/IMG_6215-scaled-e1776686474246.jpeg\" target=\"_blank\" title=\"\"><img loading=\"lazy\" decoding=\"async\" src=\"https:\/\/etab.ac-reunion.fr\/lyc-bois-d-olive\/wp-content\/uploads\/sites\/147\/2026\/04\/IMG_6215-scaled-e1776686474246.jpeg\" alt=\"\" width=\"120\" height=\"130\" \/><\/a><\/div><div class=\"su-custom-gallery-slide\" style=\"width:120px;height:130px\"><a href=\"https:\/\/etab.ac-reunion.fr\/lyc-bois-d-olive\/wp-content\/uploads\/sites\/147\/2026\/04\/IMG_6219-scaled-e1776686508704.jpeg\" target=\"_blank\" title=\"\"><img loading=\"lazy\" decoding=\"async\" src=\"https:\/\/etab.ac-reunion.fr\/lyc-bois-d-olive\/wp-content\/uploads\/sites\/147\/2026\/04\/IMG_6219-scaled-e1776686508704.jpeg\" alt=\"\" width=\"120\" height=\"130\" \/><\/a><\/div><div class=\"su-custom-gallery-slide\" style=\"width:120px;height:130px\"><a href=\"https:\/\/etab.ac-reunion.fr\/lyc-bois-d-olive\/wp-content\/uploads\/sites\/147\/2026\/04\/IMG_6222-scaled-e1776686518236.jpeg\" target=\"_blank\" title=\"\"><img loading=\"lazy\" decoding=\"async\" src=\"https:\/\/etab.ac-reunion.fr\/lyc-bois-d-olive\/wp-content\/uploads\/sites\/147\/2026\/04\/IMG_6222-scaled-e1776686518236.jpeg\" alt=\"\" width=\"120\" height=\"130\" \/><\/a><\/div><div class=\"su-custom-gallery-slide\" style=\"width:120px;height:130px\"><a href=\"https:\/\/etab.ac-reunion.fr\/lyc-bois-d-olive\/wp-content\/uploads\/sites\/147\/2026\/04\/IMG_6223-scaled-e1776686527641.jpeg\" target=\"_blank\" title=\"\"><img loading=\"lazy\" decoding=\"async\" src=\"https:\/\/etab.ac-reunion.fr\/lyc-bois-d-olive\/wp-content\/uploads\/sites\/147\/2026\/04\/IMG_6223-scaled-e1776686527641.jpeg\" alt=\"\" width=\"120\" height=\"130\" \/><\/a><\/div><div class=\"su-custom-gallery-slide\" style=\"width:120px;height:130px\"><a href=\"https:\/\/etab.ac-reunion.fr\/lyc-bois-d-olive\/wp-content\/uploads\/sites\/147\/2026\/04\/IMG_6225-scaled-e1776686543608.jpeg\" target=\"_blank\" title=\"\"><img loading=\"lazy\" decoding=\"async\" src=\"https:\/\/etab.ac-reunion.fr\/lyc-bois-d-olive\/wp-content\/uploads\/sites\/147\/2026\/04\/IMG_6225-scaled-e1776686543608.jpeg\" alt=\"\" width=\"120\" height=\"130\" \/><\/a><\/div><div class=\"su-custom-gallery-slide\" style=\"width:120px;height:130px\"><a href=\"https:\/\/etab.ac-reunion.fr\/lyc-bois-d-olive\/wp-content\/uploads\/sites\/147\/2026\/04\/IMG_6228-scaled-e1776686556677.jpeg\" target=\"_blank\" title=\"\"><img loading=\"lazy\" decoding=\"async\" src=\"https:\/\/etab.ac-reunion.fr\/lyc-bois-d-olive\/wp-content\/uploads\/sites\/147\/2026\/04\/IMG_6228-scaled-e1776686556677.jpeg\" alt=\"\" width=\"120\" height=\"130\" \/><\/a><\/div><div class=\"su-custom-gallery-slide\" style=\"width:120px;height:130px\"><a href=\"https:\/\/etab.ac-reunion.fr\/lyc-bois-d-olive\/wp-content\/uploads\/sites\/147\/2026\/04\/IMG_6233-scaled-e1776686565954.jpeg\" target=\"_blank\" title=\"\"><img loading=\"lazy\" decoding=\"async\" src=\"https:\/\/etab.ac-reunion.fr\/lyc-bois-d-olive\/wp-content\/uploads\/sites\/147\/2026\/04\/IMG_6233-scaled-e1776686565954.jpeg\" alt=\"\" width=\"120\" height=\"130\" \/><\/a><\/div><div class=\"su-custom-gallery-slide\" style=\"width:120px;height:130px\"><a href=\"https:\/\/etab.ac-reunion.fr\/lyc-bois-d-olive\/wp-content\/uploads\/sites\/147\/2026\/04\/IMG_6236-scaled-e1776686577438.jpeg\" target=\"_blank\" title=\"\"><img loading=\"lazy\" decoding=\"async\" src=\"https:\/\/etab.ac-reunion.fr\/lyc-bois-d-olive\/wp-content\/uploads\/sites\/147\/2026\/04\/IMG_6236-scaled-e1776686577438.jpeg\" alt=\"\" width=\"120\" height=\"130\" \/><\/a><\/div><div class=\"su-custom-gallery-slide\" style=\"width:120px;height:130px\"><a href=\"https:\/\/etab.ac-reunion.fr\/lyc-bois-d-olive\/wp-content\/uploads\/sites\/147\/2026\/04\/IMG_6238-scaled-e1776686589762.jpeg\" target=\"_blank\" title=\"\"><img loading=\"lazy\" decoding=\"async\" src=\"https:\/\/etab.ac-reunion.fr\/lyc-bois-d-olive\/wp-content\/uploads\/sites\/147\/2026\/04\/IMG_6238-scaled-e1776686589762.jpeg\" alt=\"\" width=\"120\" height=\"130\" \/><\/a><\/div><div class=\"su-clear\"><\/div><\/div>\n<p><strong><u>Remerciements<\/u>:<\/strong><\/p>\n<p><strong>\u00c0 la direction du lyc\u00e9e<\/strong>, en particulier Madame Sonia Vuillermot, Proviseure, et Monsieur Ali El\u2011Khattari, Proviseur Adjoint ;<\/p>\n<p><strong>A Fanny Domergue<\/strong> pour son partage d\u2019exp\u00e9riences.<\/p>\n<p><strong>Aux \u00e9l\u00e8ves de \u00a02<sup>nde<\/sup>2, 2<sup>nde<\/sup>8 et de CAP SDG<\/strong> pour leur \u00e9coute, leur pertinence et leur engagement.<\/p>\n<p><strong>Article r\u00e9dig\u00e9 par Manuella Melchior avec la collaboration pr\u00e9cieuse de Karine Favre, Anne-Laure Moutiapoul\u00e9, Astrid Lebon et Ga\u00eblle Ferrere.<\/strong><\/p>\n","protected":false},"excerpt":{"rendered":"<p>Dans le cadre de la Semaine de la Presse, les \u00e9l\u00e8ves de 2nde2, 2nde8 et d\u2019une classe de CAP SDG\u2026<\/p>\n<p class=\"continue-reading-button\"> <a class=\"continue-reading-link\" href=\"https:\/\/etab.ac-reunion.fr\/lyc-bois-d-olive\/semaine-de-la-presse-entre-cinema-citoyen-et-photographie-humaniste\/\">Lire la suite<i class=\"crycon-right-dir\"><\/i><\/a><\/p>\n","protected":false},"author":11813,"featured_media":17659,"comment_status":"closed","ping_status":"closed","sticky":false,"template":"","format":"standard","meta":{"footnotes":""},"categories":[6,142],"tags":[],"class_list":["post-17627","post","type-post","status-publish","format-standard","has-post-thumbnail","hentry","category-actions-et-projets","category-volet-culturel"],"_links":{"self":[{"href":"https:\/\/etab.ac-reunion.fr\/lyc-bois-d-olive\/wp-json\/wp\/v2\/posts\/17627","targetHints":{"allow":["GET"]}}],"collection":[{"href":"https:\/\/etab.ac-reunion.fr\/lyc-bois-d-olive\/wp-json\/wp\/v2\/posts"}],"about":[{"href":"https:\/\/etab.ac-reunion.fr\/lyc-bois-d-olive\/wp-json\/wp\/v2\/types\/post"}],"author":[{"embeddable":true,"href":"https:\/\/etab.ac-reunion.fr\/lyc-bois-d-olive\/wp-json\/wp\/v2\/users\/11813"}],"replies":[{"embeddable":true,"href":"https:\/\/etab.ac-reunion.fr\/lyc-bois-d-olive\/wp-json\/wp\/v2\/comments?post=17627"}],"version-history":[{"count":7,"href":"https:\/\/etab.ac-reunion.fr\/lyc-bois-d-olive\/wp-json\/wp\/v2\/posts\/17627\/revisions"}],"predecessor-version":[{"id":17678,"href":"https:\/\/etab.ac-reunion.fr\/lyc-bois-d-olive\/wp-json\/wp\/v2\/posts\/17627\/revisions\/17678"}],"wp:featuredmedia":[{"embeddable":true,"href":"https:\/\/etab.ac-reunion.fr\/lyc-bois-d-olive\/wp-json\/wp\/v2\/media\/17659"}],"wp:attachment":[{"href":"https:\/\/etab.ac-reunion.fr\/lyc-bois-d-olive\/wp-json\/wp\/v2\/media?parent=17627"}],"wp:term":[{"taxonomy":"category","embeddable":true,"href":"https:\/\/etab.ac-reunion.fr\/lyc-bois-d-olive\/wp-json\/wp\/v2\/categories?post=17627"},{"taxonomy":"post_tag","embeddable":true,"href":"https:\/\/etab.ac-reunion.fr\/lyc-bois-d-olive\/wp-json\/wp\/v2\/tags?post=17627"}],"curies":[{"name":"wp","href":"https:\/\/api.w.org\/{rel}","templated":true}]}}