{"id":17689,"date":"2026-04-25T15:07:43","date_gmt":"2026-04-25T11:07:43","guid":{"rendered":"https:\/\/etab.ac-reunion.fr\/lyc-bois-d-olive\/?p=17689"},"modified":"2026-04-27T16:52:21","modified_gmt":"2026-04-27T12:52:21","slug":"seance-de-reflexion-sur-lethique-des-eleves-de-terminale-g1","status":"publish","type":"post","link":"https:\/\/etab.ac-reunion.fr\/lyc-bois-d-olive\/seance-de-reflexion-sur-lethique-des-eleves-de-terminale-g1\/","title":{"rendered":"S\u00e9ance de r\u00e9flexion sur l\u2019\u00e9thique des \u00e9l\u00e8ves de Terminale G1"},"content":{"rendered":"<blockquote><p>Le 31 mars 2026, M. MERLIER, enseignant de philosophie au lyc\u00e9e Bois d&rsquo;Olive a invit\u00e9 deux Docteurs dans la classe de TG1.<\/p><\/blockquote>\n<p><!--more--><\/p>\n<p>Le compte rendu de la s\u00e9ance ci-dessous :<\/p>\n<p><a href=\"https:\/\/etab.ac-reunion.fr\/lyc-bois-d-olive\/wp-content\/uploads\/sites\/147\/2026\/04\/CR-TG1.pdf\" rel=\"attachment wp-att-17690\">Compte-rendu de la s\u00e9ance de r\u00e9flexion sur l\u2019\u00e9thique des \u00e9l\u00e8ves de Terminale G1 du lyc\u00e9e Bois d\u2019Olive (97432 Saint-Pierre, La REUNION)<\/a><\/p>\n<a href=\"https:\/\/etab.ac-reunion.fr\/lyc-bois-d-olive\/wp-content\/uploads\/sites\/147\/2026\/04\/CR-TG1.pdf\" class=\"pdfemb-viewer\" style=\"\" data-width=\"max\" data-height=\"max\" data-toolbar=\"bottom\" data-toolbar-fixed=\"off\">CR TG1<\/a>\n<p>&nbsp;<\/p>\n","protected":false},"excerpt":{"rendered":"<p>Le 31 mars 2026, M. MERLIER, enseignant de philosophie au lyc\u00e9e Bois d&rsquo;Olive a invit\u00e9 deux Docteurs dans la classe\u2026<\/p>\n<p class=\"continue-reading-button\"> <a class=\"continue-reading-link\" href=\"https:\/\/etab.ac-reunion.fr\/lyc-bois-d-olive\/seance-de-reflexion-sur-lethique-des-eleves-de-terminale-g1\/\">Lire la suite<i class=\"crycon-right-dir\"><\/i><\/a><\/p>\n","protected":false},"author":31373,"featured_media":17700,"comment_status":"closed","ping_status":"closed","sticky":false,"template":"","format":"standard","meta":{"footnotes":""},"categories":[6],"tags":[],"class_list":["post-17689","post","type-post","status-publish","format-standard","has-post-thumbnail","hentry","category-actions-et-projets"],"_links":{"self":[{"href":"https:\/\/etab.ac-reunion.fr\/lyc-bois-d-olive\/wp-json\/wp\/v2\/posts\/17689","targetHints":{"allow":["GET"]}}],"collection":[{"href":"https:\/\/etab.ac-reunion.fr\/lyc-bois-d-olive\/wp-json\/wp\/v2\/posts"}],"about":[{"href":"https:\/\/etab.ac-reunion.fr\/lyc-bois-d-olive\/wp-json\/wp\/v2\/types\/post"}],"author":[{"embeddable":true,"href":"https:\/\/etab.ac-reunion.fr\/lyc-bois-d-olive\/wp-json\/wp\/v2\/users\/31373"}],"replies":[{"embeddable":true,"href":"https:\/\/etab.ac-reunion.fr\/lyc-bois-d-olive\/wp-json\/wp\/v2\/comments?post=17689"}],"version-history":[{"count":11,"href":"https:\/\/etab.ac-reunion.fr\/lyc-bois-d-olive\/wp-json\/wp\/v2\/posts\/17689\/revisions"}],"predecessor-version":[{"id":17704,"href":"https:\/\/etab.ac-reunion.fr\/lyc-bois-d-olive\/wp-json\/wp\/v2\/posts\/17689\/revisions\/17704"}],"wp:featuredmedia":[{"embeddable":true,"href":"https:\/\/etab.ac-reunion.fr\/lyc-bois-d-olive\/wp-json\/wp\/v2\/media\/17700"}],"wp:attachment":[{"href":"https:\/\/etab.ac-reunion.fr\/lyc-bois-d-olive\/wp-json\/wp\/v2\/media?parent=17689"}],"wp:term":[{"taxonomy":"category","embeddable":true,"href":"https:\/\/etab.ac-reunion.fr\/lyc-bois-d-olive\/wp-json\/wp\/v2\/categories?post=17689"},{"taxonomy":"post_tag","embeddable":true,"href":"https:\/\/etab.ac-reunion.fr\/lyc-bois-d-olive\/wp-json\/wp\/v2\/tags?post=17689"}],"curies":[{"name":"wp","href":"https:\/\/api.w.org\/{rel}","templated":true}]}}