{"id":3991,"date":"2017-11-03T15:44:58","date_gmt":"2017-11-03T14:44:58","guid":{"rendered":"http:\/\/lycee-bois-d-olive.ac-reunion.fr\/?p=3991"},"modified":"2017-11-04T09:18:17","modified_gmt":"2017-11-04T08:18:17","slug":"la-dictee-dela-cest-parti","status":"publish","type":"post","link":"https:\/\/etab.ac-reunion.fr\/lyc-bois-d-olive\/la-dictee-dela-cest-parti\/","title":{"rendered":"La dict\u00e9e d&rsquo;ELA, c&rsquo;est parti !"},"content":{"rendered":"<blockquote><p>Les \u00e9l\u00e8ves des classes de secondes g\u00e9n\u00e9rales et professionnelles participent \u00e0 la dict\u00e9e d&rsquo;ELA <strong>du 03 au 10 novembre 2017<\/strong>. Ce vendredi 03 novembre, les secondes TP (Travaux Publics) groupe 1 ont lanc\u00e9 la campagne, pendant le cours de fran\u00e7ais de M. CORRE et en pr\u00e9sence de M. Thierry GAULIRIS, leader du groupe BASTER invit\u00e9 pour l&rsquo;occasion.<\/p><\/blockquote>\n<p>&nbsp;<\/p>\n<p>&nbsp;<\/p>\n<p><a href=\"https:\/\/etab.ac-reunion.fr\/lyc-bois-d-olive\/wp-content\/uploads\/sites\/147\/2017\/11\/Affiche-dict\u00e9e-ELA-LBO.jpg\"><img loading=\"lazy\" decoding=\"async\" class=\"alignleft wp-image-3994\" src=\"https:\/\/etab.ac-reunion.fr\/lyc-bois-d-olive\/wp-content\/uploads\/sites\/147\/2017\/11\/Affiche-dict\u00e9e-ELA-LBO.jpg\" alt=\"\" width=\"346\" height=\"504\" srcset=\"https:\/\/etab.ac-reunion.fr\/lyc-bois-d-olive\/wp-content\/uploads\/sites\/147\/2017\/11\/Affiche-dict\u00e9e-ELA-LBO.jpg 541w, https:\/\/etab.ac-reunion.fr\/lyc-bois-d-olive\/wp-content\/uploads\/sites\/147\/2017\/11\/Affiche-dict\u00e9e-ELA-LBO-206x300.jpg 206w, https:\/\/etab.ac-reunion.fr\/lyc-bois-d-olive\/wp-content\/uploads\/sites\/147\/2017\/11\/Affiche-dict\u00e9e-ELA-LBO-103x150.jpg 103w\" sizes=\"auto, (max-width: 346px) 100vw, 346px\" \/><\/a><\/p>\n<p><b><i>Pourquoi la dict\u00e9e d&rsquo;ELA ?<\/i><\/b><\/p>\n<p>\u00ab\u00a0Ce n&rsquo;est pas une dict\u00e9e ordinaire ! C&rsquo;est un message de solidarit\u00e9 dont le but est de f\u00e9d\u00e9rer la communaut\u00e9 scolaire autour de la cause d&rsquo;ELA. Elle n&rsquo;est ni un exercice d&rsquo;\u00e9valuation, ni un concours d&rsquo;orthographe&#8230;\u00a0\u00bb(Extrait du guide pratique de la dict\u00e9e d&rsquo;ELA).<\/p>\n<p>Cette dict\u00e9e permet donc, de sensibiliser les \u00e9l\u00e8ves sur les notions de solidarit\u00e9, d&rsquo;\u00e9galit\u00e9 et de la\u00efcit\u00e9. Des valeurs essentielles que doit poss\u00e9der le citoyen de demain.\u00a0 De m\u00eame, l&rsquo;objectif est de les motiver pour participer \u00e0 la manifestation \u00ab\u00a0<strong><em>mets tes baskets et bats la maladie !<\/em>\u00a0<\/strong>\u00a0\u00bb<\/p>\n<p><em><strong>Mets tes baskets et bats la maladie !<\/strong><\/em><\/p>\n<p>Apr\u00e8s cette dict\u00e9e, les \u00e9l\u00e8ves des classes de secondes participeront \u00e0 l&rsquo;\u00e9v\u00e9nement \u00ab\u00a0<em><strong>mets tes baskets et bats la maladie !\u00a0<\/strong><\/em>\u00a0\u00bb <strong>le 19 d\u00e9cembre 2017.\u00a0<\/strong> Lors de cette journ\u00e9e sportive, organis\u00e9e pour la deuxi\u00e8me fois au lyc\u00e9e, les \u00e9l\u00e8ves participeront \u00e0 diverses activit\u00e9s (course \u00e0 pied, tournois). Sera r\u00e9compens\u00e9e, la classe <strong>la plus sportive<\/strong>, c&rsquo;est-\u00e0-dire celle qui aura particip\u00e9 au plus grand nombre d&rsquo;activit\u00e9s.<\/p>\n<p><em><strong>Entre la dict\u00e9e d&rsquo;ELA et le 19 d\u00e9cembre 2017<\/strong><\/em><\/p>\n<p>Les \u00e9l\u00e8ves de secondes deviendront les ambassadeurs d&rsquo;ELA en sensibilisant leur entourage : familles et amis. Ces derniers, seront sollicit\u00e9s afin de r\u00e9colter le maximun de dons pour l&rsquo;association\u00a0 ELA. Des dons, n\u00e9cessaires pour financer la recherche et aider les familles.<\/p>\n<p><b><i>La dict\u00e9e 2017 \u00ab\u00a0Des histoires sans fin.\u00a0\u00bb<\/i><\/b><\/p>\n<p>Cette ann\u00e9e, la dict\u00e9e intitul\u00e9e \u00ab\u00a0<strong><em>Des histoires sans fin<\/em><\/strong>\u00a0\u00bb a \u00e9t\u00e9 r\u00e9dig\u00e9e par Le\u00efla Slimani (prix GONCOURT 2016). D\u00e9couvrez le texte en cliquant\u00a0<a href=\"https:\/\/etab.ac-reunion.fr\/lyc-bois-d-olive\/wp-content\/uploads\/sites\/147\/2017\/11\/Texte-dict\u00e9e-_Le\u00efla-Slimani1046.pdf\" target=\"_blank\" rel=\"noopener\">ici<\/a><\/p>\n<p>&nbsp;<\/p>\n<p>&nbsp;<\/p>\n<div id=\"attachment_4010\" style=\"width: 2080px\" class=\"wp-caption alignleft\"><a href=\"https:\/\/etab.ac-reunion.fr\/lyc-bois-d-olive\/wp-content\/uploads\/sites\/147\/2017\/11\/mets-tes-basket-lbo-2015.jpg\"><img loading=\"lazy\" decoding=\"async\" aria-describedby=\"caption-attachment-4010\" class=\"size-full wp-image-4010\" src=\"https:\/\/etab.ac-reunion.fr\/lyc-bois-d-olive\/wp-content\/uploads\/sites\/147\/2017\/11\/mets-tes-basket-lbo-2015.jpg\" alt=\"\" width=\"2070\" height=\"1415\" srcset=\"https:\/\/etab.ac-reunion.fr\/lyc-bois-d-olive\/wp-content\/uploads\/sites\/147\/2017\/11\/mets-tes-basket-lbo-2015.jpg 2070w, https:\/\/etab.ac-reunion.fr\/lyc-bois-d-olive\/wp-content\/uploads\/sites\/147\/2017\/11\/mets-tes-basket-lbo-2015-300x205.jpg 300w, https:\/\/etab.ac-reunion.fr\/lyc-bois-d-olive\/wp-content\/uploads\/sites\/147\/2017\/11\/mets-tes-basket-lbo-2015-1024x700.jpg 1024w, https:\/\/etab.ac-reunion.fr\/lyc-bois-d-olive\/wp-content\/uploads\/sites\/147\/2017\/11\/mets-tes-basket-lbo-2015-150x103.jpg 150w, https:\/\/etab.ac-reunion.fr\/lyc-bois-d-olive\/wp-content\/uploads\/sites\/147\/2017\/11\/mets-tes-basket-lbo-2015-1150x786.jpg 1150w\" sizes=\"auto, (max-width: 2070px) 100vw, 2070px\" \/><\/a><p id=\"caption-attachment-4010\" class=\"wp-caption-text\">Mets tes baskets et bats la maladie ! Le 19 d\u00e9cembre 2015 en pr\u00e9sence d&rsquo;une maman et de sa petite fille atteinte de leucodystrophie.<\/p><\/div>\n","protected":false},"excerpt":{"rendered":"<p>Les \u00e9l\u00e8ves des classes de secondes g\u00e9n\u00e9rales et professionnelles participent \u00e0 la dict\u00e9e d&rsquo;ELA du 03 au 10 novembre 2017.\u2026<\/p>\n<p class=\"continue-reading-button\"> <a class=\"continue-reading-link\" href=\"https:\/\/etab.ac-reunion.fr\/lyc-bois-d-olive\/la-dictee-dela-cest-parti\/\">Lire la suite<i class=\"crycon-right-dir\"><\/i><\/a><\/p>\n","protected":false},"author":11401,"featured_media":3999,"comment_status":"open","ping_status":"open","sticky":false,"template":"","format":"standard","meta":{"footnotes":""},"categories":[6],"tags":[],"class_list":["post-3991","post","type-post","status-publish","format-standard","has-post-thumbnail","hentry","category-actions-et-projets"],"_links":{"self":[{"href":"https:\/\/etab.ac-reunion.fr\/lyc-bois-d-olive\/wp-json\/wp\/v2\/posts\/3991","targetHints":{"allow":["GET"]}}],"collection":[{"href":"https:\/\/etab.ac-reunion.fr\/lyc-bois-d-olive\/wp-json\/wp\/v2\/posts"}],"about":[{"href":"https:\/\/etab.ac-reunion.fr\/lyc-bois-d-olive\/wp-json\/wp\/v2\/types\/post"}],"author":[{"embeddable":true,"href":"https:\/\/etab.ac-reunion.fr\/lyc-bois-d-olive\/wp-json\/wp\/v2\/users\/11401"}],"replies":[{"embeddable":true,"href":"https:\/\/etab.ac-reunion.fr\/lyc-bois-d-olive\/wp-json\/wp\/v2\/comments?post=3991"}],"version-history":[{"count":20,"href":"https:\/\/etab.ac-reunion.fr\/lyc-bois-d-olive\/wp-json\/wp\/v2\/posts\/3991\/revisions"}],"predecessor-version":[{"id":4016,"href":"https:\/\/etab.ac-reunion.fr\/lyc-bois-d-olive\/wp-json\/wp\/v2\/posts\/3991\/revisions\/4016"}],"wp:featuredmedia":[{"embeddable":true,"href":"https:\/\/etab.ac-reunion.fr\/lyc-bois-d-olive\/wp-json\/wp\/v2\/media\/3999"}],"wp:attachment":[{"href":"https:\/\/etab.ac-reunion.fr\/lyc-bois-d-olive\/wp-json\/wp\/v2\/media?parent=3991"}],"wp:term":[{"taxonomy":"category","embeddable":true,"href":"https:\/\/etab.ac-reunion.fr\/lyc-bois-d-olive\/wp-json\/wp\/v2\/categories?post=3991"},{"taxonomy":"post_tag","embeddable":true,"href":"https:\/\/etab.ac-reunion.fr\/lyc-bois-d-olive\/wp-json\/wp\/v2\/tags?post=3991"}],"curies":[{"name":"wp","href":"https:\/\/api.w.org\/{rel}","templated":true}]}}