{"id":4086,"date":"2017-11-18T02:59:32","date_gmt":"2017-11-18T01:59:32","guid":{"rendered":"http:\/\/lycee-bois-d-olive.ac-reunion.fr\/?p=4086"},"modified":"2017-11-19T12:12:34","modified_gmt":"2017-11-19T11:12:34","slug":"emmanuel-payet-sengage-aussi-pour-ela","status":"publish","type":"post","link":"https:\/\/etab.ac-reunion.fr\/lyc-bois-d-olive\/emmanuel-payet-sengage-aussi-pour-ela\/","title":{"rendered":"Emmanuel PAYET s&rsquo;engage aussi pour ELA"},"content":{"rendered":"<blockquote><p><strong>Le jeudi 09 novembre,\u00a0 le groupe 2 de la 2nde BAC PRO Am\u00e9nagement et Finition du B\u00e2timent (AFB) a particip\u00e9 \u00e0\u00a0 la dict\u00e9e d&rsquo;ELA. Le boxeur professionnel, Emmanuel PAYET, a \u00e9t\u00e9 convi\u00e9 pour l&rsquo;occasion.<\/strong><\/p><\/blockquote>\n<p><!--more--><\/p>\n<p><a href=\"https:\/\/etab.ac-reunion.fr\/lyc-bois-d-olive\/wp-content\/uploads\/sites\/147\/2017\/11\/P1010844.jpg\"><img loading=\"lazy\" decoding=\"async\" class=\"alignleft size-full wp-image-4121\" src=\"https:\/\/etab.ac-reunion.fr\/lyc-bois-d-olive\/wp-content\/uploads\/sites\/147\/2017\/11\/P1010844.jpg\" alt=\"\" width=\"1000\" height=\"750\" srcset=\"https:\/\/etab.ac-reunion.fr\/lyc-bois-d-olive\/wp-content\/uploads\/sites\/147\/2017\/11\/P1010844.jpg 1000w, https:\/\/etab.ac-reunion.fr\/lyc-bois-d-olive\/wp-content\/uploads\/sites\/147\/2017\/11\/P1010844-300x225.jpg 300w, https:\/\/etab.ac-reunion.fr\/lyc-bois-d-olive\/wp-content\/uploads\/sites\/147\/2017\/11\/P1010844-150x113.jpg 150w\" sizes=\"auto, (max-width: 1000px) 100vw, 1000px\" \/><\/a><\/p>\n<p>T\u00e9moignage et le\u00e7on de vie de ce r\u00e9unionnais professionnel de la boxe, qui s\u2019est livr\u00e9 \u00e0 c\u0153ur ouvert, avec une aisance dans la communication et l\u2019accessibilit\u00e9, un argumentaire fort, au-del\u00e0 de l\u2019aspect moralisateur qui peut souvent ennuyer nos \u00e9l\u00e8ves, et ce, durant plus de 30 minutes.<\/p>\n<p>Ceintures de Championnat du Monde suspendues de chaque c\u00f4t\u00e9 de notre traditionnel tableau en salle E 208, associ\u00e9es \u00e0 l\u2019approche du grand sportif en toute simplicit\u00e9, c\u2019est un r\u00e9el \u00e9change plus qu\u2019un d\u00e9bat, qui a aliment\u00e9 la fin de cette s\u00e9ance atypique durant laquelle les \u00e9l\u00e8ves ont oscill\u00e9 entre fascination et interrogations. Quelques photos et extraits film\u00e9s ont pu, d&rsquo;ailleurs, \u00eatre r\u00e9alis\u00e9s.<\/p>\n<p>L\u2019implication d&rsquo;Emmanuel PAYET dans le projet ELA a aussi intrigu\u00e9 nos \u00e9l\u00e8ves autant de par le parcours scolaire et professionnel que sportif et personnel du boxeur.<\/p>\n<p>Au-del\u00e0 de l\u2019appel aux dons, de la pr\u00e9sentation de deux \u00e9l\u00e8ves de 1\u00e8re g\u00e9n\u00e9rale et du fil conducteur du projet, des liens entre l&rsquo;Education Morale et Civique (EMC), le domaine associatif, le parrainage, la solidarit\u00e9 et la la\u00efcit\u00e9 ont pu \u00eatre \u00e9galement faits.<\/p>\n<p>C\u2019est ensuite le groupe 1 qui a d\u00fb s\u2019adonner \u00e0 la traditionnelle dict\u00e9e d&rsquo;ELA, 2 paragraphes \u00e0 \u00e9crire \u00e0 partir d\u2019un ouvrage de r\u00e9f\u00e9rence qui a re\u00e7u le prix \u00ab\u00a0Goncourt 2016\u00a0\u00bb, ouvrage et th\u00e9matique que nous exploiterons \u00e9galement en fran\u00e7ais au cours de cette ann\u00e9e scolaire.<\/p>\n<p>Le prolongement se fera aussi au sein des cours d\u2019\u00e9conomie-gestion, notamment les liens avec les m\u00e9tiers.Chapeau bas \u00e0 mon coll\u00e8gue St\u00e9phane HOAREAU, professeur d&rsquo;\u00e9conomie-gestion, avec qui ce projet est men\u00e9, et sans qui rien n\u2019aurait pu se mettre en place. Amis de longue date, M. PAYET et lui, ont anim\u00e9 avec brio cette s\u00e9ance d\u00e9di\u00e9e au projet ELA, et ont su gagner l\u2019int\u00e9r\u00eat de nos chers \u00e9l\u00e8ves.<\/p>\n<p>Ainsi, sans nous concerter, nos \u00e9l\u00e8ves ont entendu les m\u00eames valeurs pr\u00f4n\u00e9es au sein des cours de fran\u00e7ais et d\u2019EMC, ont \u00e9cout\u00e9 le r\u00e9cit d\u2019une vie, et ont pu s&rsquo;inscrire \u00e0 la<strong> JOURNEE SPORTIVE \u00a0\u00bb mets tes baskets et bats la maladie\u00a0\u00bb du 19 d\u00e9cembre prochain<\/strong>, \u00e9v\u00e9nement f\u00e9d\u00e9rateur autour d\u2019ELA organis\u00e9 au LBO.<\/p>\n<p>C&rsquo;est donc positif sur tous les plans&#8230; \u00e0 refaire et \u00e0 relayer au maximum !<\/p>\n<p>Rendez-vous est donn\u00e9 avec nos baskets \u2026 le 19 d\u00e9cembre prochain \u2026 pour lutter contre la maladie, r\u00e9colter des dons, et participer physiquement et sportivement : alors \u00ab <strong>METS TES BASKETS ET BATS LA MALADIE<\/strong> ! \u00bb<\/p>\n<p>Une sortie \u2026 en 2018 \u2026 dans la salle de sport du Champion est d\u00e9j\u00e0 \u00e9voqu\u00e9e \u2026 Affaire \u00e0 suivre \u2026<\/p>\n<p><strong>Mme GRONDIN, professeur de lettres-histoire.<\/strong><\/p>\n","protected":false},"excerpt":{"rendered":"<p>Le jeudi 09 novembre,\u00a0 le groupe 2 de la 2nde BAC PRO Am\u00e9nagement et Finition du B\u00e2timent (AFB) a particip\u00e9\u2026<\/p>\n<p class=\"continue-reading-button\"> <a class=\"continue-reading-link\" href=\"https:\/\/etab.ac-reunion.fr\/lyc-bois-d-olive\/emmanuel-payet-sengage-aussi-pour-ela\/\">Lire la suite<i class=\"crycon-right-dir\"><\/i><\/a><\/p>\n","protected":false},"author":11401,"featured_media":0,"comment_status":"open","ping_status":"open","sticky":false,"template":"","format":"standard","meta":{"footnotes":""},"categories":[6],"tags":[],"class_list":["post-4086","post","type-post","status-publish","format-standard","hentry","category-actions-et-projets"],"_links":{"self":[{"href":"https:\/\/etab.ac-reunion.fr\/lyc-bois-d-olive\/wp-json\/wp\/v2\/posts\/4086","targetHints":{"allow":["GET"]}}],"collection":[{"href":"https:\/\/etab.ac-reunion.fr\/lyc-bois-d-olive\/wp-json\/wp\/v2\/posts"}],"about":[{"href":"https:\/\/etab.ac-reunion.fr\/lyc-bois-d-olive\/wp-json\/wp\/v2\/types\/post"}],"author":[{"embeddable":true,"href":"https:\/\/etab.ac-reunion.fr\/lyc-bois-d-olive\/wp-json\/wp\/v2\/users\/11401"}],"replies":[{"embeddable":true,"href":"https:\/\/etab.ac-reunion.fr\/lyc-bois-d-olive\/wp-json\/wp\/v2\/comments?post=4086"}],"version-history":[{"count":17,"href":"https:\/\/etab.ac-reunion.fr\/lyc-bois-d-olive\/wp-json\/wp\/v2\/posts\/4086\/revisions"}],"predecessor-version":[{"id":4126,"href":"https:\/\/etab.ac-reunion.fr\/lyc-bois-d-olive\/wp-json\/wp\/v2\/posts\/4086\/revisions\/4126"}],"wp:attachment":[{"href":"https:\/\/etab.ac-reunion.fr\/lyc-bois-d-olive\/wp-json\/wp\/v2\/media?parent=4086"}],"wp:term":[{"taxonomy":"category","embeddable":true,"href":"https:\/\/etab.ac-reunion.fr\/lyc-bois-d-olive\/wp-json\/wp\/v2\/categories?post=4086"},{"taxonomy":"post_tag","embeddable":true,"href":"https:\/\/etab.ac-reunion.fr\/lyc-bois-d-olive\/wp-json\/wp\/v2\/tags?post=4086"}],"curies":[{"name":"wp","href":"https:\/\/api.w.org\/{rel}","templated":true}]}}