{"id":4507,"date":"2018-02-06T17:06:37","date_gmt":"2018-02-06T16:06:37","guid":{"rendered":"http:\/\/lycee-bois-d-olive.ac-reunion.fr\/?p=4507"},"modified":"2018-02-06T17:06:37","modified_gmt":"2018-02-06T16:06:37","slug":"pfmp-au-portugal-voyage-dans-le-passe-a-obidos","status":"publish","type":"post","link":"https:\/\/etab.ac-reunion.fr\/lyc-bois-d-olive\/pfmp-au-portugal-voyage-dans-le-passe-a-obidos\/","title":{"rendered":"PFMP au Portugal : voyage dans le pass\u00e9 \u00e0 Obidos"},"content":{"rendered":"<p><strong>Durant notre deuxi\u00e8me week-end au Portugal, nous sommes partis visiter la cit\u00e9 m\u00e9di\u00e9vale d&rsquo;Obidos, A partir du XV \u00e8me si\u00e8cle, elle fut le lieu de r\u00e9sidence des reines portugaises. Sergio, notre partenaire portugais d&rsquo;Insignare, nous a servi de guide le long des ruelles pav\u00e9es et des remparts. Les \u00e9l\u00e8ves \u00e9taient sous le charme de cette ville magnifiquement conserv\u00e9e et qui compte 3400 habitants. Ils ont pu \u00e9galement visiter une \u00e9glise reconvertie en librairie. Retour sur ce weekend en images&#8230;<br \/>\n<\/strong><\/p>\n<p><!--more--><\/p>\n<div id=\"attachment_4510\" style=\"width: 250px\" class=\"wp-caption aligncenter\"><img loading=\"lazy\" decoding=\"async\" aria-describedby=\"caption-attachment-4510\" class=\"size-full wp-image-4510\" src=\"https:\/\/etab.ac-reunion.fr\/lyc-bois-d-olive\/wp-content\/uploads\/sites\/147\/2018\/02\/IMG_0664.jpeg\" alt=\"\" width=\"240\" height=\"270\" srcset=\"https:\/\/etab.ac-reunion.fr\/lyc-bois-d-olive\/wp-content\/uploads\/sites\/147\/2018\/02\/IMG_0664.jpeg 240w, https:\/\/etab.ac-reunion.fr\/lyc-bois-d-olive\/wp-content\/uploads\/sites\/147\/2018\/02\/IMG_0664-133x150.jpeg 133w\" sizes=\"auto, (max-width: 240px) 100vw, 240px\" \/><p id=\"caption-attachment-4510\" class=\"wp-caption-text\">Les chevaliers des temps modernes<\/p><\/div>\n<div id=\"attachment_4511\" style=\"width: 235px\" class=\"wp-caption aligncenter\"><img loading=\"lazy\" decoding=\"async\" aria-describedby=\"caption-attachment-4511\" class=\"size-medium wp-image-4511\" src=\"https:\/\/etab.ac-reunion.fr\/lyc-bois-d-olive\/wp-content\/uploads\/sites\/147\/2018\/02\/IMG_0666-225x300.jpeg\" alt=\"\" width=\"225\" height=\"300\" srcset=\"https:\/\/etab.ac-reunion.fr\/lyc-bois-d-olive\/wp-content\/uploads\/sites\/147\/2018\/02\/IMG_0666-225x300.jpeg 225w, https:\/\/etab.ac-reunion.fr\/lyc-bois-d-olive\/wp-content\/uploads\/sites\/147\/2018\/02\/IMG_0666-113x150.jpeg 113w, https:\/\/etab.ac-reunion.fr\/lyc-bois-d-olive\/wp-content\/uploads\/sites\/147\/2018\/02\/IMG_0666.jpeg 240w\" sizes=\"auto, (max-width: 225px) 100vw, 225px\" \/><p id=\"caption-attachment-4511\" class=\"wp-caption-text\">En haut des remparts<\/p><\/div>\n<p><img loading=\"lazy\" decoding=\"async\" class=\"aligncenter size-medium wp-image-4512\" src=\"https:\/\/etab.ac-reunion.fr\/lyc-bois-d-olive\/wp-content\/uploads\/sites\/147\/2018\/02\/IMG_0672-300x225.jpeg\" alt=\"\" width=\"300\" height=\"225\" srcset=\"https:\/\/etab.ac-reunion.fr\/lyc-bois-d-olive\/wp-content\/uploads\/sites\/147\/2018\/02\/IMG_0672-300x225.jpeg 300w, https:\/\/etab.ac-reunion.fr\/lyc-bois-d-olive\/wp-content\/uploads\/sites\/147\/2018\/02\/IMG_0672-150x113.jpeg 150w, https:\/\/etab.ac-reunion.fr\/lyc-bois-d-olive\/wp-content\/uploads\/sites\/147\/2018\/02\/IMG_0672-318x240.jpeg 318w, https:\/\/etab.ac-reunion.fr\/lyc-bois-d-olive\/wp-content\/uploads\/sites\/147\/2018\/02\/IMG_0672.jpeg 320w\" sizes=\"auto, (max-width: 300px) 100vw, 300px\" \/><\/p>\n<div id=\"attachment_4515\" style=\"width: 235px\" class=\"wp-caption aligncenter\"><img loading=\"lazy\" decoding=\"async\" aria-describedby=\"caption-attachment-4515\" class=\"size-medium wp-image-4515\" src=\"https:\/\/etab.ac-reunion.fr\/lyc-bois-d-olive\/wp-content\/uploads\/sites\/147\/2018\/02\/IMG_0684-225x300.jpeg\" alt=\"\" width=\"225\" height=\"300\" srcset=\"https:\/\/etab.ac-reunion.fr\/lyc-bois-d-olive\/wp-content\/uploads\/sites\/147\/2018\/02\/IMG_0684-225x300.jpeg 225w, https:\/\/etab.ac-reunion.fr\/lyc-bois-d-olive\/wp-content\/uploads\/sites\/147\/2018\/02\/IMG_0684-113x150.jpeg 113w, https:\/\/etab.ac-reunion.fr\/lyc-bois-d-olive\/wp-content\/uploads\/sites\/147\/2018\/02\/IMG_0684.jpeg 240w\" sizes=\"auto, (max-width: 225px) 100vw, 225px\" \/><p id=\"caption-attachment-4515\" class=\"wp-caption-text\">Balade dans les ruelles pav\u00e9es<\/p><\/div>\n<p><img loading=\"lazy\" decoding=\"async\" class=\"aligncenter size-medium wp-image-4514\" src=\"https:\/\/etab.ac-reunion.fr\/lyc-bois-d-olive\/wp-content\/uploads\/sites\/147\/2018\/02\/IMG_0680-300x225.jpeg\" alt=\"\" width=\"300\" height=\"225\" srcset=\"https:\/\/etab.ac-reunion.fr\/lyc-bois-d-olive\/wp-content\/uploads\/sites\/147\/2018\/02\/IMG_0680-300x225.jpeg 300w, https:\/\/etab.ac-reunion.fr\/lyc-bois-d-olive\/wp-content\/uploads\/sites\/147\/2018\/02\/IMG_0680-150x113.jpeg 150w, https:\/\/etab.ac-reunion.fr\/lyc-bois-d-olive\/wp-content\/uploads\/sites\/147\/2018\/02\/IMG_0680-318x240.jpeg 318w, https:\/\/etab.ac-reunion.fr\/lyc-bois-d-olive\/wp-content\/uploads\/sites\/147\/2018\/02\/IMG_0680.jpeg 320w\" sizes=\"auto, (max-width: 300px) 100vw, 300px\" \/><\/p>\n<div id=\"attachment_4509\" style=\"width: 235px\" class=\"wp-caption aligncenter\"><img loading=\"lazy\" decoding=\"async\" aria-describedby=\"caption-attachment-4509\" class=\"size-medium wp-image-4509\" src=\"https:\/\/etab.ac-reunion.fr\/lyc-bois-d-olive\/wp-content\/uploads\/sites\/147\/2018\/02\/IMG_0663-225x300.jpeg\" alt=\"\" width=\"225\" height=\"300\" srcset=\"https:\/\/etab.ac-reunion.fr\/lyc-bois-d-olive\/wp-content\/uploads\/sites\/147\/2018\/02\/IMG_0663-225x300.jpeg 225w, https:\/\/etab.ac-reunion.fr\/lyc-bois-d-olive\/wp-content\/uploads\/sites\/147\/2018\/02\/IMG_0663-113x150.jpeg 113w, https:\/\/etab.ac-reunion.fr\/lyc-bois-d-olive\/wp-content\/uploads\/sites\/147\/2018\/02\/IMG_0663.jpeg 240w\" sizes=\"auto, (max-width: 225px) 100vw, 225px\" \/><p id=\"caption-attachment-4509\" class=\"wp-caption-text\">Devant l&rsquo;insolite \u00e9glise-librairie<\/p><\/div>\n<div id=\"attachment_4513\" style=\"width: 235px\" class=\"wp-caption aligncenter\"><img loading=\"lazy\" decoding=\"async\" aria-describedby=\"caption-attachment-4513\" class=\"size-medium wp-image-4513\" src=\"https:\/\/etab.ac-reunion.fr\/lyc-bois-d-olive\/wp-content\/uploads\/sites\/147\/2018\/02\/IMG_0674-225x300.jpeg\" alt=\"\" width=\"225\" height=\"300\" srcset=\"https:\/\/etab.ac-reunion.fr\/lyc-bois-d-olive\/wp-content\/uploads\/sites\/147\/2018\/02\/IMG_0674-225x300.jpeg 225w, https:\/\/etab.ac-reunion.fr\/lyc-bois-d-olive\/wp-content\/uploads\/sites\/147\/2018\/02\/IMG_0674-113x150.jpeg 113w, https:\/\/etab.ac-reunion.fr\/lyc-bois-d-olive\/wp-content\/uploads\/sites\/147\/2018\/02\/IMG_0674.jpeg 240w\" sizes=\"auto, (max-width: 225px) 100vw, 225px\" \/><p id=\"caption-attachment-4513\" class=\"wp-caption-text\">Sergio, notre partenaire d&rsquo;Insignare<\/p><\/div>\n","protected":false},"excerpt":{"rendered":"<p>Durant notre deuxi\u00e8me week-end au Portugal, nous sommes partis visiter la cit\u00e9 m\u00e9di\u00e9vale d&rsquo;Obidos, A partir du XV \u00e8me si\u00e8cle,\u2026<\/p>\n<p class=\"continue-reading-button\"> <a class=\"continue-reading-link\" href=\"https:\/\/etab.ac-reunion.fr\/lyc-bois-d-olive\/pfmp-au-portugal-voyage-dans-le-passe-a-obidos\/\">Lire la suite<i class=\"crycon-right-dir\"><\/i><\/a><\/p>\n","protected":false},"author":12971,"featured_media":4522,"comment_status":"open","ping_status":"open","sticky":false,"template":"","format":"standard","meta":{"footnotes":""},"categories":[24,51,25],"tags":[],"class_list":["post-4507","post","type-post","status-publish","format-standard","has-post-thumbnail","hentry","category-projets-et-voyages","category-travaux-publics","category-voyages-deleves"],"_links":{"self":[{"href":"https:\/\/etab.ac-reunion.fr\/lyc-bois-d-olive\/wp-json\/wp\/v2\/posts\/4507","targetHints":{"allow":["GET"]}}],"collection":[{"href":"https:\/\/etab.ac-reunion.fr\/lyc-bois-d-olive\/wp-json\/wp\/v2\/posts"}],"about":[{"href":"https:\/\/etab.ac-reunion.fr\/lyc-bois-d-olive\/wp-json\/wp\/v2\/types\/post"}],"author":[{"embeddable":true,"href":"https:\/\/etab.ac-reunion.fr\/lyc-bois-d-olive\/wp-json\/wp\/v2\/users\/12971"}],"replies":[{"embeddable":true,"href":"https:\/\/etab.ac-reunion.fr\/lyc-bois-d-olive\/wp-json\/wp\/v2\/comments?post=4507"}],"version-history":[{"count":4,"href":"https:\/\/etab.ac-reunion.fr\/lyc-bois-d-olive\/wp-json\/wp\/v2\/posts\/4507\/revisions"}],"predecessor-version":[{"id":4519,"href":"https:\/\/etab.ac-reunion.fr\/lyc-bois-d-olive\/wp-json\/wp\/v2\/posts\/4507\/revisions\/4519"}],"wp:featuredmedia":[{"embeddable":true,"href":"https:\/\/etab.ac-reunion.fr\/lyc-bois-d-olive\/wp-json\/wp\/v2\/media\/4522"}],"wp:attachment":[{"href":"https:\/\/etab.ac-reunion.fr\/lyc-bois-d-olive\/wp-json\/wp\/v2\/media?parent=4507"}],"wp:term":[{"taxonomy":"category","embeddable":true,"href":"https:\/\/etab.ac-reunion.fr\/lyc-bois-d-olive\/wp-json\/wp\/v2\/categories?post=4507"},{"taxonomy":"post_tag","embeddable":true,"href":"https:\/\/etab.ac-reunion.fr\/lyc-bois-d-olive\/wp-json\/wp\/v2\/tags?post=4507"}],"curies":[{"name":"wp","href":"https:\/\/api.w.org\/{rel}","templated":true}]}}