{"id":4921,"date":"2018-05-02T06:45:33","date_gmt":"2018-05-02T05:45:33","guid":{"rendered":"http:\/\/lycee-bois-d-olive.ac-reunion.fr\/?p=4921"},"modified":"2018-05-02T07:35:43","modified_gmt":"2018-05-02T06:35:43","slug":"lolivinfo-le-nouveau-webzine-du-lycee","status":"publish","type":"post","link":"https:\/\/etab.ac-reunion.fr\/lyc-bois-d-olive\/lolivinfo-le-nouveau-webzine-du-lycee\/","title":{"rendered":"Lolivinfo : le nouveau webzine du lyc\u00e9e"},"content":{"rendered":"<blockquote><p><em><strong>Venez d\u00e9couvrir le WebZine du lyc\u00e9e\u00a0: \u00ab\u00a0LOLIVINFO\u00a0\u00bb Un journal en ligne pour les lyc\u00e9ens, par les lyc\u00e9ens (<\/strong><\/em><strong>consultation r\u00e9serv\u00e9e aux professeurs et lyc\u00e9ens du lyc\u00e9e de Bois d&rsquo;Olive<\/strong><em><strong>).<\/strong><\/em><\/p><\/blockquote>\n<p><a href=\"https:\/\/etab.ac-reunion.fr\/lyc-bois-d-olive\/wp-content\/uploads\/sites\/147\/2018\/04\/logo_lolivinfo-1.png\"><img loading=\"lazy\" decoding=\"async\" class=\"alignleft size-full wp-image-5089\" src=\"https:\/\/etab.ac-reunion.fr\/lyc-bois-d-olive\/wp-content\/uploads\/sites\/147\/2018\/04\/logo_lolivinfo-1.png\" alt=\"\" width=\"1257\" height=\"445\" srcset=\"https:\/\/etab.ac-reunion.fr\/lyc-bois-d-olive\/wp-content\/uploads\/sites\/147\/2018\/04\/logo_lolivinfo-1.png 1257w, https:\/\/etab.ac-reunion.fr\/lyc-bois-d-olive\/wp-content\/uploads\/sites\/147\/2018\/04\/logo_lolivinfo-1-300x106.png 300w, https:\/\/etab.ac-reunion.fr\/lyc-bois-d-olive\/wp-content\/uploads\/sites\/147\/2018\/04\/logo_lolivinfo-1-1024x363.png 1024w, https:\/\/etab.ac-reunion.fr\/lyc-bois-d-olive\/wp-content\/uploads\/sites\/147\/2018\/04\/logo_lolivinfo-1-150x53.png 150w, https:\/\/etab.ac-reunion.fr\/lyc-bois-d-olive\/wp-content\/uploads\/sites\/147\/2018\/04\/logo_lolivinfo-1-1150x407.png 1150w\" sizes=\"auto, (max-width: 1257px) 100vw, 1257px\" \/><\/a><\/p>\n<p>Nous vous pr\u00e9sentons cette semaine<em>\u00a0:<\/em><\/p>\n<div id=\"attachment_5097\" style=\"width: 1591px\" class=\"wp-caption aligncenter\"><a href=\"https:\/\/etab.ac-reunion.fr\/lyc-bois-d-olive\/wp-content\/uploads\/sites\/147\/2018\/05\/extrailt_MIKL_lolivinfo_lbo.png\"><img loading=\"lazy\" decoding=\"async\" aria-describedby=\"caption-attachment-5097\" class=\"wp-image-5097 size-full\" src=\"https:\/\/etab.ac-reunion.fr\/lyc-bois-d-olive\/wp-content\/uploads\/sites\/147\/2018\/05\/extrailt_MIKL_lolivinfo_lbo.png\" alt=\"\" width=\"1581\" height=\"751\" srcset=\"https:\/\/etab.ac-reunion.fr\/lyc-bois-d-olive\/wp-content\/uploads\/sites\/147\/2018\/05\/extrailt_MIKL_lolivinfo_lbo.png 1581w, https:\/\/etab.ac-reunion.fr\/lyc-bois-d-olive\/wp-content\/uploads\/sites\/147\/2018\/05\/extrailt_MIKL_lolivinfo_lbo-300x143.png 300w, https:\/\/etab.ac-reunion.fr\/lyc-bois-d-olive\/wp-content\/uploads\/sites\/147\/2018\/05\/extrailt_MIKL_lolivinfo_lbo-1024x486.png 1024w, https:\/\/etab.ac-reunion.fr\/lyc-bois-d-olive\/wp-content\/uploads\/sites\/147\/2018\/05\/extrailt_MIKL_lolivinfo_lbo-150x71.png 150w, https:\/\/etab.ac-reunion.fr\/lyc-bois-d-olive\/wp-content\/uploads\/sites\/147\/2018\/05\/extrailt_MIKL_lolivinfo_lbo-1150x546.png 1150w\" sizes=\"auto, (max-width: 1581px) 100vw, 1581px\" \/><\/a><p id=\"caption-attachment-5097\" class=\"wp-caption-text\">Extrait de l&rsquo;article du webzine Lolivinfo<\/p><\/div>\n<p><em>Une INTERVIEW exclusive l\u2019<strong>OLIVINFO\u00a0<\/strong><\/em><em>de <\/em><strong><em>MIKL<br \/>\n<\/em><\/strong><\/p>\n<p><em>\u00a0<\/em>Jeune chanteur Saint-Pierrois dont le Tube \u00ab\u00a0A la Folie\u00a0\u00bb a enregistr\u00e9 plus de six millions de vues sur You tube\u00a0!<\/p>\n<p>Notre journaliste, <strong>Lucy Timbandry<\/strong> raconte\u00a0:<\/p>\n<p>\u00ab\u00a0Pour le projet de notre journal, j&rsquo;ai d\u00e9cid\u00e9 de faire un article sur nos artistes r\u00e9unionnais et j&rsquo;ai choisi pour ce premier article de parler de \u00ab\u00a0Mikl\u00a0\u00bb.Pour cela, j&rsquo;ai mis en place une interview avec l&rsquo;aide de notre professeur. On a r\u00e9ussi \u00e0 contacter le chanteur via Facebook, puis par sa maison de disque et finalement\u00a0 Mikl a accept\u00e9 notre invitation avec plaisir. Il nous a expliqu\u00e9 que c&rsquo;\u00e9tait important pour lui d&rsquo;\u00eatre proche de son public et de la jeunesse.Ce fut une rencontre tr\u00e8s enrichissante et un peu stressante car interroger un artiste n&rsquo;est pas si simple, il faut pr\u00e9parer le questionnaire, r\u00e9partir les t\u00e2ches\u00a0\u2026 Heureusement j&rsquo;ai \u00e9t\u00e9 aid\u00e9e par quelques personnes de la classe. Le plus stressant c&rsquo;est le fait d&rsquo;\u00eatre face \u00e0 lui car on a eu peur de se tromper dans les questions ou autres, mais au final tout s&rsquo;est bien pass\u00e9.Je pensais que \u00e7a allait \u00eatre difficile de tirer des r\u00e9ponses de sa part mais non, Mikl a \u00e9t\u00e9 tr\u00e8s sympa il nous a mis a l&rsquo;aise d\u00e8s son arriv\u00e9e et il parle facilement. Nous avons appris pleins de chose sur Mikl lors de cette discussion, sur sa personnalit\u00e9, sa vie d&rsquo;artiste&#8230;\u00a0\u00bb <strong>Lucy Timbandry<\/strong><\/p>\n<p>Pour consulter cette article et notre webzine \u00ab\u00a0LOLIVINFO\u00a0\u00bb, professeurs et \u00e9l\u00e8ves vous trouverez sur votre espace\u00a0 M\u00e9tice l&rsquo;icone dans la cat\u00e9gorie WEB<\/p>\n<p><a href=\"https:\/\/etab.ac-reunion.fr\/lyc-bois-d-olive\/wp-content\/uploads\/sites\/147\/2018\/05\/lolivinfo_acces_lbo.png\"><img loading=\"lazy\" decoding=\"async\" class=\"alignleft size-full wp-image-5101\" src=\"https:\/\/etab.ac-reunion.fr\/lyc-bois-d-olive\/wp-content\/uploads\/sites\/147\/2018\/05\/lolivinfo_acces_lbo.png\" alt=\"\" width=\"1022\" height=\"530\" srcset=\"https:\/\/etab.ac-reunion.fr\/lyc-bois-d-olive\/wp-content\/uploads\/sites\/147\/2018\/05\/lolivinfo_acces_lbo.png 1022w, https:\/\/etab.ac-reunion.fr\/lyc-bois-d-olive\/wp-content\/uploads\/sites\/147\/2018\/05\/lolivinfo_acces_lbo-300x156.png 300w, https:\/\/etab.ac-reunion.fr\/lyc-bois-d-olive\/wp-content\/uploads\/sites\/147\/2018\/05\/lolivinfo_acces_lbo-150x78.png 150w\" sizes=\"auto, (max-width: 1022px) 100vw, 1022px\" \/><\/a><\/p>\n<p>&nbsp;<\/p>\n<p>&nbsp;<\/p>\n<p>&nbsp;<\/p>\n<p>&nbsp;<\/p>\n<p>Article r\u00e9dig\u00e9 par Mme Barberot initiatrice du projet.<\/p>\n<p>&nbsp;<\/p>\n","protected":false},"excerpt":{"rendered":"<p>Venez d\u00e9couvrir le WebZine du lyc\u00e9e\u00a0: \u00ab\u00a0LOLIVINFO\u00a0\u00bb Un journal en ligne pour les lyc\u00e9ens, par les lyc\u00e9ens (consultation r\u00e9serv\u00e9e aux\u2026<\/p>\n<p class=\"continue-reading-button\"> <a class=\"continue-reading-link\" href=\"https:\/\/etab.ac-reunion.fr\/lyc-bois-d-olive\/lolivinfo-le-nouveau-webzine-du-lycee\/\">Lire la suite<i class=\"crycon-right-dir\"><\/i><\/a><\/p>\n","protected":false},"author":11401,"featured_media":5088,"comment_status":"open","ping_status":"open","sticky":false,"template":"","format":"standard","meta":{"footnotes":""},"categories":[6],"tags":[],"class_list":["post-4921","post","type-post","status-publish","format-standard","has-post-thumbnail","hentry","category-actions-et-projets"],"_links":{"self":[{"href":"https:\/\/etab.ac-reunion.fr\/lyc-bois-d-olive\/wp-json\/wp\/v2\/posts\/4921","targetHints":{"allow":["GET"]}}],"collection":[{"href":"https:\/\/etab.ac-reunion.fr\/lyc-bois-d-olive\/wp-json\/wp\/v2\/posts"}],"about":[{"href":"https:\/\/etab.ac-reunion.fr\/lyc-bois-d-olive\/wp-json\/wp\/v2\/types\/post"}],"author":[{"embeddable":true,"href":"https:\/\/etab.ac-reunion.fr\/lyc-bois-d-olive\/wp-json\/wp\/v2\/users\/11401"}],"replies":[{"embeddable":true,"href":"https:\/\/etab.ac-reunion.fr\/lyc-bois-d-olive\/wp-json\/wp\/v2\/comments?post=4921"}],"version-history":[{"count":9,"href":"https:\/\/etab.ac-reunion.fr\/lyc-bois-d-olive\/wp-json\/wp\/v2\/posts\/4921\/revisions"}],"predecessor-version":[{"id":5104,"href":"https:\/\/etab.ac-reunion.fr\/lyc-bois-d-olive\/wp-json\/wp\/v2\/posts\/4921\/revisions\/5104"}],"wp:featuredmedia":[{"embeddable":true,"href":"https:\/\/etab.ac-reunion.fr\/lyc-bois-d-olive\/wp-json\/wp\/v2\/media\/5088"}],"wp:attachment":[{"href":"https:\/\/etab.ac-reunion.fr\/lyc-bois-d-olive\/wp-json\/wp\/v2\/media?parent=4921"}],"wp:term":[{"taxonomy":"category","embeddable":true,"href":"https:\/\/etab.ac-reunion.fr\/lyc-bois-d-olive\/wp-json\/wp\/v2\/categories?post=4921"},{"taxonomy":"post_tag","embeddable":true,"href":"https:\/\/etab.ac-reunion.fr\/lyc-bois-d-olive\/wp-json\/wp\/v2\/tags?post=4921"}],"curies":[{"name":"wp","href":"https:\/\/api.w.org\/{rel}","templated":true}]}}