{"id":5201,"date":"2018-05-30T05:42:42","date_gmt":"2018-05-30T04:42:42","guid":{"rendered":"http:\/\/lycee-bois-d-olive.ac-reunion.fr\/?p=5201"},"modified":"2018-05-30T05:42:42","modified_gmt":"2018-05-30T04:42:42","slug":"unss-squash-bois-dolive-decroche-le-bronze","status":"publish","type":"post","link":"https:\/\/etab.ac-reunion.fr\/lyc-bois-d-olive\/unss-squash-bois-dolive-decroche-le-bronze\/","title":{"rendered":"UNSS Squash : Bois d&rsquo;Olive d\u00e9croche le Bronze !"},"content":{"rendered":"<blockquote><p>Pour la deuxi\u00e8me ann\u00e9e cons\u00e9cutive, l&rsquo;association Squash Royan a eu le plaisir d&rsquo;accueillir le Championnat de France UNSS Squash par \u00e9quipes (pour les champions d&rsquo;acad\u00e9mies qualifi\u00e9s, licenci\u00e9s UNSS). Environ 80 jeunes ont \u00e9t\u00e9 attendus.<\/p><\/blockquote>\n<p><img loading=\"lazy\" decoding=\"async\" class=\"alignnone  wp-image-5205 alignleft\" src=\"https:\/\/etab.ac-reunion.fr\/lyc-bois-d-olive\/wp-content\/uploads\/sites\/147\/2018\/05\/UNSS-Squash-768x1024-225x300.jpg\" alt=\"\" width=\"186\" height=\"248\" srcset=\"https:\/\/etab.ac-reunion.fr\/lyc-bois-d-olive\/wp-content\/uploads\/sites\/147\/2018\/05\/UNSS-Squash-768x1024-225x300.jpg 225w, https:\/\/etab.ac-reunion.fr\/lyc-bois-d-olive\/wp-content\/uploads\/sites\/147\/2018\/05\/UNSS-Squash-768x1024.jpg 768w, https:\/\/etab.ac-reunion.fr\/lyc-bois-d-olive\/wp-content\/uploads\/sites\/147\/2018\/05\/UNSS-Squash-768x1024-113x150.jpg 113w\" sizes=\"auto, (max-width: 186px) 100vw, 186px\" \/><\/p>\n<p>Nos \u00e9l\u00e8ves de l\u2019<strong>AS LBO<\/strong> nous ram\u00e8nent une tr\u00e8s belle m\u00e9daille de bronze pour leur premier championnat de France de squash UNSS. Une tr\u00e8s belle organisation \u00e0 Royan, du soleil et de beaux moments de sport et de partage qui resteront certainement inoubliables pour eux. Ils ont bien m\u00e9rit\u00e9 leur journ\u00e9e d\u00e9tente au Futuroscope. Le coll\u00e8ge Juliette Dodu ram\u00e8ne aussi le bronze dans sa cat\u00e9gorie. Nos 2 jeunes officiels se sont distingu\u00e9s et ont re\u00e7u le titre de jeune Officier National.<\/p>\n<p>&nbsp;<\/p>\n<p>&nbsp;<\/p>\n<p>&nbsp;<\/p>\n<div id=\"attachment_5199\" style=\"width: 248px\" class=\"wp-caption alignleft\"><img loading=\"lazy\" decoding=\"async\" aria-describedby=\"caption-attachment-5199\" class=\"wp-image-5199 \" src=\"https:\/\/etab.ac-reunion.fr\/lyc-bois-d-olive\/wp-content\/uploads\/sites\/147\/2018\/05\/IMG_0983-300x225.jpg\" alt=\"\" width=\"238\" height=\"178\" srcset=\"https:\/\/etab.ac-reunion.fr\/lyc-bois-d-olive\/wp-content\/uploads\/sites\/147\/2018\/05\/IMG_0983-300x225.jpg 300w, https:\/\/etab.ac-reunion.fr\/lyc-bois-d-olive\/wp-content\/uploads\/sites\/147\/2018\/05\/IMG_0983-1024x768.jpg 1024w, https:\/\/etab.ac-reunion.fr\/lyc-bois-d-olive\/wp-content\/uploads\/sites\/147\/2018\/05\/IMG_0983-150x113.jpg 150w, https:\/\/etab.ac-reunion.fr\/lyc-bois-d-olive\/wp-content\/uploads\/sites\/147\/2018\/05\/IMG_0983-1150x863.jpg 1150w, https:\/\/etab.ac-reunion.fr\/lyc-bois-d-olive\/wp-content\/uploads\/sites\/147\/2018\/05\/IMG_0983.jpg 1280w\" sizes=\"auto, (max-width: 238px) 100vw, 238px\" \/><p id=\"caption-attachment-5199\" class=\"wp-caption-text\">Remise des m\u00e9dailles<\/p><\/div>\n<div id=\"attachment_5200\" style=\"width: 248px\" class=\"wp-caption alignleft\"><img loading=\"lazy\" decoding=\"async\" aria-describedby=\"caption-attachment-5200\" class=\"wp-image-5200 \" src=\"https:\/\/etab.ac-reunion.fr\/lyc-bois-d-olive\/wp-content\/uploads\/sites\/147\/2018\/05\/IMG_0985-300x225.jpg\" alt=\"\" width=\"238\" height=\"179\" srcset=\"https:\/\/etab.ac-reunion.fr\/lyc-bois-d-olive\/wp-content\/uploads\/sites\/147\/2018\/05\/IMG_0985-300x225.jpg 300w, https:\/\/etab.ac-reunion.fr\/lyc-bois-d-olive\/wp-content\/uploads\/sites\/147\/2018\/05\/IMG_0985-1024x768.jpg 1024w, https:\/\/etab.ac-reunion.fr\/lyc-bois-d-olive\/wp-content\/uploads\/sites\/147\/2018\/05\/IMG_0985-150x113.jpg 150w, https:\/\/etab.ac-reunion.fr\/lyc-bois-d-olive\/wp-content\/uploads\/sites\/147\/2018\/05\/IMG_0985-1150x863.jpg 1150w, https:\/\/etab.ac-reunion.fr\/lyc-bois-d-olive\/wp-content\/uploads\/sites\/147\/2018\/05\/IMG_0985.jpg 1280w\" sizes=\"auto, (max-width: 238px) 100vw, 238px\" \/><p id=\"caption-attachment-5200\" class=\"wp-caption-text\">L&rsquo;\u00e9quipe de Bois d&rsquo;Olive<\/p><\/div>\n<div id=\"attachment_5198\" style=\"width: 236px\" class=\"wp-caption alignleft\"><img loading=\"lazy\" decoding=\"async\" aria-describedby=\"caption-attachment-5198\" class=\"wp-image-5198 \" src=\"https:\/\/etab.ac-reunion.fr\/lyc-bois-d-olive\/wp-content\/uploads\/sites\/147\/2018\/05\/IMG_0970-300x225.jpg\" alt=\"\" width=\"226\" height=\"170\" srcset=\"https:\/\/etab.ac-reunion.fr\/lyc-bois-d-olive\/wp-content\/uploads\/sites\/147\/2018\/05\/IMG_0970-300x225.jpg 300w, https:\/\/etab.ac-reunion.fr\/lyc-bois-d-olive\/wp-content\/uploads\/sites\/147\/2018\/05\/IMG_0970-1024x768.jpg 1024w, https:\/\/etab.ac-reunion.fr\/lyc-bois-d-olive\/wp-content\/uploads\/sites\/147\/2018\/05\/IMG_0970-150x113.jpg 150w, https:\/\/etab.ac-reunion.fr\/lyc-bois-d-olive\/wp-content\/uploads\/sites\/147\/2018\/05\/IMG_0970-1150x863.jpg 1150w, https:\/\/etab.ac-reunion.fr\/lyc-bois-d-olive\/wp-content\/uploads\/sites\/147\/2018\/05\/IMG_0970.jpg 1280w\" sizes=\"auto, (max-width: 226px) 100vw, 226px\" \/><p id=\"caption-attachment-5198\" class=\"wp-caption-text\">Remise du titre de jeune Officier National.<\/p><\/div>\n<p>&nbsp;<\/p>\n<p>&nbsp;<\/p>\n<p>&nbsp;<\/p>\n<p>&nbsp;<\/p>\n<p>&nbsp;<\/p>\n<p>Article r\u00e9dig\u00e9 par M. Pascal LINCOU, professeur d&rsquo;EPS au Lyc\u00e9e de Bois d&rsquo;Olive.<\/p>\n","protected":false},"excerpt":{"rendered":"<p>Pour la deuxi\u00e8me ann\u00e9e cons\u00e9cutive, l&rsquo;association Squash Royan a eu le plaisir d&rsquo;accueillir le Championnat de France UNSS Squash par\u2026<\/p>\n<p class=\"continue-reading-button\"> <a class=\"continue-reading-link\" href=\"https:\/\/etab.ac-reunion.fr\/lyc-bois-d-olive\/unss-squash-bois-dolive-decroche-le-bronze\/\">Lire la suite<i class=\"crycon-right-dir\"><\/i><\/a><\/p>\n","protected":false},"author":11627,"featured_media":5204,"comment_status":"open","ping_status":"open","sticky":false,"template":"","format":"standard","meta":{"footnotes":""},"categories":[7,11],"tags":[],"class_list":["post-5201","post","type-post","status-publish","format-standard","has-post-thumbnail","hentry","category-association-sportive","category-eps"],"_links":{"self":[{"href":"https:\/\/etab.ac-reunion.fr\/lyc-bois-d-olive\/wp-json\/wp\/v2\/posts\/5201","targetHints":{"allow":["GET"]}}],"collection":[{"href":"https:\/\/etab.ac-reunion.fr\/lyc-bois-d-olive\/wp-json\/wp\/v2\/posts"}],"about":[{"href":"https:\/\/etab.ac-reunion.fr\/lyc-bois-d-olive\/wp-json\/wp\/v2\/types\/post"}],"author":[{"embeddable":true,"href":"https:\/\/etab.ac-reunion.fr\/lyc-bois-d-olive\/wp-json\/wp\/v2\/users\/11627"}],"replies":[{"embeddable":true,"href":"https:\/\/etab.ac-reunion.fr\/lyc-bois-d-olive\/wp-json\/wp\/v2\/comments?post=5201"}],"version-history":[{"count":8,"href":"https:\/\/etab.ac-reunion.fr\/lyc-bois-d-olive\/wp-json\/wp\/v2\/posts\/5201\/revisions"}],"predecessor-version":[{"id":5210,"href":"https:\/\/etab.ac-reunion.fr\/lyc-bois-d-olive\/wp-json\/wp\/v2\/posts\/5201\/revisions\/5210"}],"wp:featuredmedia":[{"embeddable":true,"href":"https:\/\/etab.ac-reunion.fr\/lyc-bois-d-olive\/wp-json\/wp\/v2\/media\/5204"}],"wp:attachment":[{"href":"https:\/\/etab.ac-reunion.fr\/lyc-bois-d-olive\/wp-json\/wp\/v2\/media?parent=5201"}],"wp:term":[{"taxonomy":"category","embeddable":true,"href":"https:\/\/etab.ac-reunion.fr\/lyc-bois-d-olive\/wp-json\/wp\/v2\/categories?post=5201"},{"taxonomy":"post_tag","embeddable":true,"href":"https:\/\/etab.ac-reunion.fr\/lyc-bois-d-olive\/wp-json\/wp\/v2\/tags?post=5201"}],"curies":[{"name":"wp","href":"https:\/\/api.w.org\/{rel}","templated":true}]}}