{"id":5914,"date":"2019-02-14T14:07:35","date_gmt":"2019-02-14T13:07:35","guid":{"rendered":"http:\/\/lycee-bois-d-olive.ac-reunion.fr\/?p=5914"},"modified":"2019-04-15T16:53:28","modified_gmt":"2019-04-15T15:53:28","slug":"cest-parti-pour-24h-dinnovation","status":"publish","type":"post","link":"https:\/\/etab.ac-reunion.fr\/lyc-bois-d-olive\/cest-parti-pour-24h-dinnovation\/","title":{"rendered":"C&rsquo;est parti pour 24h d&rsquo;innovation !!!"},"content":{"rendered":"<blockquote><p>5 \u00e9quipes compos\u00e9es d&rsquo;\u00e9l\u00e8ves du lyc\u00e9e Bois d&rsquo;Olive et du coll\u00e8ge Henri Matisse se sont lanc\u00e9s \u00e0 10h ce jeudi 14 f\u00e9vrier dans une course \u00e0 l&rsquo;innovation.<\/p><\/blockquote>\n<p>Les 5 \u00e9quipes sont compos\u00e9es de 25 \u00e9l\u00e8ves venant de classes de 3\u00e8me, de 1\u00e8re S-SI, de Terminale S-SI, de 1\u00e8re STI2D et de Terminale STI2D.<\/p>\n<div id=\"attachment_5915\" style=\"width: 310px\" class=\"wp-caption aligncenter\"><img loading=\"lazy\" decoding=\"async\" aria-describedby=\"caption-attachment-5915\" class=\"wp-image-5915 size-medium\" src=\"https:\/\/etab.ac-reunion.fr\/lyc-bois-d-olive\/wp-content\/uploads\/sites\/147\/2019\/02\/IMG-20190214-WA0000-300x225.jpg\" alt=\"\" width=\"300\" height=\"225\" srcset=\"https:\/\/etab.ac-reunion.fr\/lyc-bois-d-olive\/wp-content\/uploads\/sites\/147\/2019\/02\/IMG-20190214-WA0000-300x225.jpg 300w, https:\/\/etab.ac-reunion.fr\/lyc-bois-d-olive\/wp-content\/uploads\/sites\/147\/2019\/02\/IMG-20190214-WA0000-1024x768.jpg 1024w, https:\/\/etab.ac-reunion.fr\/lyc-bois-d-olive\/wp-content\/uploads\/sites\/147\/2019\/02\/IMG-20190214-WA0000-150x113.jpg 150w, https:\/\/etab.ac-reunion.fr\/lyc-bois-d-olive\/wp-content\/uploads\/sites\/147\/2019\/02\/IMG-20190214-WA0000-1150x863.jpg 1150w, https:\/\/etab.ac-reunion.fr\/lyc-bois-d-olive\/wp-content\/uploads\/sites\/147\/2019\/02\/IMG-20190214-WA0000.jpg 1280w\" sizes=\"auto, (max-width: 300px) 100vw, 300px\" \/><p id=\"caption-attachment-5915\" class=\"wp-caption-text\">Diego, Adrien, Etienne, Romain et Flora en phase de cr\u00e9ativit\u00e9<\/p><\/div>\n<p>Ils participent au concours acad\u00e9mique des \u00ab\u00a024h de l&rsquo;innovation\u00a0\u00bb, aux c\u00f4t\u00e9s de 13 autres lyc\u00e9es\u00a0. Le coup d&rsquo;envoi a \u00e9t\u00e9 donn\u00e9 \u00e0 10h ce jeudi 14 f\u00e9vrier. Les jeunes ont choisi une probl\u00e9matique parmi les 22 propos\u00e9es par les industriels de la R\u00e9union. Ils ont jusqu&rsquo;\u00e0 10h vendredi 15 f\u00e9vrier pour proposer une solution innovante.<\/p>\n<div id=\"attachment_5917\" style=\"width: 235px\" class=\"wp-caption aligncenter\"><img loading=\"lazy\" decoding=\"async\" aria-describedby=\"caption-attachment-5917\" class=\"wp-image-5917 size-medium\" src=\"https:\/\/etab.ac-reunion.fr\/lyc-bois-d-olive\/wp-content\/uploads\/sites\/147\/2019\/02\/IMG-20190214-WA0002-225x300.jpg\" alt=\"\" width=\"225\" height=\"300\" srcset=\"https:\/\/etab.ac-reunion.fr\/lyc-bois-d-olive\/wp-content\/uploads\/sites\/147\/2019\/02\/IMG-20190214-WA0002-225x300.jpg 225w, https:\/\/etab.ac-reunion.fr\/lyc-bois-d-olive\/wp-content\/uploads\/sites\/147\/2019\/02\/IMG-20190214-WA0002-768x1024.jpg 768w, https:\/\/etab.ac-reunion.fr\/lyc-bois-d-olive\/wp-content\/uploads\/sites\/147\/2019\/02\/IMG-20190214-WA0002-113x150.jpg 113w, https:\/\/etab.ac-reunion.fr\/lyc-bois-d-olive\/wp-content\/uploads\/sites\/147\/2019\/02\/IMG-20190214-WA0002.jpg 960w\" sizes=\"auto, (max-width: 225px) 100vw, 225px\" \/><p id=\"caption-attachment-5917\" class=\"wp-caption-text\">Louis et son \u00e9quipe en pleine r\u00e9flexion<\/p><\/div>\n<p>Un jury &#8211; compos\u00e9 d&rsquo;un entrepreneur, d&rsquo;un chercheur universitaire, d&rsquo;un professeur de Sciences de l&rsquo;Ing\u00e9nieur et d&rsquo;une personne de l&rsquo;administration du lyc\u00e9e &#8211; interviendra \u00e0 l&rsquo;issue de la phase de cr\u00e9ation. Chaque \u00e9quipe pr\u00e9sentera aux juges une vid\u00e9o de 3 minutes puis \u00e9changera avec le jury lors d&rsquo;une phase de questions-r\u00e9ponses. Le jury \u00e9tablira alors un classement de ces 5 \u00e9quipes.<\/p>\n<p>Les \u00e9quipes laur\u00e9ates de chaque lyc\u00e9e se rencontreront le samedi 16 f\u00e9vrier \u00e0 la Cit\u00e9 du Volcan pour la finale acad\u00e9mique o\u00f9 le jury d&rsquo;honneur \u00e9lira la meilleure \u00e9quipe.<\/p>\n<div id=\"attachment_5918\" style=\"width: 310px\" class=\"wp-caption aligncenter\"><img loading=\"lazy\" decoding=\"async\" aria-describedby=\"caption-attachment-5918\" class=\"wp-image-5918 size-medium\" src=\"https:\/\/etab.ac-reunion.fr\/lyc-bois-d-olive\/wp-content\/uploads\/sites\/147\/2019\/02\/IMG-20190214-WA0003-300x225.jpg\" alt=\"\" width=\"300\" height=\"225\" srcset=\"https:\/\/etab.ac-reunion.fr\/lyc-bois-d-olive\/wp-content\/uploads\/sites\/147\/2019\/02\/IMG-20190214-WA0003-300x225.jpg 300w, https:\/\/etab.ac-reunion.fr\/lyc-bois-d-olive\/wp-content\/uploads\/sites\/147\/2019\/02\/IMG-20190214-WA0003-1024x768.jpg 1024w, https:\/\/etab.ac-reunion.fr\/lyc-bois-d-olive\/wp-content\/uploads\/sites\/147\/2019\/02\/IMG-20190214-WA0003-150x113.jpg 150w, https:\/\/etab.ac-reunion.fr\/lyc-bois-d-olive\/wp-content\/uploads\/sites\/147\/2019\/02\/IMG-20190214-WA0003-1150x863.jpg 1150w, https:\/\/etab.ac-reunion.fr\/lyc-bois-d-olive\/wp-content\/uploads\/sites\/147\/2019\/02\/IMG-20190214-WA0003.jpg 1280w\" sizes=\"auto, (max-width: 300px) 100vw, 300px\" \/><p id=\"caption-attachment-5918\" class=\"wp-caption-text\">H\u00e9l\u00e9na, Teddy, Micka\u00ebl et Paul en recherche d&rsquo;id\u00e9es<\/p><\/div>\n<p>Nous leur souhaitons \u00e0 tous \u00ab\u00a0Bon courage !\u00a0\u00bb et \u00ab\u00a0Bonne chance !\u00a0\u00bb.<\/p>\n<p>&nbsp;<\/p>\n","protected":false},"excerpt":{"rendered":"<p>5 \u00e9quipes compos\u00e9es d&rsquo;\u00e9l\u00e8ves du lyc\u00e9e Bois d&rsquo;Olive et du coll\u00e8ge Henri Matisse se sont lanc\u00e9s \u00e0 10h ce jeudi\u2026<\/p>\n<p class=\"continue-reading-button\"> <a class=\"continue-reading-link\" href=\"https:\/\/etab.ac-reunion.fr\/lyc-bois-d-olive\/cest-parti-pour-24h-dinnovation\/\">Lire la suite<i class=\"crycon-right-dir\"><\/i><\/a><\/p>\n","protected":false},"author":20300,"featured_media":5915,"comment_status":"closed","ping_status":"closed","sticky":false,"template":"","format":"standard","meta":{"footnotes":""},"categories":[6,31,90],"tags":[],"class_list":["post-5914","post","type-post","status-publish","format-standard","has-post-thumbnail","hentry","category-actions-et-projets","category-sciences-de-lingenieur","category-sti2d"],"_links":{"self":[{"href":"https:\/\/etab.ac-reunion.fr\/lyc-bois-d-olive\/wp-json\/wp\/v2\/posts\/5914","targetHints":{"allow":["GET"]}}],"collection":[{"href":"https:\/\/etab.ac-reunion.fr\/lyc-bois-d-olive\/wp-json\/wp\/v2\/posts"}],"about":[{"href":"https:\/\/etab.ac-reunion.fr\/lyc-bois-d-olive\/wp-json\/wp\/v2\/types\/post"}],"author":[{"embeddable":true,"href":"https:\/\/etab.ac-reunion.fr\/lyc-bois-d-olive\/wp-json\/wp\/v2\/users\/20300"}],"replies":[{"embeddable":true,"href":"https:\/\/etab.ac-reunion.fr\/lyc-bois-d-olive\/wp-json\/wp\/v2\/comments?post=5914"}],"version-history":[{"count":3,"href":"https:\/\/etab.ac-reunion.fr\/lyc-bois-d-olive\/wp-json\/wp\/v2\/posts\/5914\/revisions"}],"predecessor-version":[{"id":5922,"href":"https:\/\/etab.ac-reunion.fr\/lyc-bois-d-olive\/wp-json\/wp\/v2\/posts\/5914\/revisions\/5922"}],"wp:featuredmedia":[{"embeddable":true,"href":"https:\/\/etab.ac-reunion.fr\/lyc-bois-d-olive\/wp-json\/wp\/v2\/media\/5915"}],"wp:attachment":[{"href":"https:\/\/etab.ac-reunion.fr\/lyc-bois-d-olive\/wp-json\/wp\/v2\/media?parent=5914"}],"wp:term":[{"taxonomy":"category","embeddable":true,"href":"https:\/\/etab.ac-reunion.fr\/lyc-bois-d-olive\/wp-json\/wp\/v2\/categories?post=5914"},{"taxonomy":"post_tag","embeddable":true,"href":"https:\/\/etab.ac-reunion.fr\/lyc-bois-d-olive\/wp-json\/wp\/v2\/tags?post=5914"}],"curies":[{"name":"wp","href":"https:\/\/api.w.org\/{rel}","templated":true}]}}