{"id":6044,"date":"2019-03-21T15:39:35","date_gmt":"2019-03-21T14:39:35","guid":{"rendered":"http:\/\/lycee-bois-d-olive.ac-reunion.fr\/?p=6044"},"modified":"2022-10-04T08:34:58","modified_gmt":"2022-10-04T07:34:58","slug":"prix-reunionnais-de-la-mixite-une-eleve-de-bts-af-primee","status":"publish","type":"post","link":"https:\/\/etab.ac-reunion.fr\/lyc-bois-d-olive\/prix-reunionnais-de-la-mixite-une-eleve-de-bts-af-primee\/","title":{"rendered":"Prix R\u00e9unionnais de la Mixit\u00e9 : une \u00e9l\u00e8ve de BTS AF prim\u00e9e !"},"content":{"rendered":"<blockquote><p><span style=\"font-family: 'Arial','sans-serif'\">A l\u2019occasion de la Journ\u00e9e Internationale des Droits de la femme, le vendredi 8 mars, l\u2019Universit\u00e9 de La R\u00e9union a accueilli la remise des prix de la 4\u00e8me\u00a0\u00e9dition du \u00ab\u00a0Prix R\u00e9unionnais de la Mixit\u00e9\u00a0\u00bb.<br \/>\n<\/span><\/p>\n<p>&nbsp;<\/p><\/blockquote>\n<p><img loading=\"lazy\" decoding=\"async\" class=\"size-medium wp-image-6046 aligncenter\" src=\"https:\/\/etab.ac-reunion.fr\/lyc-bois-d-olive\/wp-content\/uploads\/sites\/147\/2019\/03\/LBO_BTSAF_2019_PrixMixit\u00e9_2-300x223.png\" alt=\"\" width=\"300\" height=\"223\" srcset=\"https:\/\/etab.ac-reunion.fr\/lyc-bois-d-olive\/wp-content\/uploads\/sites\/147\/2019\/03\/LBO_BTSAF_2019_PrixMixit\u00e9_2-300x223.png 300w, https:\/\/etab.ac-reunion.fr\/lyc-bois-d-olive\/wp-content\/uploads\/sites\/147\/2019\/03\/LBO_BTSAF_2019_PrixMixit\u00e9_2-150x111.png 150w, https:\/\/etab.ac-reunion.fr\/lyc-bois-d-olive\/wp-content\/uploads\/sites\/147\/2019\/03\/LBO_BTSAF_2019_PrixMixit\u00e9_2.png 800w\" sizes=\"auto, (max-width: 300px) 100vw, 300px\" \/><\/p>\n<p><span style=\"font-family: 'Arial','sans-serif'\">Cr\u00e9\u00e9s par l\u2019association CHANCEGAL sur une initiative de la Pr\u00e9fecture et en partenariat avec le Rectorat, c<\/span><span style=\"font-family: 'Arial','sans-serif'\">es prix r\u00e9compensent les d\u00e9marches individuelles de jeunes qui s\u2019inscrivent dans des parcours de formation o\u00f9 le d\u00e9s\u00e9quilibre femmes-hommes est im<\/span><span style=\"font-family: 'Arial','sans-serif'\">portant. L\u2019objectif \u00e9tant de promouvoir la mixit\u00e9 des m\u00e9tiers et des formations<\/span>.<\/p>\n<p><img loading=\"lazy\" decoding=\"async\" class=\"alignnone size-medium wp-image-6045 aligncenter\" src=\"https:\/\/etab.ac-reunion.fr\/lyc-bois-d-olive\/wp-content\/uploads\/sites\/147\/2019\/03\/LBO_BTSAF_2019_PrixMixit\u00e9_1-213x300.png\" alt=\"\" width=\"213\" height=\"300\" srcset=\"https:\/\/etab.ac-reunion.fr\/lyc-bois-d-olive\/wp-content\/uploads\/sites\/147\/2019\/03\/LBO_BTSAF_2019_PrixMixit\u00e9_1-213x300.png 213w, https:\/\/etab.ac-reunion.fr\/lyc-bois-d-olive\/wp-content\/uploads\/sites\/147\/2019\/03\/LBO_BTSAF_2019_PrixMixit\u00e9_1-107x150.png 107w, https:\/\/etab.ac-reunion.fr\/lyc-bois-d-olive\/wp-content\/uploads\/sites\/147\/2019\/03\/LBO_BTSAF_2019_PrixMixit\u00e9_1.png 334w\" sizes=\"auto, (max-width: 213px) 100vw, 213px\" \/><\/p>\n<p><strong><span style=\"font-family: 'Arial','sans-serif'\">Cassandre Montrouge, \u00e9l\u00e8ve de 1<sup>\u00e8re<\/sup> ann\u00e9e en BTS Am\u00e9nagement Finition<\/span><\/strong><span style=\"font-family: 'Arial','sans-serif'\"> fait partie des heureux laur\u00e9ats. Son dossier (soutenu par l\u2019\u00e9quipe p\u00e9dagogique) retra\u00e7ant son parcours scolaire, pr\u00e9sentant ses centres d\u2019int\u00e9r\u00eat et refl\u00e9tant bien sa motivation a su retenir l\u2019attention du jury.<\/span><\/p>\n<p><span style=\"font-family: 'Arial','sans-serif'\">Mme Doublet, proviseure du lyc\u00e9e, a eu la fiert\u00e9 de l\u2019accompagner au Campus du Moufia, o\u00f9 notre laur\u00e9ate a re\u00e7u un prix individuel de 500 euros.<\/span><\/p>\n<p><strong><span style=\"font-family: 'Arial','sans-serif'\">Bravo \u00e0 toi, Cassandre !<\/span><\/strong><\/p>\n","protected":false},"excerpt":{"rendered":"<p>A l\u2019occasion de la Journ\u00e9e Internationale des Droits de la femme, le vendredi 8 mars, l\u2019Universit\u00e9 de La R\u00e9union a\u2026<\/p>\n<p class=\"continue-reading-button\"> <a class=\"continue-reading-link\" href=\"https:\/\/etab.ac-reunion.fr\/lyc-bois-d-olive\/prix-reunionnais-de-la-mixite-une-eleve-de-bts-af-primee\/\">Lire la suite<i class=\"crycon-right-dir\"><\/i><\/a><\/p>\n","protected":false},"author":17988,"featured_media":6046,"comment_status":"closed","ping_status":"closed","sticky":false,"template":"","format":"standard","meta":{"footnotes":""},"categories":[6,148],"tags":[66,93,99],"class_list":["post-6044","post","type-post","status-publish","format-standard","has-post-thumbnail","hentry","category-actions-et-projets","category-finitions-amenagement-des-batiments-conception-et-realisation-fabcr","tag-2018-2019","tag-bts-af","tag-mixite"],"_links":{"self":[{"href":"https:\/\/etab.ac-reunion.fr\/lyc-bois-d-olive\/wp-json\/wp\/v2\/posts\/6044","targetHints":{"allow":["GET"]}}],"collection":[{"href":"https:\/\/etab.ac-reunion.fr\/lyc-bois-d-olive\/wp-json\/wp\/v2\/posts"}],"about":[{"href":"https:\/\/etab.ac-reunion.fr\/lyc-bois-d-olive\/wp-json\/wp\/v2\/types\/post"}],"author":[{"embeddable":true,"href":"https:\/\/etab.ac-reunion.fr\/lyc-bois-d-olive\/wp-json\/wp\/v2\/users\/17988"}],"replies":[{"embeddable":true,"href":"https:\/\/etab.ac-reunion.fr\/lyc-bois-d-olive\/wp-json\/wp\/v2\/comments?post=6044"}],"version-history":[{"count":4,"href":"https:\/\/etab.ac-reunion.fr\/lyc-bois-d-olive\/wp-json\/wp\/v2\/posts\/6044\/revisions"}],"predecessor-version":[{"id":6048,"href":"https:\/\/etab.ac-reunion.fr\/lyc-bois-d-olive\/wp-json\/wp\/v2\/posts\/6044\/revisions\/6048"}],"wp:featuredmedia":[{"embeddable":true,"href":"https:\/\/etab.ac-reunion.fr\/lyc-bois-d-olive\/wp-json\/wp\/v2\/media\/6046"}],"wp:attachment":[{"href":"https:\/\/etab.ac-reunion.fr\/lyc-bois-d-olive\/wp-json\/wp\/v2\/media?parent=6044"}],"wp:term":[{"taxonomy":"category","embeddable":true,"href":"https:\/\/etab.ac-reunion.fr\/lyc-bois-d-olive\/wp-json\/wp\/v2\/categories?post=6044"},{"taxonomy":"post_tag","embeddable":true,"href":"https:\/\/etab.ac-reunion.fr\/lyc-bois-d-olive\/wp-json\/wp\/v2\/tags?post=6044"}],"curies":[{"name":"wp","href":"https:\/\/api.w.org\/{rel}","templated":true}]}}