{"id":6085,"date":"2019-04-11T12:46:47","date_gmt":"2019-04-11T11:46:47","guid":{"rendered":"http:\/\/lycee-bois-d-olive.ac-reunion.fr\/?p=6085"},"modified":"2019-04-15T16:49:11","modified_gmt":"2019-04-15T15:49:11","slug":"vhsc-polo-banderole-made-in-lbo","status":"publish","type":"post","link":"https:\/\/etab.ac-reunion.fr\/lyc-bois-d-olive\/vhsc-polo-banderole-made-in-lbo\/","title":{"rendered":"VHSC : Polo &amp; Banderole made in LBO&#8230;"},"content":{"rendered":"<p><strong>Apr\u00e8s avoir r\u00e9alis\u00e9 le logo du VHSC, les \u00e9l\u00e8ves de 1\u00e8re ann\u00e9e CAP SDG ont personnalis\u00e9 les polos rouges qu&rsquo;ils porteront pour repr\u00e9senter le Lyc\u00e9e de Bois d&rsquo;Olive lors de l&rsquo;\u00e9v\u00e9nement et r\u00e9alis\u00e9 la banderole qui sera install\u00e9e dans le gymnase du Lyc\u00e9e Victor Schoelcher ce vendredi 12 avril. De la conception \u00e0 la r\u00e9alisation, retour sur la confection des polos et de la banderole <em>made in<\/em> LBO&#8230;<\/strong><\/p>\n<p><!--more--><\/p>\n<p style=\"text-align: left\">Avant la phase de r\u00e9alisation, les \u00e9l\u00e8ves ont tout d&rsquo;abord travaill\u00e9 en infographie sous la houlette de leur professeure, Mme LEGER. Ils ont con\u00e7u des photomontages afin d&rsquo;avoir un premier aper\u00e7u du rendu final.<\/p>\n<div class=\"su-custom-gallery su-custom-gallery-align-left su-custom-gallery-title-hover\"><div class=\"su-custom-gallery-slide\" style=\"width:120px;height:120px\"><a href=\"https:\/\/etab.ac-reunion.fr\/lyc-bois-d-olive\/wp-content\/uploads\/sites\/147\/2019\/04\/polo-laureen-recto-verso--e1554478219721.jpg\" title=\"Photomontage 1 recto \/ verso\"><img loading=\"lazy\" decoding=\"async\" src=\"https:\/\/etab.ac-reunion.fr\/lyc-bois-d-olive\/wp-content\/uploads\/sites\/147\/2019\/04\/polo-laureen-recto-verso--e1554478219721.jpg\" alt=\"Photomontage 1 recto \/ verso\" width=\"120\" height=\"120\" \/><span class=\"su-custom-gallery-title\">Photomontage 1 recto \/ verso<\/span><\/a><\/div><div class=\"su-custom-gallery-slide\" style=\"width:120px;height:120px\"><a href=\"https:\/\/etab.ac-reunion.fr\/lyc-bois-d-olive\/wp-content\/uploads\/sites\/147\/2019\/04\/polo-tracy-e1554478243466.jpg\" title=\"Photomontage 2 recto \/ verso\"><img loading=\"lazy\" decoding=\"async\" src=\"https:\/\/etab.ac-reunion.fr\/lyc-bois-d-olive\/wp-content\/uploads\/sites\/147\/2019\/04\/polo-tracy-e1554478243466.jpg\" alt=\"Photomontage 2 recto \/ verso\" width=\"120\" height=\"120\" \/><span class=\"su-custom-gallery-title\">Photomontage 2 recto \/ verso<\/span><\/a><\/div><div class=\"su-clear\"><\/div><\/div>\n<p style=\"text-align: left\">Ils sont ensuite pass\u00e9s \u00e0 la r\u00e9alisation. Apr\u00e8s le photomontage, ils ont floqu\u00e9 leurs polos \u00e0 l&rsquo;aide d&rsquo;une presse sous la supervision de M. LESAGE, enseignant de r\u00e9alisation des ouvrages en CAP SDG.<\/p>\n<div class=\"su-custom-gallery su-custom-gallery-align-left su-custom-gallery-title-hover\"><div class=\"su-custom-gallery-slide\" style=\"width:120px;height:120px\"><a href=\"https:\/\/etab.ac-reunion.fr\/lyc-bois-d-olive\/wp-content\/uploads\/sites\/147\/2019\/04\/IMG_20190402_152050-e1554478042395.jpg\" title=\"Logo VHSC\"><img loading=\"lazy\" decoding=\"async\" src=\"https:\/\/etab.ac-reunion.fr\/lyc-bois-d-olive\/wp-content\/uploads\/sites\/147\/2019\/04\/IMG_20190402_152050-e1554478042395.jpg\" alt=\"Logo VHSC\" width=\"120\" height=\"120\" \/><span class=\"su-custom-gallery-title\">Logo VHSC<\/span><\/a><\/div><div class=\"su-custom-gallery-slide\" style=\"width:120px;height:120px\"><a href=\"https:\/\/etab.ac-reunion.fr\/lyc-bois-d-olive\/wp-content\/uploads\/sites\/147\/2019\/04\/IMG_20190402_152117-e1554478060395.jpg\" title=\"Flocage du T-shirt avec le logo VHSC\"><img loading=\"lazy\" decoding=\"async\" src=\"https:\/\/etab.ac-reunion.fr\/lyc-bois-d-olive\/wp-content\/uploads\/sites\/147\/2019\/04\/IMG_20190402_152117-e1554478060395.jpg\" alt=\"Flocage du T-shirt avec le logo VHSC\" width=\"120\" height=\"120\" \/><span class=\"su-custom-gallery-title\">Flocage du T-shirt avec le logo VHSC<\/span><\/a><\/div><div class=\"su-custom-gallery-slide\" style=\"width:120px;height:120px\"><a href=\"https:\/\/etab.ac-reunion.fr\/lyc-bois-d-olive\/wp-content\/uploads\/sites\/147\/2019\/04\/IMG_20190402_152131-e1554478145768.jpg\" title=\"Flocage du T-shirt avec le logo LBO\"><img loading=\"lazy\" decoding=\"async\" src=\"https:\/\/etab.ac-reunion.fr\/lyc-bois-d-olive\/wp-content\/uploads\/sites\/147\/2019\/04\/IMG_20190402_152131-e1554478145768.jpg\" alt=\"Flocage du T-shirt avec le logo LBO\" width=\"120\" height=\"120\" \/><span class=\"su-custom-gallery-title\">Flocage du T-shirt avec le logo LBO<\/span><\/a><\/div><div class=\"su-clear\"><\/div><\/div>\n<p>Pour la banderole, les m\u00eames \u00e9tapes ont \u00e9t\u00e9 scrupuleusement suivies. Les \u00e9l\u00e8ves ont, d&rsquo;abord, con\u00e7u la maquette en infographie&#8230;<\/p>\n<div class=\"su-custom-gallery su-custom-gallery-align-left su-custom-gallery-title-hover\"><div class=\"su-custom-gallery-slide\" style=\"width:120px;height:120px\"><a href=\"https:\/\/etab.ac-reunion.fr\/lyc-bois-d-olive\/wp-content\/uploads\/sites\/147\/2019\/04\/IMG_0264-e1554971924623.jpg\" title=\"Conception de la banderole en infographie\"><img loading=\"lazy\" decoding=\"async\" src=\"https:\/\/etab.ac-reunion.fr\/lyc-bois-d-olive\/wp-content\/uploads\/sites\/147\/2019\/04\/IMG_0264-e1554971924623.jpg\" alt=\"Conception de la banderole en infographie\" width=\"120\" height=\"120\" \/><span class=\"su-custom-gallery-title\">Conception de la banderole en infographie<\/span><\/a><\/div><div class=\"su-custom-gallery-slide\" style=\"width:120px;height:120px\"><a href=\"https:\/\/etab.ac-reunion.fr\/lyc-bois-d-olive\/wp-content\/uploads\/sites\/147\/2019\/04\/IMG_0266-e1554971945386.jpg\" title=\"Conception de la banderole en infographie\"><img loading=\"lazy\" decoding=\"async\" src=\"https:\/\/etab.ac-reunion.fr\/lyc-bois-d-olive\/wp-content\/uploads\/sites\/147\/2019\/04\/IMG_0266-e1554971945386.jpg\" alt=\"Conception de la banderole en infographie\" width=\"120\" height=\"120\" \/><span class=\"su-custom-gallery-title\">Conception de la banderole en infographie<\/span><\/a><\/div><div class=\"su-clear\"><\/div><\/div>\n<p>&#8230; puis ils ont proc\u00e9d\u00e9 \u00e0 l&rsquo;impression de la banderole sur une b\u00e2che imprim\u00e9e. Derni\u00e8re \u00e9tape et pas des moindres: la d\u00e9coupe et la pose des \u0153illets indispensables \u00e0 la suspension de la banderole.<\/p>\n<div class=\"su-custom-gallery su-custom-gallery-align-left su-custom-gallery-title-hover\"><div class=\"su-custom-gallery-slide\" style=\"width:490px;height:180px\"><a href=\"https:\/\/etab.ac-reunion.fr\/lyc-bois-d-olive\/wp-content\/uploads\/sites\/147\/2019\/04\/banderole-vhsc.png\" title=\"\"><img loading=\"lazy\" decoding=\"async\" src=\"https:\/\/etab.ac-reunion.fr\/lyc-bois-d-olive\/wp-content\/uploads\/sites\/147\/2019\/04\/banderole-vhsc.png\" alt=\"\" width=\"490\" height=\"180\" \/><\/a><\/div><div class=\"su-clear\"><\/div><\/div>\n","protected":false},"excerpt":{"rendered":"<p>Apr\u00e8s avoir r\u00e9alis\u00e9 le logo du VHSC, les \u00e9l\u00e8ves de 1\u00e8re ann\u00e9e CAP SDG ont personnalis\u00e9 les polos rouges qu&rsquo;ils\u2026<\/p>\n<p class=\"continue-reading-button\"> <a class=\"continue-reading-link\" href=\"https:\/\/etab.ac-reunion.fr\/lyc-bois-d-olive\/vhsc-polo-banderole-made-in-lbo\/\">Lire la suite<i class=\"crycon-right-dir\"><\/i><\/a><\/p>\n","protected":false},"author":11582,"featured_media":6134,"comment_status":"closed","ping_status":"closed","sticky":false,"template":"","format":"standard","meta":{"footnotes":""},"categories":[6,37,13],"tags":[],"class_list":["post-6085","post","type-post","status-publish","format-standard","has-post-thumbnail","hentry","category-actions-et-projets","category-lettres-anglais","category-arts-appliques"],"_links":{"self":[{"href":"https:\/\/etab.ac-reunion.fr\/lyc-bois-d-olive\/wp-json\/wp\/v2\/posts\/6085","targetHints":{"allow":["GET"]}}],"collection":[{"href":"https:\/\/etab.ac-reunion.fr\/lyc-bois-d-olive\/wp-json\/wp\/v2\/posts"}],"about":[{"href":"https:\/\/etab.ac-reunion.fr\/lyc-bois-d-olive\/wp-json\/wp\/v2\/types\/post"}],"author":[{"embeddable":true,"href":"https:\/\/etab.ac-reunion.fr\/lyc-bois-d-olive\/wp-json\/wp\/v2\/users\/11582"}],"replies":[{"embeddable":true,"href":"https:\/\/etab.ac-reunion.fr\/lyc-bois-d-olive\/wp-json\/wp\/v2\/comments?post=6085"}],"version-history":[{"count":15,"href":"https:\/\/etab.ac-reunion.fr\/lyc-bois-d-olive\/wp-json\/wp\/v2\/posts\/6085\/revisions"}],"predecessor-version":[{"id":6178,"href":"https:\/\/etab.ac-reunion.fr\/lyc-bois-d-olive\/wp-json\/wp\/v2\/posts\/6085\/revisions\/6178"}],"wp:featuredmedia":[{"embeddable":true,"href":"https:\/\/etab.ac-reunion.fr\/lyc-bois-d-olive\/wp-json\/wp\/v2\/media\/6134"}],"wp:attachment":[{"href":"https:\/\/etab.ac-reunion.fr\/lyc-bois-d-olive\/wp-json\/wp\/v2\/media?parent=6085"}],"wp:term":[{"taxonomy":"category","embeddable":true,"href":"https:\/\/etab.ac-reunion.fr\/lyc-bois-d-olive\/wp-json\/wp\/v2\/categories?post=6085"},{"taxonomy":"post_tag","embeddable":true,"href":"https:\/\/etab.ac-reunion.fr\/lyc-bois-d-olive\/wp-json\/wp\/v2\/tags?post=6085"}],"curies":[{"name":"wp","href":"https:\/\/api.w.org\/{rel}","templated":true}]}}