{"id":7817,"date":"2020-06-28T07:54:22","date_gmt":"2020-06-28T06:54:22","guid":{"rendered":"http:\/\/lycee-bois-d-olive.ac-reunion.fr\/?p=7817"},"modified":"2020-12-10T05:56:38","modified_gmt":"2020-12-10T04:56:38","slug":"terminale-generale-bibliographie-specialite-humanites-litterature-et-philosophie","status":"publish","type":"post","link":"https:\/\/etab.ac-reunion.fr\/lyc-bois-d-olive\/terminale-generale-bibliographie-specialite-humanites-litterature-et-philosophie\/","title":{"rendered":"Terminale G\u00e9n\u00e9rale : bibliographie sp\u00e9cialit\u00e9 \u00ab\u00a0Humanit\u00e9s, Litt\u00e9rature et Philosophie\u00a0\u00bb"},"content":{"rendered":"<p>Cliquez sur le lien ci-dessous pour consulter une bibliographie indicative en litt\u00e9rature pour les \u00e9l\u00e8ves de Terminale G\u00e9n\u00e9rale ayant choisi la sp\u00e9cialit\u00e9 \u00ab\u00a0Humanit\u00e9s, Litt\u00e9rature et Philosophie\u00a0\u00bb.<\/p>\n<p><!--more--><\/p>\n<p><a href=\"https:\/\/etab.ac-reunion.fr\/lyc-bois-d-olive\/wp-content\/uploads\/sites\/147\/2020\/06\/Bibliographie-indicative.pdf\">Bibliographie indicative<\/a><\/p>\n<p>M. BORIUS.<\/p>\n<p>&nbsp;<\/p>\n<p>&nbsp;<\/p>\n<p>&nbsp;<\/p>\n<p>&nbsp;<\/p>\n","protected":false},"excerpt":{"rendered":"<p>Cliquez sur le lien ci-dessous pour consulter une bibliographie indicative en litt\u00e9rature pour les \u00e9l\u00e8ves de Terminale G\u00e9n\u00e9rale ayant choisi\u2026<\/p>\n<p class=\"continue-reading-button\"> <a class=\"continue-reading-link\" href=\"https:\/\/etab.ac-reunion.fr\/lyc-bois-d-olive\/terminale-generale-bibliographie-specialite-humanites-litterature-et-philosophie\/\">Lire la suite<i class=\"crycon-right-dir\"><\/i><\/a><\/p>\n","protected":false},"author":11582,"featured_media":7823,"comment_status":"closed","ping_status":"closed","sticky":false,"template":"","format":"standard","meta":{"footnotes":""},"categories":[132,107],"tags":[],"class_list":["post-7817","post","type-post","status-publish","format-standard","has-post-thumbnail","hentry","category-premiere-et-terminale-gt","category-reforme-du-lycee"],"_links":{"self":[{"href":"https:\/\/etab.ac-reunion.fr\/lyc-bois-d-olive\/wp-json\/wp\/v2\/posts\/7817","targetHints":{"allow":["GET"]}}],"collection":[{"href":"https:\/\/etab.ac-reunion.fr\/lyc-bois-d-olive\/wp-json\/wp\/v2\/posts"}],"about":[{"href":"https:\/\/etab.ac-reunion.fr\/lyc-bois-d-olive\/wp-json\/wp\/v2\/types\/post"}],"author":[{"embeddable":true,"href":"https:\/\/etab.ac-reunion.fr\/lyc-bois-d-olive\/wp-json\/wp\/v2\/users\/11582"}],"replies":[{"embeddable":true,"href":"https:\/\/etab.ac-reunion.fr\/lyc-bois-d-olive\/wp-json\/wp\/v2\/comments?post=7817"}],"version-history":[{"count":4,"href":"https:\/\/etab.ac-reunion.fr\/lyc-bois-d-olive\/wp-json\/wp\/v2\/posts\/7817\/revisions"}],"predecessor-version":[{"id":7822,"href":"https:\/\/etab.ac-reunion.fr\/lyc-bois-d-olive\/wp-json\/wp\/v2\/posts\/7817\/revisions\/7822"}],"wp:featuredmedia":[{"embeddable":true,"href":"https:\/\/etab.ac-reunion.fr\/lyc-bois-d-olive\/wp-json\/wp\/v2\/media\/7823"}],"wp:attachment":[{"href":"https:\/\/etab.ac-reunion.fr\/lyc-bois-d-olive\/wp-json\/wp\/v2\/media?parent=7817"}],"wp:term":[{"taxonomy":"category","embeddable":true,"href":"https:\/\/etab.ac-reunion.fr\/lyc-bois-d-olive\/wp-json\/wp\/v2\/categories?post=7817"},{"taxonomy":"post_tag","embeddable":true,"href":"https:\/\/etab.ac-reunion.fr\/lyc-bois-d-olive\/wp-json\/wp\/v2\/tags?post=7817"}],"curies":[{"name":"wp","href":"https:\/\/api.w.org\/{rel}","templated":true}]}}