{"id":8632,"date":"2021-01-25T06:49:42","date_gmt":"2021-01-25T05:49:42","guid":{"rendered":"http:\/\/lycee-bois-d-olive.ac-reunion.fr\/?p=8632"},"modified":"2021-01-26T06:27:06","modified_gmt":"2021-01-26T05:27:06","slug":"reprise-25012021","status":"publish","type":"post","link":"https:\/\/etab.ac-reunion.fr\/lyc-bois-d-olive\/reprise-25012021\/","title":{"rendered":"Reprise du 25 janvier 2021 : septaine pour les personnels et les \u00e9l\u00e8ves de retour de voyage"},"content":{"rendered":"<div style=\"text-align: justify\"><span style=\"text-decoration: underline\"><span style=\"color: #000000\"><strong>Protocole pour les personnels et les \u00e9l\u00e8ves revenant de voyage :<\/strong><\/span><\/span><\/div>\n<div><\/div>\n<div style=\"text-align: justify\">Tous les voyageurs arrivant \u00e0 La R\u00e9union \u00e0 compter du 18 janvier 2021 s&rsquo;engagent, conform\u00e9ment \u00e0 l&rsquo;arr\u00eat\u00e9 pr\u00e9fectoral 2021-57 du 16 janvier 2021, \u00e0 respecter un isolement de 7 jours (une p\u00e9riode qui d\u00e9butera le jour de l&rsquo;arriv\u00e9e et se terminera \u00e0 la fin du 7\u00e8me jour) et \u00e0 r\u00e9aliser au terme de cette p\u00e9riode un test PCR.<\/div>\n<div style=\"text-align: center\"><\/div>\n<p><!--more--><\/p>\n<div><\/div>\n<div>\n<ul>\n<li style=\"list-style-type: none\">\n<ul>\n<li><strong>Les parents des \u00e9l\u00e8ves concern\u00e9s sont invit\u00e9s \u00e0 prendre contact avec<\/strong><br \/>\n<strong>l&rsquo;\u00e9tablissement pour informer la Vie scolaire de son absence.<\/strong><\/li>\n<\/ul>\n<\/li>\n<\/ul>\n<ul>\n<li style=\"list-style-type: none\">\n<ul>\n<li><strong>La continuit\u00e9 p\u00e9dagogique sera assur\u00e9e via Pronote<\/strong><br \/>\n<strong>(cahier de textes, ressources p\u00e9dagogiques, communication).<\/strong><\/li>\n<\/ul>\n<\/li>\n<\/ul>\n<\/div>\n","protected":false},"excerpt":{"rendered":"<p>Protocole pour les personnels et les \u00e9l\u00e8ves revenant de voyage : Tous les voyageurs arrivant \u00e0 La R\u00e9union \u00e0 compter\u2026<\/p>\n<p class=\"continue-reading-button\"> <a class=\"continue-reading-link\" href=\"https:\/\/etab.ac-reunion.fr\/lyc-bois-d-olive\/reprise-25012021\/\">Lire la suite<i class=\"crycon-right-dir\"><\/i><\/a><\/p>\n","protected":false},"author":27589,"featured_media":8631,"comment_status":"closed","ping_status":"closed","sticky":false,"template":"","format":"standard","meta":{"footnotes":""},"categories":[131],"tags":[],"class_list":["post-8632","post","type-post","status-publish","format-standard","has-post-thumbnail","hentry","category-informations-generales"],"_links":{"self":[{"href":"https:\/\/etab.ac-reunion.fr\/lyc-bois-d-olive\/wp-json\/wp\/v2\/posts\/8632","targetHints":{"allow":["GET"]}}],"collection":[{"href":"https:\/\/etab.ac-reunion.fr\/lyc-bois-d-olive\/wp-json\/wp\/v2\/posts"}],"about":[{"href":"https:\/\/etab.ac-reunion.fr\/lyc-bois-d-olive\/wp-json\/wp\/v2\/types\/post"}],"author":[{"embeddable":true,"href":"https:\/\/etab.ac-reunion.fr\/lyc-bois-d-olive\/wp-json\/wp\/v2\/users\/27589"}],"replies":[{"embeddable":true,"href":"https:\/\/etab.ac-reunion.fr\/lyc-bois-d-olive\/wp-json\/wp\/v2\/comments?post=8632"}],"version-history":[{"count":16,"href":"https:\/\/etab.ac-reunion.fr\/lyc-bois-d-olive\/wp-json\/wp\/v2\/posts\/8632\/revisions"}],"predecessor-version":[{"id":8650,"href":"https:\/\/etab.ac-reunion.fr\/lyc-bois-d-olive\/wp-json\/wp\/v2\/posts\/8632\/revisions\/8650"}],"wp:featuredmedia":[{"embeddable":true,"href":"https:\/\/etab.ac-reunion.fr\/lyc-bois-d-olive\/wp-json\/wp\/v2\/media\/8631"}],"wp:attachment":[{"href":"https:\/\/etab.ac-reunion.fr\/lyc-bois-d-olive\/wp-json\/wp\/v2\/media?parent=8632"}],"wp:term":[{"taxonomy":"category","embeddable":true,"href":"https:\/\/etab.ac-reunion.fr\/lyc-bois-d-olive\/wp-json\/wp\/v2\/categories?post=8632"},{"taxonomy":"post_tag","embeddable":true,"href":"https:\/\/etab.ac-reunion.fr\/lyc-bois-d-olive\/wp-json\/wp\/v2\/tags?post=8632"}],"curies":[{"name":"wp","href":"https:\/\/api.w.org\/{rel}","templated":true}]}}