{"id":8836,"date":"2021-03-04T07:35:39","date_gmt":"2021-03-04T06:35:39","guid":{"rendered":"http:\/\/lycee-bois-d-olive.ac-reunion.fr\/?p=8836"},"modified":"2021-03-04T09:09:08","modified_gmt":"2021-03-04T08:09:08","slug":"menu-cantine-du-01-au-05-mars-2021","status":"publish","type":"post","link":"https:\/\/etab.ac-reunion.fr\/lyc-bois-d-olive\/menu-cantine-du-01-au-05-mars-2021\/","title":{"rendered":"Menu cantine du 01 au 05 mars 2021"},"content":{"rendered":"<blockquote><p>C&rsquo;est la derni\u00e8re semaine avant les vacances&#8230; La fatigue se fait sentir mais rien de mieux qu&rsquo;un bon repas \u00e9quilibr\u00e9 pour reprendre des forces avant des cong\u00e9s bien m\u00e9rit\u00e9s ! C&rsquo;est ce que vous propose la cantine du lyc\u00e9e cette semaine alors bon app\u00e9tit \u00e0 tous !<\/p><\/blockquote>\n<p><!--more--><\/p>\n<p><a href=\"https:\/\/etab.ac-reunion.fr\/lyc-bois-d-olive\/wp-content\/uploads\/sites\/147\/2021\/03\/menu-du-1er-au-5-mars.pdf\">Menu cantine du 1er au 5 mars.pdf<\/a><\/p>\n<p>&nbsp;<\/p>\n","protected":false},"excerpt":{"rendered":"<p>C&rsquo;est la derni\u00e8re semaine avant les vacances&#8230; La fatigue se fait sentir mais rien de mieux qu&rsquo;un bon repas \u00e9quilibr\u00e9\u2026<\/p>\n<p class=\"continue-reading-button\"> <a class=\"continue-reading-link\" href=\"https:\/\/etab.ac-reunion.fr\/lyc-bois-d-olive\/menu-cantine-du-01-au-05-mars-2021\/\">Lire la suite<i class=\"crycon-right-dir\"><\/i><\/a><\/p>\n","protected":false},"author":28169,"featured_media":5001,"comment_status":"closed","ping_status":"closed","sticky":false,"template":"","format":"standard","meta":{"footnotes":""},"categories":[17],"tags":[],"class_list":["post-8836","post","type-post","status-publish","format-standard","has-post-thumbnail","hentry","category-menus"],"_links":{"self":[{"href":"https:\/\/etab.ac-reunion.fr\/lyc-bois-d-olive\/wp-json\/wp\/v2\/posts\/8836","targetHints":{"allow":["GET"]}}],"collection":[{"href":"https:\/\/etab.ac-reunion.fr\/lyc-bois-d-olive\/wp-json\/wp\/v2\/posts"}],"about":[{"href":"https:\/\/etab.ac-reunion.fr\/lyc-bois-d-olive\/wp-json\/wp\/v2\/types\/post"}],"author":[{"embeddable":true,"href":"https:\/\/etab.ac-reunion.fr\/lyc-bois-d-olive\/wp-json\/wp\/v2\/users\/28169"}],"replies":[{"embeddable":true,"href":"https:\/\/etab.ac-reunion.fr\/lyc-bois-d-olive\/wp-json\/wp\/v2\/comments?post=8836"}],"version-history":[{"count":6,"href":"https:\/\/etab.ac-reunion.fr\/lyc-bois-d-olive\/wp-json\/wp\/v2\/posts\/8836\/revisions"}],"predecessor-version":[{"id":8847,"href":"https:\/\/etab.ac-reunion.fr\/lyc-bois-d-olive\/wp-json\/wp\/v2\/posts\/8836\/revisions\/8847"}],"wp:featuredmedia":[{"embeddable":true,"href":"https:\/\/etab.ac-reunion.fr\/lyc-bois-d-olive\/wp-json\/wp\/v2\/media\/5001"}],"wp:attachment":[{"href":"https:\/\/etab.ac-reunion.fr\/lyc-bois-d-olive\/wp-json\/wp\/v2\/media?parent=8836"}],"wp:term":[{"taxonomy":"category","embeddable":true,"href":"https:\/\/etab.ac-reunion.fr\/lyc-bois-d-olive\/wp-json\/wp\/v2\/categories?post=8836"},{"taxonomy":"post_tag","embeddable":true,"href":"https:\/\/etab.ac-reunion.fr\/lyc-bois-d-olive\/wp-json\/wp\/v2\/tags?post=8836"}],"curies":[{"name":"wp","href":"https:\/\/api.w.org\/{rel}","templated":true}]}}