{"id":9097,"date":"2021-05-17T04:41:32","date_gmt":"2021-05-17T03:41:32","guid":{"rendered":"http:\/\/lycee-bois-d-olive.ac-reunion.fr\/?p=9097"},"modified":"2021-05-17T06:32:11","modified_gmt":"2021-05-17T05:32:11","slug":"planning-des-conseils-de-classes-du-3eme-trimestre","status":"publish","type":"post","link":"https:\/\/etab.ac-reunion.fr\/lyc-bois-d-olive\/planning-des-conseils-de-classes-du-3eme-trimestre\/","title":{"rendered":"Planning des conseils de classes du 3\u00e8me trimestre"},"content":{"rendered":"<blockquote><p>Ci-dessous le planning et les salles des conseils de classes du 3\u00e8me trimestre pour toutes les classes de la section d&rsquo;enseignement professionnel (SEP) et du LGT (Lyc\u00e9e G\u00e9n\u00e9ral et Technologique). Ce document contient deux pages, appuyez sur les fl\u00e8ches en bas \u00e0 gauche pour consulter l&rsquo;ensemble du planning.<\/p>\n<p><!--more--><\/p><\/blockquote>\n<a href=\"https:\/\/etab.ac-reunion.fr\/lyc-bois-d-olive\/wp-content\/uploads\/sites\/147\/2021\/05\/Planning_de_conseils_de_classe_T3.pdf\" class=\"pdfemb-viewer\" style=\"\" data-width=\"max\" data-height=\"max\" data-toolbar=\"bottom\" data-toolbar-fixed=\"off\">Planning_de_conseils_de_classe_T3<\/a>\n","protected":false},"excerpt":{"rendered":"<p>Ci-dessous le planning et les salles des conseils de classes du 3\u00e8me trimestre pour toutes les classes de la section\u2026<\/p>\n<p class=\"continue-reading-button\"> <a class=\"continue-reading-link\" href=\"https:\/\/etab.ac-reunion.fr\/lyc-bois-d-olive\/planning-des-conseils-de-classes-du-3eme-trimestre\/\">Lire la suite<i class=\"crycon-right-dir\"><\/i><\/a><\/p>\n","protected":false},"author":11582,"featured_media":9103,"comment_status":"closed","ping_status":"closed","sticky":false,"template":"","format":"standard","meta":{"footnotes":""},"categories":[32,131],"tags":[],"class_list":["post-9097","post","type-post","status-publish","format-standard","has-post-thumbnail","hentry","category-agenda","category-informations-generales"],"_links":{"self":[{"href":"https:\/\/etab.ac-reunion.fr\/lyc-bois-d-olive\/wp-json\/wp\/v2\/posts\/9097","targetHints":{"allow":["GET"]}}],"collection":[{"href":"https:\/\/etab.ac-reunion.fr\/lyc-bois-d-olive\/wp-json\/wp\/v2\/posts"}],"about":[{"href":"https:\/\/etab.ac-reunion.fr\/lyc-bois-d-olive\/wp-json\/wp\/v2\/types\/post"}],"author":[{"embeddable":true,"href":"https:\/\/etab.ac-reunion.fr\/lyc-bois-d-olive\/wp-json\/wp\/v2\/users\/11582"}],"replies":[{"embeddable":true,"href":"https:\/\/etab.ac-reunion.fr\/lyc-bois-d-olive\/wp-json\/wp\/v2\/comments?post=9097"}],"version-history":[{"count":5,"href":"https:\/\/etab.ac-reunion.fr\/lyc-bois-d-olive\/wp-json\/wp\/v2\/posts\/9097\/revisions"}],"predecessor-version":[{"id":9109,"href":"https:\/\/etab.ac-reunion.fr\/lyc-bois-d-olive\/wp-json\/wp\/v2\/posts\/9097\/revisions\/9109"}],"wp:featuredmedia":[{"embeddable":true,"href":"https:\/\/etab.ac-reunion.fr\/lyc-bois-d-olive\/wp-json\/wp\/v2\/media\/9103"}],"wp:attachment":[{"href":"https:\/\/etab.ac-reunion.fr\/lyc-bois-d-olive\/wp-json\/wp\/v2\/media?parent=9097"}],"wp:term":[{"taxonomy":"category","embeddable":true,"href":"https:\/\/etab.ac-reunion.fr\/lyc-bois-d-olive\/wp-json\/wp\/v2\/categories?post=9097"},{"taxonomy":"post_tag","embeddable":true,"href":"https:\/\/etab.ac-reunion.fr\/lyc-bois-d-olive\/wp-json\/wp\/v2\/tags?post=9097"}],"curies":[{"name":"wp","href":"https:\/\/api.w.org\/{rel}","templated":true}]}}