{"id":9111,"date":"2021-05-17T10:23:47","date_gmt":"2021-05-17T09:23:47","guid":{"rendered":"http:\/\/lycee-bois-d-olive.ac-reunion.fr\/?p=9111"},"modified":"2021-05-17T10:23:47","modified_gmt":"2021-05-17T09:23:47","slug":"tutoriel-eleves-comment-regler-vos-problemes-de-son-lors-des-classes-virtuelles","status":"publish","type":"post","link":"https:\/\/etab.ac-reunion.fr\/lyc-bois-d-olive\/tutoriel-eleves-comment-regler-vos-problemes-de-son-lors-des-classes-virtuelles\/","title":{"rendered":"Tutoriel \u00e9l\u00e8ves: comment r\u00e9gler vos probl\u00e8mes de son lors des classes virtuelles ?"},"content":{"rendered":"<blockquote><p>Depuis le fonctionnement des cours en hybride au lyc\u00e9e, nous avons constat\u00e9 que certains d&rsquo;entre vous n&rsquo;avaient pas de son lors des classes virtuelles. Voici un petit tutoriel qui pourrait bien vous aider \u00e0 r\u00e9soudre ce probl\u00e8me !<\/p><\/blockquote>\n<p><!--more--><\/p>\n<p>Tutoriel r\u00e9alis\u00e9 par Alexandre FONTAINE, Assistant de Maintenance Informatique du lyc\u00e9e et Jean-Fran\u00e7ois PAYET, Animateur POP.<\/p>\n<a href=\"https:\/\/etab.ac-reunion.fr\/lyc-bois-d-olive\/wp-content\/uploads\/sites\/147\/2021\/05\/probleme-son-CNED.pdf\" class=\"pdfemb-viewer\" style=\"\" data-width=\"max\" data-height=\"max\" data-toolbar=\"bottom\" data-toolbar-fixed=\"off\">probleme son CNED<\/a>\n","protected":false},"excerpt":{"rendered":"<p>Depuis le fonctionnement des cours en hybride au lyc\u00e9e, nous avons constat\u00e9 que certains d&rsquo;entre vous n&rsquo;avaient pas de son\u2026<\/p>\n<p class=\"continue-reading-button\"> <a class=\"continue-reading-link\" href=\"https:\/\/etab.ac-reunion.fr\/lyc-bois-d-olive\/tutoriel-eleves-comment-regler-vos-problemes-de-son-lors-des-classes-virtuelles\/\">Lire la suite<i class=\"crycon-right-dir\"><\/i><\/a><\/p>\n","protected":false},"author":11582,"featured_media":9115,"comment_status":"closed","ping_status":"closed","sticky":false,"template":"","format":"standard","meta":{"footnotes":""},"categories":[112,108,106],"tags":[],"class_list":["post-9111","post","type-post","status-publish","format-standard","has-post-thumbnail","hentry","category-continuite-pedagogique","category-infos-parents-et-eleves","category-parents"],"_links":{"self":[{"href":"https:\/\/etab.ac-reunion.fr\/lyc-bois-d-olive\/wp-json\/wp\/v2\/posts\/9111","targetHints":{"allow":["GET"]}}],"collection":[{"href":"https:\/\/etab.ac-reunion.fr\/lyc-bois-d-olive\/wp-json\/wp\/v2\/posts"}],"about":[{"href":"https:\/\/etab.ac-reunion.fr\/lyc-bois-d-olive\/wp-json\/wp\/v2\/types\/post"}],"author":[{"embeddable":true,"href":"https:\/\/etab.ac-reunion.fr\/lyc-bois-d-olive\/wp-json\/wp\/v2\/users\/11582"}],"replies":[{"embeddable":true,"href":"https:\/\/etab.ac-reunion.fr\/lyc-bois-d-olive\/wp-json\/wp\/v2\/comments?post=9111"}],"version-history":[{"count":5,"href":"https:\/\/etab.ac-reunion.fr\/lyc-bois-d-olive\/wp-json\/wp\/v2\/posts\/9111\/revisions"}],"predecessor-version":[{"id":9127,"href":"https:\/\/etab.ac-reunion.fr\/lyc-bois-d-olive\/wp-json\/wp\/v2\/posts\/9111\/revisions\/9127"}],"wp:featuredmedia":[{"embeddable":true,"href":"https:\/\/etab.ac-reunion.fr\/lyc-bois-d-olive\/wp-json\/wp\/v2\/media\/9115"}],"wp:attachment":[{"href":"https:\/\/etab.ac-reunion.fr\/lyc-bois-d-olive\/wp-json\/wp\/v2\/media?parent=9111"}],"wp:term":[{"taxonomy":"category","embeddable":true,"href":"https:\/\/etab.ac-reunion.fr\/lyc-bois-d-olive\/wp-json\/wp\/v2\/categories?post=9111"},{"taxonomy":"post_tag","embeddable":true,"href":"https:\/\/etab.ac-reunion.fr\/lyc-bois-d-olive\/wp-json\/wp\/v2\/tags?post=9111"}],"curies":[{"name":"wp","href":"https:\/\/api.w.org\/{rel}","templated":true}]}}