{"id":955,"date":"2016-06-17T13:32:53","date_gmt":"2016-06-17T12:32:53","guid":{"rendered":"http:\/\/lycee-bois-d-olive.ac-reunion.fr\/?p=955"},"modified":"2016-06-17T13:37:42","modified_gmt":"2016-06-17T12:37:42","slug":"atelier-dinitiation-au-stop-motion","status":"publish","type":"post","link":"https:\/\/etab.ac-reunion.fr\/lyc-bois-d-olive\/atelier-dinitiation-au-stop-motion\/","title":{"rendered":"Atelier d\u2019initiation au Stop Motion"},"content":{"rendered":"<p>Les \u00e9l\u00e8ves de CAP, Pl\u00e2trier-Plaquiste 1\u00e8re ann\u00e9e, Signal\u00e9tique Enseigne et D\u00e9cor premi\u00e8re et deuxi\u00e8me ann\u00e9e ont travaill\u00e9 \u00e0 la pr\u00e9vention autour de l\u2019\u00e9v\u00e8nement \u00ab\u00a0\u00e9clipse annulaire\u00a0\u00bb qui aura lieu le 1er septembre 2016.<\/p>\n<p>&nbsp;<\/p>\n<p>Pour ce faire, ils ont utilis\u00e9 l\u2019animation image par image sur une s\u00e9ance de deux heures.<\/p>\n<p>Et nos seconde finition nous propose une affiche :<\/p>\n<p><img loading=\"lazy\" decoding=\"async\" class=\"alignnone size-medium wp-image-958\" src=\"https:\/\/etab.ac-reunion.fr\/lyc-bois-d-olive\/wp-content\/uploads\/sites\/147\/2016\/06\/Affiche-secondefineclipse16062016-232x300.jpeg\" alt=\"Affiche secondefineclipse16062016\" width=\"232\" height=\"300\" srcset=\"https:\/\/etab.ac-reunion.fr\/lyc-bois-d-olive\/wp-content\/uploads\/sites\/147\/2016\/06\/Affiche-secondefineclipse16062016-232x300.jpeg 232w, https:\/\/etab.ac-reunion.fr\/lyc-bois-d-olive\/wp-content\/uploads\/sites\/147\/2016\/06\/Affiche-secondefineclipse16062016-790x1024.jpeg 790w, https:\/\/etab.ac-reunion.fr\/lyc-bois-d-olive\/wp-content\/uploads\/sites\/147\/2016\/06\/Affiche-secondefineclipse16062016-116x150.jpeg 116w, https:\/\/etab.ac-reunion.fr\/lyc-bois-d-olive\/wp-content\/uploads\/sites\/147\/2016\/06\/Affiche-secondefineclipse16062016.jpeg 960w\" sizes=\"auto, (max-width: 232px) 100vw, 232px\" \/><\/p>\n<p>Bon visionnage \u00e0 vous,<\/p>\n<p>http:\/\/dai.ly\/k3W9KEfPqTkjGUigCPG<\/p>\n<p>http:\/\/dai.ly\/k7bQ9eMelOYEStigCVw<\/p>\n<p>http:\/\/dai.ly\/k51SYOlliCeaDvigCZp<\/p>\n<p>&nbsp;<\/p>\n","protected":false},"excerpt":{"rendered":"<p>Les \u00e9l\u00e8ves de CAP, Pl\u00e2trier-Plaquiste 1\u00e8re ann\u00e9e, Signal\u00e9tique Enseigne et D\u00e9cor premi\u00e8re et deuxi\u00e8me ann\u00e9e ont travaill\u00e9 \u00e0 la pr\u00e9vention\u2026<\/p>\n<p class=\"continue-reading-button\"> <a class=\"continue-reading-link\" href=\"https:\/\/etab.ac-reunion.fr\/lyc-bois-d-olive\/atelier-dinitiation-au-stop-motion\/\">Lire la suite<i class=\"crycon-right-dir\"><\/i><\/a><\/p>\n","protected":false},"author":11839,"featured_media":957,"comment_status":"closed","ping_status":"closed","sticky":false,"template":"","format":"standard","meta":{"footnotes":""},"categories":[36],"tags":[],"class_list":["post-955","post","type-post","status-publish","format-standard","has-post-thumbnail","hentry","category-arts-appliques-et-culture-artistique"],"_links":{"self":[{"href":"https:\/\/etab.ac-reunion.fr\/lyc-bois-d-olive\/wp-json\/wp\/v2\/posts\/955","targetHints":{"allow":["GET"]}}],"collection":[{"href":"https:\/\/etab.ac-reunion.fr\/lyc-bois-d-olive\/wp-json\/wp\/v2\/posts"}],"about":[{"href":"https:\/\/etab.ac-reunion.fr\/lyc-bois-d-olive\/wp-json\/wp\/v2\/types\/post"}],"author":[{"embeddable":true,"href":"https:\/\/etab.ac-reunion.fr\/lyc-bois-d-olive\/wp-json\/wp\/v2\/users\/11839"}],"replies":[{"embeddable":true,"href":"https:\/\/etab.ac-reunion.fr\/lyc-bois-d-olive\/wp-json\/wp\/v2\/comments?post=955"}],"version-history":[{"count":3,"href":"https:\/\/etab.ac-reunion.fr\/lyc-bois-d-olive\/wp-json\/wp\/v2\/posts\/955\/revisions"}],"predecessor-version":[{"id":960,"href":"https:\/\/etab.ac-reunion.fr\/lyc-bois-d-olive\/wp-json\/wp\/v2\/posts\/955\/revisions\/960"}],"wp:featuredmedia":[{"embeddable":true,"href":"https:\/\/etab.ac-reunion.fr\/lyc-bois-d-olive\/wp-json\/wp\/v2\/media\/957"}],"wp:attachment":[{"href":"https:\/\/etab.ac-reunion.fr\/lyc-bois-d-olive\/wp-json\/wp\/v2\/media?parent=955"}],"wp:term":[{"taxonomy":"category","embeddable":true,"href":"https:\/\/etab.ac-reunion.fr\/lyc-bois-d-olive\/wp-json\/wp\/v2\/categories?post=955"},{"taxonomy":"post_tag","embeddable":true,"href":"https:\/\/etab.ac-reunion.fr\/lyc-bois-d-olive\/wp-json\/wp\/v2\/tags?post=955"}],"curies":[{"name":"wp","href":"https:\/\/api.w.org\/{rel}","templated":true}]}}