{"id":9908,"date":"2021-11-22T07:58:09","date_gmt":"2021-11-22T06:58:09","guid":{"rendered":"http:\/\/lycee-bois-d-olive.ac-reunion.fr\/?p=9908"},"modified":"2021-11-22T07:58:09","modified_gmt":"2021-11-22T06:58:09","slug":"eleves-1g5-seconde2-theatrelucdonat","status":"publish","type":"post","link":"https:\/\/etab.ac-reunion.fr\/lyc-bois-d-olive\/eleves-1g5-seconde2-theatrelucdonat\/","title":{"rendered":"Les \u00e9l\u00e8ves de 1G5 et de Seconde 2 au th\u00e9\u00e2tre Luc Donat !"},"content":{"rendered":"<blockquote><p>Les \u00e9l\u00e8ves de 1G5 et de Seconde 2 ont eu la chance d\u2019assister \u00e0 un spectacle de danse r\u00e9alis\u00e9 par la Compagnie SOUL CITY. Sous la direction de Didier BOUTIAMA, sept danseurs ont propos\u00e9 pendant une petite heure en filigrane la crise des migrants. Le Sol Oblige invite \u00e0 regarder par un prisme diff\u00e9rent ces hommes et ces femmes en qu\u00eate d\u2019une vie meilleure.<\/p><\/blockquote>\n<p><!--more--><br \/>\n<a href=\"https:\/\/etab.ac-reunion.fr\/lyc-bois-d-olive\/wp-content\/uploads\/sites\/147\/2021\/11\/Panneau-dhumeur-de-design-dinterieur-image-creme-et-noir.pdf\" class=\"pdfemb-viewer\" style=\"\" data-width=\"max\" data-height=\"max\" data-toolbar=\"bottom\" data-toolbar-fixed=\"off\">Panneau-dhumeur-de-design-dinterieur-image-creme-et-noir<\/a>\n<p>Cerise sur le g\u00e2teau, les danseurs et le chor\u00e9graphe se sont pr\u00eat\u00e9s au jeu des questions \u00e0 la fin du spectacle. Ce moment a beaucoup \u00e9t\u00e9 appr\u00e9ci\u00e9 par tous car il a permis d\u2019aller plus pr\u00e8s des artistes, de conna\u00eetre les parcours de chacun, leurs \u00e9motions et d\u2019avoir des pr\u00e9cisions sur le montage du spectacle.<\/p>\n<h3>Ressentis des \u00e9l\u00e8ves :<\/h3>\n<p>\u00ab J\u2019ai profit\u00e9 du moment et du spectacle sans me poser de questions sur le sens qu\u2019il fallait en tirer. J\u2019ai juste admir\u00e9 la technique des danseurs. \u00catre danseur, c\u2019est un m\u00e9tier. \u00bb<br \/>\n\u00ab C\u2019\u00e9tait mon premier spectacle de danse contemporaine. C\u2019\u00e9tait tr\u00e8s touchant et original ! \u00bb<br \/>\n\u00ab Les danseurs sont arriv\u00e9s \u00e0 transmettre leurs \u00e9mois, c\u2019\u00e9tait tr\u00e8s prenant. J\u2019ai pleur\u00e9 \u00e0 un moment tellement qu\u2019il y avait d\u2019\u00e9motions. \u00bb<br \/>\n\u00ab On a \u00e9t\u00e9 un peu des privil\u00e9gi\u00e9s car on a pu discuter avec le chor\u00e9graphe et les danseurs. J\u2019avais l\u2019impression d\u2019\u00eatre comme dans une bulle. \u00bb<\/p>\n<h3>Un grand merci \u00e0 tous dans la r\u00e9ussite de cette sortie p\u00e9dagogique :<\/h3>\n<ul>\n<li><strong>Lyc\u00e9e de Bois d\u2019Olive : <\/strong>la direction, la gestion et la vie scolaire.<\/li>\n<li><strong>L\u2019\u00e9quipe du th\u00e9\u00e2tre : <\/strong>Dani\u00e8le Somon Payet et David Gabriel-Robez.<\/li>\n<\/ul>\n<p><strong><span style=\"text-decoration: underline;font-size: 1.2em\">Equipe p\u00e9dagogique<\/span> : <\/strong><span style=\"font-family: 'Yanone Kaffeesatz Light'\">Karine Buldor, Eric Blanco, V\u00e9ronique Coursange, Manuella Melchior, Sonia Pouzet, H\u00e9l\u00e8ne Taochy.<\/span><\/p>\n","protected":false},"excerpt":{"rendered":"<p>Les \u00e9l\u00e8ves de 1G5 et de Seconde 2 ont eu la chance d\u2019assister \u00e0 un spectacle de danse r\u00e9alis\u00e9 par\u2026<\/p>\n<p class=\"continue-reading-button\"> <a class=\"continue-reading-link\" href=\"https:\/\/etab.ac-reunion.fr\/lyc-bois-d-olive\/eleves-1g5-seconde2-theatrelucdonat\/\">Lire la suite<i class=\"crycon-right-dir\"><\/i><\/a><\/p>\n","protected":false},"author":27589,"featured_media":9930,"comment_status":"closed","ping_status":"closed","sticky":false,"template":"","format":"standard","meta":{"footnotes":""},"categories":[142],"tags":[],"class_list":["post-9908","post","type-post","status-publish","format-standard","has-post-thumbnail","hentry","category-volet-culturel"],"_links":{"self":[{"href":"https:\/\/etab.ac-reunion.fr\/lyc-bois-d-olive\/wp-json\/wp\/v2\/posts\/9908","targetHints":{"allow":["GET"]}}],"collection":[{"href":"https:\/\/etab.ac-reunion.fr\/lyc-bois-d-olive\/wp-json\/wp\/v2\/posts"}],"about":[{"href":"https:\/\/etab.ac-reunion.fr\/lyc-bois-d-olive\/wp-json\/wp\/v2\/types\/post"}],"author":[{"embeddable":true,"href":"https:\/\/etab.ac-reunion.fr\/lyc-bois-d-olive\/wp-json\/wp\/v2\/users\/27589"}],"replies":[{"embeddable":true,"href":"https:\/\/etab.ac-reunion.fr\/lyc-bois-d-olive\/wp-json\/wp\/v2\/comments?post=9908"}],"version-history":[{"count":24,"href":"https:\/\/etab.ac-reunion.fr\/lyc-bois-d-olive\/wp-json\/wp\/v2\/posts\/9908\/revisions"}],"predecessor-version":[{"id":9934,"href":"https:\/\/etab.ac-reunion.fr\/lyc-bois-d-olive\/wp-json\/wp\/v2\/posts\/9908\/revisions\/9934"}],"wp:featuredmedia":[{"embeddable":true,"href":"https:\/\/etab.ac-reunion.fr\/lyc-bois-d-olive\/wp-json\/wp\/v2\/media\/9930"}],"wp:attachment":[{"href":"https:\/\/etab.ac-reunion.fr\/lyc-bois-d-olive\/wp-json\/wp\/v2\/media?parent=9908"}],"wp:term":[{"taxonomy":"category","embeddable":true,"href":"https:\/\/etab.ac-reunion.fr\/lyc-bois-d-olive\/wp-json\/wp\/v2\/categories?post=9908"},{"taxonomy":"post_tag","embeddable":true,"href":"https:\/\/etab.ac-reunion.fr\/lyc-bois-d-olive\/wp-json\/wp\/v2\/tags?post=9908"}],"curies":[{"name":"wp","href":"https:\/\/api.w.org\/{rel}","templated":true}]}}