{"id":8527,"date":"2026-04-21T09:08:33","date_gmt":"2026-04-21T05:08:33","guid":{"rendered":"https:\/\/etab.ac-reunion.fr\/lyc-boisjoly-potier\/?p=8527"},"modified":"2026-04-21T09:13:19","modified_gmt":"2026-04-21T05:13:19","slug":"sejour-erasmus-en-autriche","status":"publish","type":"post","link":"https:\/\/etab.ac-reunion.fr\/lyc-boisjoly-potier\/2026\/04\/21\/sejour-erasmus-en-autriche\/","title":{"rendered":"S\u00e9jour Erasmus en Autriche"},"content":{"rendered":"\n<h3 class=\"wp-block-heading has-black-color has-text-color has-link-color has-medium-font-size wp-elements-ca62b7364e868e81d28397eacdf7b4d5\"><br><strong>Patrimoine, d\u00e9couverte d&rsquo;un autre syst\u00e8me scolaire et exotisme de la fin de l&rsquo;hiver<\/strong><\/h3>\n\n\n\n<p class=\"has-black-color has-text-color has-link-color wp-elements-6d24d170e4b4f7d33bff6e7054639fe8\">En mars, 10 \u00e9l\u00e8ves de Premi\u00e8re et Terminale Sp\u00e9cialit\u00e9 AMC et HGGSP se sont envol\u00e9s pour un \u00e9change avec Graz en Autriche. Les \u00e9l\u00e8ves ont assist\u00e9 \u00e0 des cours, et c&rsquo;est bien diff\u00e9rent de La R\u00e9union ! Les cours durent de 7h30 \u00e0 13H30 ou 14H30 quasi sans interruption. En d\u00e9but d&rsquo;apr\u00e8s-midi, tout le monde rentre chez lui : place pour les loisirs, le sport, le travail&#8230; Les t\u00e9l\u00e9phones sont rang\u00e9s dans des bo\u00eetes \u00e0 l&rsquo;entr\u00e9e de la salle. Chaque classe a sa salle, ce sont les professeurs qui bougent d&rsquo;une classe \u00e0 l&rsquo;autre. Nos jeunes r\u00e9unionnais ont aussi donn\u00e9 des cours de fran\u00e7ais et pr\u00e9sent\u00e9 La R\u00e9union dans plusieurs classes : c&rsquo;est une exp\u00e9rience de devenir professeurs !<\/p>\n\n\n\n<p class=\"has-black-color has-text-color has-link-color wp-elements-cc88e9bee3a1387a44f811b9b2f63166\">Nous avons fait la visite d&rsquo;une superbe biblioth\u00e8que du XVIIe si\u00e8cle, fait une initiation au patin \u00e0 glace, de la randonn\u00e9e en montagne avec m\u00eame un peu de neige et visit\u00e9 le grand mus\u00e9e d&rsquo;art de Vienne. Tout le monde \u00e9tait ravi.<\/p>\n\n\n\n<p class=\"has-black-color has-text-color has-link-color wp-elements-cd1e55cd923166c16c3e1538c11358a0\">Nous accueillons 12 Autrichiens en mai.<\/p>\n\n\n\n<figure class=\"wp-block-gallery has-nested-images columns-default is-cropped wp-block-gallery-1 is-layout-flex wp-block-gallery-is-layout-flex\">\n<figure class=\"wp-block-image size-large\"><img decoding=\"async\" data-id=\"8529\" src=\"https:\/\/etab.ac-reunion.fr\/lyc-boisjoly-potier\/wp-content\/uploads\/sites\/112\/2026\/04\/01.png\" alt=\"\" class=\"wp-image-8529\" \/><\/figure>\n\n\n\n<figure class=\"wp-block-image size-large\"><img loading=\"lazy\" decoding=\"async\" width=\"1024\" height=\"768\" data-id=\"8530\" src=\"https:\/\/etab.ac-reunion.fr\/lyc-boisjoly-potier\/wp-content\/uploads\/sites\/112\/2026\/04\/02.jpg\" alt=\"\" class=\"wp-image-8530\" srcset=\"https:\/\/etab.ac-reunion.fr\/lyc-boisjoly-potier\/wp-content\/uploads\/sites\/112\/2026\/04\/02.jpg 1024w, https:\/\/etab.ac-reunion.fr\/lyc-boisjoly-potier\/wp-content\/uploads\/sites\/112\/2026\/04\/02-980x735.jpg 980w, https:\/\/etab.ac-reunion.fr\/lyc-boisjoly-potier\/wp-content\/uploads\/sites\/112\/2026\/04\/02-480x360.jpg 480w\" sizes=\"(min-width: 0px) and (max-width: 480px) 480px, (min-width: 481px) and (max-width: 980px) 980px, (min-width: 981px) 1024px, 100vw\" \/><\/figure>\n\n\n\n<figure class=\"wp-block-image size-large\"><img loading=\"lazy\" decoding=\"async\" width=\"1024\" height=\"768\" data-id=\"8532\" src=\"https:\/\/etab.ac-reunion.fr\/lyc-boisjoly-potier\/wp-content\/uploads\/sites\/112\/2026\/04\/03.jpg\" alt=\"\" class=\"wp-image-8532\" srcset=\"https:\/\/etab.ac-reunion.fr\/lyc-boisjoly-potier\/wp-content\/uploads\/sites\/112\/2026\/04\/03.jpg 1024w, https:\/\/etab.ac-reunion.fr\/lyc-boisjoly-potier\/wp-content\/uploads\/sites\/112\/2026\/04\/03-980x735.jpg 980w, https:\/\/etab.ac-reunion.fr\/lyc-boisjoly-potier\/wp-content\/uploads\/sites\/112\/2026\/04\/03-480x360.jpg 480w\" sizes=\"(min-width: 0px) and (max-width: 480px) 480px, (min-width: 481px) and (max-width: 980px) 980px, (min-width: 981px) 1024px, 100vw\" \/><\/figure>\n\n\n\n<figure class=\"wp-block-image size-large\"><img loading=\"lazy\" decoding=\"async\" width=\"344\" height=\"425\" data-id=\"8531\" src=\"https:\/\/etab.ac-reunion.fr\/lyc-boisjoly-potier\/wp-content\/uploads\/sites\/112\/2026\/04\/04.jpg\" alt=\"\" class=\"wp-image-8531\" srcset=\"https:\/\/etab.ac-reunion.fr\/lyc-boisjoly-potier\/wp-content\/uploads\/sites\/112\/2026\/04\/04.jpg 344w, https:\/\/etab.ac-reunion.fr\/lyc-boisjoly-potier\/wp-content\/uploads\/sites\/112\/2026\/04\/04-243x300.jpg 243w\" sizes=\"(max-width: 344px) 100vw, 344px\" \/><\/figure>\n\n\n\n<figure class=\"wp-block-image size-large\"><img loading=\"lazy\" decoding=\"async\" width=\"768\" height=\"1024\" data-id=\"8533\" src=\"https:\/\/etab.ac-reunion.fr\/lyc-boisjoly-potier\/wp-content\/uploads\/sites\/112\/2026\/04\/05.jpg\" alt=\"\" class=\"wp-image-8533\" srcset=\"https:\/\/etab.ac-reunion.fr\/lyc-boisjoly-potier\/wp-content\/uploads\/sites\/112\/2026\/04\/05.jpg 768w, https:\/\/etab.ac-reunion.fr\/lyc-boisjoly-potier\/wp-content\/uploads\/sites\/112\/2026\/04\/05-480x640.jpg 480w\" sizes=\"(min-width: 0px) and (max-width: 480px) 480px, (min-width: 481px) 768px, 100vw\" \/><\/figure>\n\n\n\n<figure class=\"wp-block-image size-large\"><img loading=\"lazy\" decoding=\"async\" width=\"1024\" height=\"768\" data-id=\"8535\" src=\"https:\/\/etab.ac-reunion.fr\/lyc-boisjoly-potier\/wp-content\/uploads\/sites\/112\/2026\/04\/06.jpg\" alt=\"\" class=\"wp-image-8535\" srcset=\"https:\/\/etab.ac-reunion.fr\/lyc-boisjoly-potier\/wp-content\/uploads\/sites\/112\/2026\/04\/06.jpg 1024w, https:\/\/etab.ac-reunion.fr\/lyc-boisjoly-potier\/wp-content\/uploads\/sites\/112\/2026\/04\/06-980x735.jpg 980w, https:\/\/etab.ac-reunion.fr\/lyc-boisjoly-potier\/wp-content\/uploads\/sites\/112\/2026\/04\/06-480x360.jpg 480w\" sizes=\"(min-width: 0px) and (max-width: 480px) 480px, (min-width: 481px) and (max-width: 980px) 980px, (min-width: 981px) 1024px, 100vw\" \/><\/figure>\n\n\n\n<figure class=\"wp-block-image size-large\"><img loading=\"lazy\" decoding=\"async\" width=\"768\" height=\"1024\" data-id=\"8534\" src=\"https:\/\/etab.ac-reunion.fr\/lyc-boisjoly-potier\/wp-content\/uploads\/sites\/112\/2026\/04\/07.jpg\" alt=\"\" class=\"wp-image-8534\" srcset=\"https:\/\/etab.ac-reunion.fr\/lyc-boisjoly-potier\/wp-content\/uploads\/sites\/112\/2026\/04\/07.jpg 768w, https:\/\/etab.ac-reunion.fr\/lyc-boisjoly-potier\/wp-content\/uploads\/sites\/112\/2026\/04\/07-480x640.jpg 480w\" sizes=\"(min-width: 0px) and (max-width: 480px) 480px, (min-width: 481px) 768px, 100vw\" \/><\/figure>\n\n\n\n<figure class=\"wp-block-image size-large\"><img loading=\"lazy\" decoding=\"async\" width=\"1024\" height=\"768\" data-id=\"8536\" src=\"https:\/\/etab.ac-reunion.fr\/lyc-boisjoly-potier\/wp-content\/uploads\/sites\/112\/2026\/04\/08-1-1024x768.jpg\" alt=\"\" class=\"wp-image-8536\" srcset=\"https:\/\/etab.ac-reunion.fr\/lyc-boisjoly-potier\/wp-content\/uploads\/sites\/112\/2026\/04\/08-1-980x735.jpg 980w, https:\/\/etab.ac-reunion.fr\/lyc-boisjoly-potier\/wp-content\/uploads\/sites\/112\/2026\/04\/08-1-480x360.jpg 480w\" sizes=\"(min-width: 0px) and (max-width: 480px) 480px, (min-width: 481px) and (max-width: 980px) 980px, (min-width: 981px) 1024px, 100vw\" \/><\/figure>\n<\/figure>\n","protected":false},"excerpt":{"rendered":"<p>Patrimoine, d\u00e9couverte d&rsquo;un autre syst\u00e8me scolaire et exotisme de la fin de l&rsquo;hiver En mars, 10 \u00e9l\u00e8ves de Premi\u00e8re et Terminale Sp\u00e9cialit\u00e9 AMC et HGGSP se sont envol\u00e9s pour un \u00e9change avec Graz en Autriche. Les \u00e9l\u00e8ves ont assist\u00e9 \u00e0 des cours, et c&rsquo;est bien diff\u00e9rent de La R\u00e9union ! Les cours durent de 7h30 [&hellip;]<\/p>\n","protected":false},"author":27708,"featured_media":8529,"comment_status":"closed","ping_status":"closed","sticky":false,"template":"","format":"standard","meta":{"_et_pb_use_builder":"off","_et_pb_old_content":"","_et_gb_content_width":"","footnotes":""},"categories":[1],"tags":[],"class_list":["post-8527","post","type-post","status-publish","format-standard","has-post-thumbnail","hentry","category-actu-bjp"],"_links":{"self":[{"href":"https:\/\/etab.ac-reunion.fr\/lyc-boisjoly-potier\/wp-json\/wp\/v2\/posts\/8527","targetHints":{"allow":["GET"]}}],"collection":[{"href":"https:\/\/etab.ac-reunion.fr\/lyc-boisjoly-potier\/wp-json\/wp\/v2\/posts"}],"about":[{"href":"https:\/\/etab.ac-reunion.fr\/lyc-boisjoly-potier\/wp-json\/wp\/v2\/types\/post"}],"author":[{"embeddable":true,"href":"https:\/\/etab.ac-reunion.fr\/lyc-boisjoly-potier\/wp-json\/wp\/v2\/users\/27708"}],"replies":[{"embeddable":true,"href":"https:\/\/etab.ac-reunion.fr\/lyc-boisjoly-potier\/wp-json\/wp\/v2\/comments?post=8527"}],"version-history":[{"count":1,"href":"https:\/\/etab.ac-reunion.fr\/lyc-boisjoly-potier\/wp-json\/wp\/v2\/posts\/8527\/revisions"}],"predecessor-version":[{"id":8537,"href":"https:\/\/etab.ac-reunion.fr\/lyc-boisjoly-potier\/wp-json\/wp\/v2\/posts\/8527\/revisions\/8537"}],"wp:featuredmedia":[{"embeddable":true,"href":"https:\/\/etab.ac-reunion.fr\/lyc-boisjoly-potier\/wp-json\/wp\/v2\/media\/8529"}],"wp:attachment":[{"href":"https:\/\/etab.ac-reunion.fr\/lyc-boisjoly-potier\/wp-json\/wp\/v2\/media?parent=8527"}],"wp:term":[{"taxonomy":"category","embeddable":true,"href":"https:\/\/etab.ac-reunion.fr\/lyc-boisjoly-potier\/wp-json\/wp\/v2\/categories?post=8527"},{"taxonomy":"post_tag","embeddable":true,"href":"https:\/\/etab.ac-reunion.fr\/lyc-boisjoly-potier\/wp-json\/wp\/v2\/tags?post=8527"}],"curies":[{"name":"wp","href":"https:\/\/api.w.org\/{rel}","templated":true}]}}