{"id":7369,"date":"2024-02-12T14:50:46","date_gmt":"2024-02-12T10:50:46","guid":{"rendered":"https:\/\/etab.ac-reunion.fr\/lyc-evariste-de-parny\/?p=7369"},"modified":"2024-02-14T12:21:39","modified_gmt":"2024-02-14T08:21:39","slug":"les-premieres-stmg-a-la-cour-dassises","status":"publish","type":"post","link":"https:\/\/etab.ac-reunion.fr\/lyc-evariste-de-parny\/les-premieres-stmg-a-la-cour-dassises\/","title":{"rendered":"Les premi\u00e8res STMG \u00e0 la Cour d&rsquo;Assises"},"content":{"rendered":"<p>Le Vendredi 9 f\u00e9vrier dernier, les \u00e9l\u00e8ves de premi\u00e8res STMG se sont rendus \u00e0 la Cour d&rsquo;Assises de Saint Denis pour assister \u00e0 un proc\u00e8s: t\u00e9moignages d&rsquo;experts, plaidoiries, interrogation de l&rsquo;accus\u00e9.<\/p>\n<p>Belle exp\u00e9rience pour nos \u00e9l\u00e8ves !<\/p>\n","protected":false},"excerpt":{"rendered":"<p>Le Vendredi 9 f\u00e9vrier dernier, les \u00e9l\u00e8ves de premi\u00e8res STMG se sont rendus \u00e0 la Cour d&rsquo;Assises de Saint Denis pour assister \u00e0 un proc\u00e8s: t\u00e9moignages d&rsquo;experts, plaidoiries, interrogation de l&rsquo;accus\u00e9. Belle exp\u00e9rience pour nos \u00e9l\u00e8ves !<\/p>\n","protected":false},"author":32828,"featured_media":7370,"comment_status":"closed","ping_status":"closed","sticky":false,"template":"","format":"quote","meta":{"footnotes":""},"categories":[1],"tags":[],"class_list":["post-7369","post","type-post","status-publish","format-quote","has-post-thumbnail","hentry","category-non-classe","post_format-post-format-quote"],"_links":{"self":[{"href":"https:\/\/etab.ac-reunion.fr\/lyc-evariste-de-parny\/wp-json\/wp\/v2\/posts\/7369","targetHints":{"allow":["GET"]}}],"collection":[{"href":"https:\/\/etab.ac-reunion.fr\/lyc-evariste-de-parny\/wp-json\/wp\/v2\/posts"}],"about":[{"href":"https:\/\/etab.ac-reunion.fr\/lyc-evariste-de-parny\/wp-json\/wp\/v2\/types\/post"}],"author":[{"embeddable":true,"href":"https:\/\/etab.ac-reunion.fr\/lyc-evariste-de-parny\/wp-json\/wp\/v2\/users\/32828"}],"replies":[{"embeddable":true,"href":"https:\/\/etab.ac-reunion.fr\/lyc-evariste-de-parny\/wp-json\/wp\/v2\/comments?post=7369"}],"version-history":[{"count":3,"href":"https:\/\/etab.ac-reunion.fr\/lyc-evariste-de-parny\/wp-json\/wp\/v2\/posts\/7369\/revisions"}],"predecessor-version":[{"id":7374,"href":"https:\/\/etab.ac-reunion.fr\/lyc-evariste-de-parny\/wp-json\/wp\/v2\/posts\/7369\/revisions\/7374"}],"wp:featuredmedia":[{"embeddable":true,"href":"https:\/\/etab.ac-reunion.fr\/lyc-evariste-de-parny\/wp-json\/wp\/v2\/media\/7370"}],"wp:attachment":[{"href":"https:\/\/etab.ac-reunion.fr\/lyc-evariste-de-parny\/wp-json\/wp\/v2\/media?parent=7369"}],"wp:term":[{"taxonomy":"category","embeddable":true,"href":"https:\/\/etab.ac-reunion.fr\/lyc-evariste-de-parny\/wp-json\/wp\/v2\/categories?post=7369"},{"taxonomy":"post_tag","embeddable":true,"href":"https:\/\/etab.ac-reunion.fr\/lyc-evariste-de-parny\/wp-json\/wp\/v2\/tags?post=7369"}],"curies":[{"name":"wp","href":"https:\/\/api.w.org\/{rel}","templated":true}]}}