{"id":7536,"date":"2024-06-21T15:04:27","date_gmt":"2024-06-21T11:04:27","guid":{"rendered":"https:\/\/etab.ac-reunion.fr\/lyc-evariste-de-parny\/?p=7536"},"modified":"2025-02-17T09:20:57","modified_gmt":"2025-02-17T05:20:57","slug":"european-views-visions-de-leurope-projet-etwinning-203","status":"publish","type":"post","link":"https:\/\/etab.ac-reunion.fr\/lyc-evariste-de-parny\/european-views-visions-de-leurope-projet-etwinning-203\/","title":{"rendered":"European Views: Visions de l&rsquo;Europe, projet eTwinning 203"},"content":{"rendered":"<figure id=\"attachment_7537\" aria-describedby=\"caption-attachment-7537\" style=\"width: 300px\" class=\"wp-caption aligncenter\"><img loading=\"lazy\" decoding=\"async\" class=\"size-medium wp-image-7537\" src=\"https:\/\/etab.ac-reunion.fr\/lyc-evariste-de-parny\/wp-content\/uploads\/sites\/14\/2024\/06\/LEANNE-ROMANE-300x300.png\" alt=\"ville du futur\" width=\"300\" height=\"300\" srcset=\"https:\/\/etab.ac-reunion.fr\/lyc-evariste-de-parny\/wp-content\/uploads\/sites\/14\/2024\/06\/LEANNE-ROMANE-300x300.png 300w, https:\/\/etab.ac-reunion.fr\/lyc-evariste-de-parny\/wp-content\/uploads\/sites\/14\/2024\/06\/LEANNE-ROMANE-150x150.png 150w, https:\/\/etab.ac-reunion.fr\/lyc-evariste-de-parny\/wp-content\/uploads\/sites\/14\/2024\/06\/LEANNE-ROMANE-200x200.png 200w, https:\/\/etab.ac-reunion.fr\/lyc-evariste-de-parny\/wp-content\/uploads\/sites\/14\/2024\/06\/LEANNE-ROMANE.png 560w\" sizes=\"auto, (max-width: 300px) 100vw, 300px\" \/><figcaption id=\"caption-attachment-7537\" class=\"wp-caption-text\">Vision du futur par L\u00e9anne et Romane,image g\u00e9n\u00e9r\u00e9e en utilisant l&rsquo;IA (hotpot A.I)<\/figcaption><\/figure>\n<p>&nbsp;<\/p>\n<p>Que voit-on par sa fen\u00eatre en Europe?<\/p>\n<p>Voil\u00e0 la question que se sont pos\u00e9e les 203 pendant leur projet eTwinning men\u00e9 avec l&rsquo;Allemagne et la Gr\u00e8ce. Apr\u00e8s avoir particip\u00e9 \u00e0 un calendrier collaboratif, pr\u00e9sent\u00e9 les traditions de la R\u00e9union, ils ont imagin\u00e9 les pens\u00e9e d&rsquo;un personnage historique local et ont r\u00e9dig\u00e9 une lettre \u00e0 une figure historique d&rsquo;un autre pays.<\/p>\n<p>Enfin ils ont cr\u00e9\u00e9 des images repr\u00e9sentant leur vision du futur si le changement climatique \u00e9tait ma\u00eetris\u00e9&#8230;ou non. ces images ont \u00e9t\u00e9 invent\u00e9es avec l&rsquo;aide de l&rsquo;intelligence artificielle.<\/p>\n<p>f\u00e9licitations \u00e0 tous les \u00e9l\u00e8ves qui ont fait des recherches historiques et ont communiqu\u00e9 activement, en anglais, avec leurs partenaires!<\/p>\n<figure id=\"attachment_7538\" aria-describedby=\"caption-attachment-7538\" style=\"width: 300px\" class=\"wp-caption aligncenter\"><img loading=\"lazy\" decoding=\"async\" class=\"size-medium wp-image-7538\" src=\"https:\/\/etab.ac-reunion.fr\/lyc-evariste-de-parny\/wp-content\/uploads\/sites\/14\/2024\/06\/KLORANE-300x300.png\" alt=\"\" width=\"300\" height=\"300\" srcset=\"https:\/\/etab.ac-reunion.fr\/lyc-evariste-de-parny\/wp-content\/uploads\/sites\/14\/2024\/06\/KLORANE-300x300.png 300w, https:\/\/etab.ac-reunion.fr\/lyc-evariste-de-parny\/wp-content\/uploads\/sites\/14\/2024\/06\/KLORANE-150x150.png 150w, https:\/\/etab.ac-reunion.fr\/lyc-evariste-de-parny\/wp-content\/uploads\/sites\/14\/2024\/06\/KLORANE-200x200.png 200w, https:\/\/etab.ac-reunion.fr\/lyc-evariste-de-parny\/wp-content\/uploads\/sites\/14\/2024\/06\/KLORANE.png 512w\" sizes=\"auto, (max-width: 300px) 100vw, 300px\" \/><figcaption id=\"caption-attachment-7538\" class=\"wp-caption-text\">une autre vision du futur avec l&rsquo;aide de l&rsquo;IA<\/figcaption><\/figure>\n<p>&nbsp;<\/p>\n","protected":false},"excerpt":{"rendered":"<p>&nbsp; Que voit-on par sa fen\u00eatre en Europe? Voil\u00e0 la question que se sont pos\u00e9e les 203 pendant leur projet eTwinning men\u00e9 avec l&rsquo;Allemagne et la Gr\u00e8ce. Apr\u00e8s avoir particip\u00e9 \u00e0 un calendrier collaboratif, pr\u00e9sent\u00e9 les traditions de la R\u00e9union, ils ont imagin\u00e9 les pens\u00e9e d&rsquo;un personnage historique local et &hellip;<\/p>\n","protected":false},"author":14745,"featured_media":7537,"comment_status":"closed","ping_status":"closed","sticky":false,"template":"","format":"standard","meta":{"footnotes":""},"categories":[80,63,342,266],"tags":[274,241,282,293,243,322,313,290,291,325],"class_list":["post-7536","post","type-post","status-publish","format-standard","has-post-thumbnail","hentry","category-ap","category-ang","category-etwinning","category-international","tag-anglais","tag-echange","tag-etwinning","tag-etwinning-school","tag-international","tag-langues","tag-mobilite-virtuelle","tag-ouverture-a-linternational","tag-projets","tag-travail-en-groupe"],"_links":{"self":[{"href":"https:\/\/etab.ac-reunion.fr\/lyc-evariste-de-parny\/wp-json\/wp\/v2\/posts\/7536","targetHints":{"allow":["GET"]}}],"collection":[{"href":"https:\/\/etab.ac-reunion.fr\/lyc-evariste-de-parny\/wp-json\/wp\/v2\/posts"}],"about":[{"href":"https:\/\/etab.ac-reunion.fr\/lyc-evariste-de-parny\/wp-json\/wp\/v2\/types\/post"}],"author":[{"embeddable":true,"href":"https:\/\/etab.ac-reunion.fr\/lyc-evariste-de-parny\/wp-json\/wp\/v2\/users\/14745"}],"replies":[{"embeddable":true,"href":"https:\/\/etab.ac-reunion.fr\/lyc-evariste-de-parny\/wp-json\/wp\/v2\/comments?post=7536"}],"version-history":[{"count":2,"href":"https:\/\/etab.ac-reunion.fr\/lyc-evariste-de-parny\/wp-json\/wp\/v2\/posts\/7536\/revisions"}],"predecessor-version":[{"id":7540,"href":"https:\/\/etab.ac-reunion.fr\/lyc-evariste-de-parny\/wp-json\/wp\/v2\/posts\/7536\/revisions\/7540"}],"wp:featuredmedia":[{"embeddable":true,"href":"https:\/\/etab.ac-reunion.fr\/lyc-evariste-de-parny\/wp-json\/wp\/v2\/media\/7537"}],"wp:attachment":[{"href":"https:\/\/etab.ac-reunion.fr\/lyc-evariste-de-parny\/wp-json\/wp\/v2\/media?parent=7536"}],"wp:term":[{"taxonomy":"category","embeddable":true,"href":"https:\/\/etab.ac-reunion.fr\/lyc-evariste-de-parny\/wp-json\/wp\/v2\/categories?post=7536"},{"taxonomy":"post_tag","embeddable":true,"href":"https:\/\/etab.ac-reunion.fr\/lyc-evariste-de-parny\/wp-json\/wp\/v2\/tags?post=7536"}],"curies":[{"name":"wp","href":"https:\/\/api.w.org\/{rel}","templated":true}]}}