{"id":7591,"date":"2024-10-01T14:33:23","date_gmt":"2024-10-01T10:33:23","guid":{"rendered":"https:\/\/etab.ac-reunion.fr\/lyc-evariste-de-parny\/?p=7591"},"modified":"2024-10-07T10:46:01","modified_gmt":"2024-10-07T06:46:01","slug":"cpes-caap-un-debut-dannee-riche-en-visites-le-frac-a-saint-leu","status":"publish","type":"post","link":"https:\/\/etab.ac-reunion.fr\/lyc-evariste-de-parny\/cpes-caap-un-debut-dannee-riche-en-visites-le-frac-a-saint-leu\/","title":{"rendered":"CPES-CAAP: Un d\u00e9but d&rsquo;ann\u00e9e riche en visites: le FRAC \u00e0 Saint Leu"},"content":{"rendered":"<p>Le lyc\u00e9e a le plaisir d&rsquo;accueillir depuis la rentr\u00e9e la premi\u00e8re classe pr\u00e9paratoire aux \u00e9coles sup\u00e9rieures d&rsquo;art (CPES-CAAP) d&rsquo;Outre Mer.<\/p>\n<p>Nous accueillons 18 \u00e9tudiant.es pour cette premi\u00e8re promotion.<\/p>\n<p>D\u00e8s le 30 ao\u00fbt, ces \u00e9tudiant.es ont particip\u00e9 \u00e0 une journ\u00e9e d&rsquo;accueil organis\u00e9e au sein du b\u00e2timent abritant le Fonds R\u00e9gional D&rsquo;Art Contemporain de la R\u00e9union \u00e0 Saint Leu. Au programme, une visite de l&rsquo;exposition \u00ab\u00a0Iles de Mille Parts\u00a0\u00bb, men\u00e9e par une des artistes dont les oeuvres \u00e9taient expos\u00e9es.<\/p>\n<p>Les \u00e9tudiant.es ont ensuite r\u00e9fl\u00e9chi \u00e0 la sc\u00e9nographie d&rsquo;une exposition, et ont produit des travaux en lien avec l&rsquo;exposition.<\/p>\n<p>Retrouvez toute l&rsquo;actualit\u00e9 des visites et des activit\u00e9s de la CPES sur le site du lyc\u00e9e!<\/p>\n<p>&nbsp;<\/p>\n","protected":false},"excerpt":{"rendered":"<p>Le lyc\u00e9e a le plaisir d&rsquo;accueillir depuis la rentr\u00e9e la premi\u00e8re classe pr\u00e9paratoire aux \u00e9coles sup\u00e9rieures d&rsquo;art (CPES-CAAP) d&rsquo;Outre Mer. Nous accueillons 18 \u00e9tudiant.es pour cette premi\u00e8re promotion. D\u00e8s le 30 ao\u00fbt, ces \u00e9tudiant.es ont particip\u00e9 \u00e0 une journ\u00e9e d&rsquo;accueil organis\u00e9e au sein du b\u00e2timent abritant le Fonds R\u00e9gional D&rsquo;Art &hellip;<\/p>\n","protected":false},"author":14745,"featured_media":7594,"comment_status":"closed","ping_status":"closed","sticky":false,"template":"","format":"quote","meta":{"footnotes":""},"categories":[315,319],"tags":[],"class_list":["post-7591","post","type-post","status-publish","format-quote","has-post-thumbnail","hentry","category-actualite","category-cpes-arts","post_format-post-format-quote"],"_links":{"self":[{"href":"https:\/\/etab.ac-reunion.fr\/lyc-evariste-de-parny\/wp-json\/wp\/v2\/posts\/7591","targetHints":{"allow":["GET"]}}],"collection":[{"href":"https:\/\/etab.ac-reunion.fr\/lyc-evariste-de-parny\/wp-json\/wp\/v2\/posts"}],"about":[{"href":"https:\/\/etab.ac-reunion.fr\/lyc-evariste-de-parny\/wp-json\/wp\/v2\/types\/post"}],"author":[{"embeddable":true,"href":"https:\/\/etab.ac-reunion.fr\/lyc-evariste-de-parny\/wp-json\/wp\/v2\/users\/14745"}],"replies":[{"embeddable":true,"href":"https:\/\/etab.ac-reunion.fr\/lyc-evariste-de-parny\/wp-json\/wp\/v2\/comments?post=7591"}],"version-history":[{"count":2,"href":"https:\/\/etab.ac-reunion.fr\/lyc-evariste-de-parny\/wp-json\/wp\/v2\/posts\/7591\/revisions"}],"predecessor-version":[{"id":7598,"href":"https:\/\/etab.ac-reunion.fr\/lyc-evariste-de-parny\/wp-json\/wp\/v2\/posts\/7591\/revisions\/7598"}],"wp:featuredmedia":[{"embeddable":true,"href":"https:\/\/etab.ac-reunion.fr\/lyc-evariste-de-parny\/wp-json\/wp\/v2\/media\/7594"}],"wp:attachment":[{"href":"https:\/\/etab.ac-reunion.fr\/lyc-evariste-de-parny\/wp-json\/wp\/v2\/media?parent=7591"}],"wp:term":[{"taxonomy":"category","embeddable":true,"href":"https:\/\/etab.ac-reunion.fr\/lyc-evariste-de-parny\/wp-json\/wp\/v2\/categories?post=7591"},{"taxonomy":"post_tag","embeddable":true,"href":"https:\/\/etab.ac-reunion.fr\/lyc-evariste-de-parny\/wp-json\/wp\/v2\/tags?post=7591"}],"curies":[{"name":"wp","href":"https:\/\/api.w.org\/{rel}","templated":true}]}}