{"id":8216,"date":"2025-06-09T14:41:15","date_gmt":"2025-06-09T10:41:15","guid":{"rendered":"https:\/\/etab.ac-reunion.fr\/lyc-evariste-de-parny\/?p=8216"},"modified":"2025-06-09T14:43:48","modified_gmt":"2025-06-09T10:43:48","slug":"projet-etwinning-2nde-europeenne-anglais-timeless-art-modern-lens","status":"publish","type":"post","link":"https:\/\/etab.ac-reunion.fr\/lyc-evariste-de-parny\/projet-etwinning-2nde-europeenne-anglais-timeless-art-modern-lens\/","title":{"rendered":"Projet eTwinning 2nde Europ\u00e9enne Anglais: Timeless Art, Modern Lens"},"content":{"rendered":"<p><img loading=\"lazy\" decoding=\"async\" class=\"wp-image-8217 aligncenter\" src=\"https:\/\/etab.ac-reunion.fr\/lyc-evariste-de-parny\/wp-content\/uploads\/sites\/14\/2025\/06\/video-conference-300x169.png\" alt=\"\" width=\"379\" height=\"213\" srcset=\"https:\/\/etab.ac-reunion.fr\/lyc-evariste-de-parny\/wp-content\/uploads\/sites\/14\/2025\/06\/video-conference-300x169.png 300w, https:\/\/etab.ac-reunion.fr\/lyc-evariste-de-parny\/wp-content\/uploads\/sites\/14\/2025\/06\/video-conference-768x432.png 768w, https:\/\/etab.ac-reunion.fr\/lyc-evariste-de-parny\/wp-content\/uploads\/sites\/14\/2025\/06\/video-conference-356x200.png 356w, https:\/\/etab.ac-reunion.fr\/lyc-evariste-de-parny\/wp-content\/uploads\/sites\/14\/2025\/06\/video-conference.png 960w\" sizes=\"auto, (max-width: 379px) 100vw, 379px\" \/><\/p>\n<p>Les 2ndes Europ\u00e9enne Anglais terminent leur premi\u00e8re ann\u00e9e au lyc\u00e9e et leur projet eTwinning \u00ab\u00a0Timeless Art, Modern Lens\u00a0\u00bb<\/p>\n<p>Les 25 \u00e9l\u00e8ves ont travaill\u00e9 avec des \u00e9l\u00e8ves de Hongrie, Roumanie, Gr\u00e8ce et France Hexagonale autour des classiques de l&rsquo;art et de leur version modernis\u00e9e. Ils ont ainsi pu d\u00e9couvrir des tableaux c\u00e9l\u00e8bres des pays partenaires, mais aussi le Street Art, la photographie et la litt\u00e9rature des pays d&rsquo;Europe. Ils ont \u00e9crit en collaboration une version actualis\u00e9e de Rom\u00e9o et Juliette apr\u00e8s l&rsquo;avoir \u00e9tudi\u00e9 en cours.<\/p>\n<p>Enfin, le 22 mai, ils\u00a0ont particip\u00e9 \u00e0 une vid\u00e9oconf\u00e9rence avec les lyc\u00e9es partenaires. Ce projet leur a aussi permis d&rsquo;utiliser des outils num\u00e9riques.<\/p>\n<p>Leur travail est visible sur la plate forme s\u00e9curis\u00e9e de la commission Europ\u00e9enne.<\/p>\n","protected":false},"excerpt":{"rendered":"<p>Les 2ndes Europ\u00e9enne Anglais terminent leur premi\u00e8re ann\u00e9e au lyc\u00e9e et leur projet eTwinning \u00ab\u00a0Timeless Art, Modern Lens\u00a0\u00bb Les 25 \u00e9l\u00e8ves ont travaill\u00e9 avec des \u00e9l\u00e8ves de Hongrie, Roumanie, Gr\u00e8ce et France Hexagonale autour des classiques de l&rsquo;art et de leur version modernis\u00e9e. Ils ont ainsi pu d\u00e9couvrir des tableaux &hellip;<\/p>\n","protected":false},"author":14745,"featured_media":8217,"comment_status":"closed","ping_status":"closed","sticky":false,"template":"","format":"quote","meta":{"footnotes":""},"categories":[80,63,342,172,198],"tags":[282,290,291,352],"class_list":["post-8216","post","type-post","status-publish","format-quote","has-post-thumbnail","hentry","category-ap","category-ang","category-etwinning","category-ouverture-a-linternational","category-projets-international","tag-etwinning","tag-ouverture-a-linternational","tag-projets","tag-section-europeenne-anglais","post_format-post-format-quote"],"_links":{"self":[{"href":"https:\/\/etab.ac-reunion.fr\/lyc-evariste-de-parny\/wp-json\/wp\/v2\/posts\/8216","targetHints":{"allow":["GET"]}}],"collection":[{"href":"https:\/\/etab.ac-reunion.fr\/lyc-evariste-de-parny\/wp-json\/wp\/v2\/posts"}],"about":[{"href":"https:\/\/etab.ac-reunion.fr\/lyc-evariste-de-parny\/wp-json\/wp\/v2\/types\/post"}],"author":[{"embeddable":true,"href":"https:\/\/etab.ac-reunion.fr\/lyc-evariste-de-parny\/wp-json\/wp\/v2\/users\/14745"}],"replies":[{"embeddable":true,"href":"https:\/\/etab.ac-reunion.fr\/lyc-evariste-de-parny\/wp-json\/wp\/v2\/comments?post=8216"}],"version-history":[{"count":1,"href":"https:\/\/etab.ac-reunion.fr\/lyc-evariste-de-parny\/wp-json\/wp\/v2\/posts\/8216\/revisions"}],"predecessor-version":[{"id":8218,"href":"https:\/\/etab.ac-reunion.fr\/lyc-evariste-de-parny\/wp-json\/wp\/v2\/posts\/8216\/revisions\/8218"}],"wp:featuredmedia":[{"embeddable":true,"href":"https:\/\/etab.ac-reunion.fr\/lyc-evariste-de-parny\/wp-json\/wp\/v2\/media\/8217"}],"wp:attachment":[{"href":"https:\/\/etab.ac-reunion.fr\/lyc-evariste-de-parny\/wp-json\/wp\/v2\/media?parent=8216"}],"wp:term":[{"taxonomy":"category","embeddable":true,"href":"https:\/\/etab.ac-reunion.fr\/lyc-evariste-de-parny\/wp-json\/wp\/v2\/categories?post=8216"},{"taxonomy":"post_tag","embeddable":true,"href":"https:\/\/etab.ac-reunion.fr\/lyc-evariste-de-parny\/wp-json\/wp\/v2\/tags?post=8216"}],"curies":[{"name":"wp","href":"https:\/\/api.w.org\/{rel}","templated":true}]}}