{"id":27442,"date":"2024-09-19T07:00:22","date_gmt":"2024-09-19T03:00:22","guid":{"rendered":"https:\/\/etab.ac-reunion.fr\/lyc-francois-de-mahy\/?p=27442"},"modified":"2025-11-19T14:20:23","modified_gmt":"2025-11-19T10:20:23","slug":"visite-de-la-nouvelle-cuisine-centrale-de-grand-bois","status":"publish","type":"post","link":"https:\/\/etab.ac-reunion.fr\/lyc-francois-de-mahy\/visite-de-la-nouvelle-cuisine-centrale-de-grand-bois\/","title":{"rendered":"VISITE DE LA NOUVELLE CUISINE CENTRALE DE GRAND BOIS"},"content":{"rendered":"\n<p><em>\u00c0 Mont\u00e9e Villeneuve, Grand bois<\/em><\/p>\n\n\n\n<p><strong>La mairie de Saint-Pierre et le responsable de la restauration, Monsieur Yap-Chim, ont invit\u00e9 le Bureau des Entreprises du lyc\u00e9e Fran\u00e7ois de Mahy \u00e0 son inauguration le 4 septembre dernier et a autoris\u00e9 la visite de 4 groupes d\u2019\u00e9l\u00e8ves de CAP Production en Service et Restaurations pendant ce mois de septembre.<\/strong><\/p>\n\n\n\n<div style=\"height:10px\" aria-hidden=\"true\" class=\"wp-block-spacer\"><\/div>\n\n\n\n<figure class=\"wp-block-image size-large\"><a href=\"https:\/\/etab.ac-reunion.fr\/lyc-francois-de-mahy\/wp-content\/uploads\/sites\/61\/2024\/09\/8.jpg\"><img loading=\"lazy\" decoding=\"async\" width=\"1024\" height=\"479\" src=\"https:\/\/etab.ac-reunion.fr\/lyc-francois-de-mahy\/wp-content\/uploads\/sites\/61\/2024\/09\/8-1024x479.jpg\" alt=\"\" class=\"wp-image-27445\" srcset=\"https:\/\/etab.ac-reunion.fr\/lyc-francois-de-mahy\/wp-content\/uploads\/sites\/61\/2024\/09\/8-1024x479.jpg 1024w, https:\/\/etab.ac-reunion.fr\/lyc-francois-de-mahy\/wp-content\/uploads\/sites\/61\/2024\/09\/8-300x140.jpg 300w, https:\/\/etab.ac-reunion.fr\/lyc-francois-de-mahy\/wp-content\/uploads\/sites\/61\/2024\/09\/8-768x360.jpg 768w, https:\/\/etab.ac-reunion.fr\/lyc-francois-de-mahy\/wp-content\/uploads\/sites\/61\/2024\/09\/8-1536x719.jpg 1536w, https:\/\/etab.ac-reunion.fr\/lyc-francois-de-mahy\/wp-content\/uploads\/sites\/61\/2024\/09\/8.jpg 1890w\" sizes=\"auto, (max-width: 1024px) 100vw, 1024px\" \/><\/a><\/figure>\n\n\n\n<p>Nous y avons d\u2019ailleurs trouv\u00e9 un ancien \u00e9l\u00e8ve du lyc\u00e9e Fran\u00e7ois de Mahy, Johnny, qui travaille au service r\u00e9ception de la cuisine centrale, apr\u00e8s une belle exp\u00e9rience en M\u00e9tropole.<\/p>\n\n\n\n<p>Apr\u00e8s trois ans de chantier, la ville de Saint-Pierre a ouvert sa troisi\u00e8me cuisine centrale, nomm\u00e9e \u00ab&nbsp;Mont\u00e9e Villeneuve&nbsp;\u00bb \u00e0 Grand Bois. Un projet de 10 millions d\u2019Euros avec un co-financement Europe-\u00c9tat-R\u00e9gion-Commune.<\/p>\n\n\n\n<div style=\"height:7px\" aria-hidden=\"true\" class=\"wp-block-spacer\"><\/div>\n\n\n\n<figure class=\"wp-block-image size-large\"><a href=\"https:\/\/etab.ac-reunion.fr\/lyc-francois-de-mahy\/wp-content\/uploads\/sites\/61\/2024\/09\/2-2.jpg\"><img loading=\"lazy\" decoding=\"async\" width=\"1024\" height=\"473\" src=\"https:\/\/etab.ac-reunion.fr\/lyc-francois-de-mahy\/wp-content\/uploads\/sites\/61\/2024\/09\/2-2-1024x473.jpg\" alt=\"\" class=\"wp-image-27446\" srcset=\"https:\/\/etab.ac-reunion.fr\/lyc-francois-de-mahy\/wp-content\/uploads\/sites\/61\/2024\/09\/2-2-1024x473.jpg 1024w, https:\/\/etab.ac-reunion.fr\/lyc-francois-de-mahy\/wp-content\/uploads\/sites\/61\/2024\/09\/2-2-300x139.jpg 300w, https:\/\/etab.ac-reunion.fr\/lyc-francois-de-mahy\/wp-content\/uploads\/sites\/61\/2024\/09\/2-2-768x355.jpg 768w, https:\/\/etab.ac-reunion.fr\/lyc-francois-de-mahy\/wp-content\/uploads\/sites\/61\/2024\/09\/2-2-1536x710.jpg 1536w, https:\/\/etab.ac-reunion.fr\/lyc-francois-de-mahy\/wp-content\/uploads\/sites\/61\/2024\/09\/2-2.jpg 1793w\" sizes=\"auto, (max-width: 1024px) 100vw, 1024px\" \/><\/a><\/figure>\n\n\n\n<p>Sur 1700 m\u00b2, la cuisine centrale au niveau sup\u00e9rieur comprend une zone de livraison, une zone de traitement des colis, des chambres froides, une zone de nettoyage des denr\u00e9es, une zone de cuisson avec des marmites g\u00e9antes, une zone froide de stockage et une zone d\u2019exp\u00e9dition. Des \u00e9quipements modernes impressionnants, tout ceci dans un environnement clair car tr\u00e8s vitr\u00e9 avec une superbe vue sur la mer.<\/p>\n\n\n\n<div style=\"height:8px\" aria-hidden=\"true\" class=\"wp-block-spacer\"><\/div>\n\n\n\n<figure class=\"wp-block-image size-large\"><a href=\"https:\/\/etab.ac-reunion.fr\/lyc-francois-de-mahy\/wp-content\/uploads\/sites\/61\/2024\/09\/3-1.jpg\"><img loading=\"lazy\" decoding=\"async\" width=\"1024\" height=\"474\" src=\"https:\/\/etab.ac-reunion.fr\/lyc-francois-de-mahy\/wp-content\/uploads\/sites\/61\/2024\/09\/3-1-1024x474.jpg\" alt=\"\" class=\"wp-image-27444\" srcset=\"https:\/\/etab.ac-reunion.fr\/lyc-francois-de-mahy\/wp-content\/uploads\/sites\/61\/2024\/09\/3-1-1024x474.jpg 1024w, https:\/\/etab.ac-reunion.fr\/lyc-francois-de-mahy\/wp-content\/uploads\/sites\/61\/2024\/09\/3-1-300x139.jpg 300w, https:\/\/etab.ac-reunion.fr\/lyc-francois-de-mahy\/wp-content\/uploads\/sites\/61\/2024\/09\/3-1-768x355.jpg 768w, https:\/\/etab.ac-reunion.fr\/lyc-francois-de-mahy\/wp-content\/uploads\/sites\/61\/2024\/09\/3-1-1536x710.jpg 1536w, https:\/\/etab.ac-reunion.fr\/lyc-francois-de-mahy\/wp-content\/uploads\/sites\/61\/2024\/09\/3-1.jpg 1918w\" sizes=\"auto, (max-width: 1024px) 100vw, 1024px\" \/><\/a><\/figure>\n\n\n\n<p>Au niveau inf\u00e9rieur, une cuisine satellite et un r\u00e9fectoire permet de servir 200 repas aux \u00e9l\u00e8ves de l\u2019\u00e9cole Raymond Mondon.<\/p>\n\n\n\n<p>Des bureaux, des vestiaires, une salle de d\u00e9tente et un parking compl\u00e8tent ce bel ouvrage pour le personnel. Leurs tenues sont nettoy\u00e9es chaque jour par l\u2019atelier ESAT Les Tidalons et livr\u00e9es dans leur casier le matin.<\/p>\n\n\n\n<p>Un groupe \u00e9lectrog\u00e8ne et une r\u00e9serve d\u2019eau trait\u00e9e permettront de faire face aux coupures \u00e9ventuelles.<\/p>\n\n\n\n<div style=\"height:8px\" aria-hidden=\"true\" class=\"wp-block-spacer\"><\/div>\n\n\n\n<figure class=\"wp-block-image size-large\"><a href=\"https:\/\/etab.ac-reunion.fr\/lyc-francois-de-mahy\/wp-content\/uploads\/sites\/61\/2024\/09\/7-1.jpg\"><img loading=\"lazy\" decoding=\"async\" width=\"1024\" height=\"503\" src=\"https:\/\/etab.ac-reunion.fr\/lyc-francois-de-mahy\/wp-content\/uploads\/sites\/61\/2024\/09\/7-1-1024x503.jpg\" alt=\"\" class=\"wp-image-27447\" srcset=\"https:\/\/etab.ac-reunion.fr\/lyc-francois-de-mahy\/wp-content\/uploads\/sites\/61\/2024\/09\/7-1-1024x503.jpg 1024w, https:\/\/etab.ac-reunion.fr\/lyc-francois-de-mahy\/wp-content\/uploads\/sites\/61\/2024\/09\/7-1-300x147.jpg 300w, https:\/\/etab.ac-reunion.fr\/lyc-francois-de-mahy\/wp-content\/uploads\/sites\/61\/2024\/09\/7-1-768x377.jpg 768w, https:\/\/etab.ac-reunion.fr\/lyc-francois-de-mahy\/wp-content\/uploads\/sites\/61\/2024\/09\/7-1-1536x754.jpg 1536w, https:\/\/etab.ac-reunion.fr\/lyc-francois-de-mahy\/wp-content\/uploads\/sites\/61\/2024\/09\/7-1.jpg 1798w\" sizes=\"auto, (max-width: 1024px) 100vw, 1024px\" \/><\/a><\/figure>\n\n\n\n<p>Il s\u2019agit de la plus grande cuisine centrale de l\u2019Oc\u00e9an Indien&nbsp;: un outil impressionnant, tr\u00e8s moderne, qui produit actuellement 3500 repas par jour, mais est capable de produire jusqu\u2019\u00e0 12 000 repas par jour pour 42 \u00e9coles de Saint-Pierre. Il faudra alors que la cuisine tourne en deux fois 7h par jour.<\/p>\n\n\n\n<div style=\"height:8px\" aria-hidden=\"true\" class=\"wp-block-spacer\"><\/div>\n\n\n\n<figure class=\"wp-block-image size-large\"><a href=\"https:\/\/etab.ac-reunion.fr\/lyc-francois-de-mahy\/wp-content\/uploads\/sites\/61\/2024\/09\/6-2.jpg\"><img loading=\"lazy\" decoding=\"async\" width=\"1024\" height=\"482\" src=\"https:\/\/etab.ac-reunion.fr\/lyc-francois-de-mahy\/wp-content\/uploads\/sites\/61\/2024\/09\/6-2-1024x482.jpg\" alt=\"\" class=\"wp-image-27450\" srcset=\"https:\/\/etab.ac-reunion.fr\/lyc-francois-de-mahy\/wp-content\/uploads\/sites\/61\/2024\/09\/6-2-1024x482.jpg 1024w, https:\/\/etab.ac-reunion.fr\/lyc-francois-de-mahy\/wp-content\/uploads\/sites\/61\/2024\/09\/6-2-300x141.jpg 300w, https:\/\/etab.ac-reunion.fr\/lyc-francois-de-mahy\/wp-content\/uploads\/sites\/61\/2024\/09\/6-2-768x362.jpg 768w, https:\/\/etab.ac-reunion.fr\/lyc-francois-de-mahy\/wp-content\/uploads\/sites\/61\/2024\/09\/6-2-1536x723.jpg 1536w, https:\/\/etab.ac-reunion.fr\/lyc-francois-de-mahy\/wp-content\/uploads\/sites\/61\/2024\/09\/6-2.jpg 1786w\" sizes=\"auto, (max-width: 1024px) 100vw, 1024px\" \/><\/a><\/figure>\n\n\n\n<p>L\u2019outil permet de produire trois jours \u00e0 l\u2019avance les repas avec le plus possible de produits locaux et de produits bio.&nbsp; Les cuisines relais et satellites remettent ensuite les plats en temp\u00e9rature avant de les servir.<\/p>\n\n\n\n<p>Le traitement des d\u00e9chets a \u00e9t\u00e9 pens\u00e9. Une zone pour les cartons et un biocomposteur imposant permet de faire un compost en acc\u00e9l\u00e9r\u00e9 avec les d\u00e9chets alimentaires et du bois. Ce compost est ensuite utilis\u00e9 par les jardiniers des p\u00e9pini\u00e8res municipales.&nbsp;<\/p>\n\n\n\n<p>Un carr\u00e9 des \u00e9pices permet de cultiver quelques aromates pour la cuisine. Les enfants de l\u2019\u00e9cole Raymond Mondon y contribuent dans le cadre d\u2019ateliers p\u00e9dagogiques.<\/p>\n\n\n\n<div style=\"height:8px\" aria-hidden=\"true\" class=\"wp-block-spacer\"><\/div>\n\n\n<div class=\"wp-block-image\">\n<figure class=\"aligncenter size-full is-resized\"><a href=\"https:\/\/etab.ac-reunion.fr\/lyc-francois-de-mahy\/wp-content\/uploads\/sites\/61\/2024\/09\/4-1.jpg\"><img loading=\"lazy\" decoding=\"async\" width=\"383\" height=\"829\" src=\"https:\/\/etab.ac-reunion.fr\/lyc-francois-de-mahy\/wp-content\/uploads\/sites\/61\/2024\/09\/4-1.jpg\" alt=\"\" class=\"wp-image-27451\" style=\"width:299px;height:auto\" srcset=\"https:\/\/etab.ac-reunion.fr\/lyc-francois-de-mahy\/wp-content\/uploads\/sites\/61\/2024\/09\/4-1.jpg 383w, https:\/\/etab.ac-reunion.fr\/lyc-francois-de-mahy\/wp-content\/uploads\/sites\/61\/2024\/09\/4-1-139x300.jpg 139w\" sizes=\"auto, (max-width: 383px) 100vw, 383px\" \/><\/a><\/figure>\n<\/div>\n\n\n<div style=\"height:15px\" aria-hidden=\"true\" class=\"wp-block-spacer\"><\/div>\n\n\n\n<p>Le circuit des denr\u00e9es et leur traitement selon le principe de la \u00ab&nbsp;marche en avant&nbsp;\u00bb a \u00e9t\u00e9 enti\u00e8rement pr\u00e9sent\u00e9 aux \u00e9l\u00e8ves de CAP Production en Services et Restaurations, par Monsieur Yap-Chim en personne, responsable de la restauration scolaire \u00e0 la Mairie de Saint-Pierre. <\/p>\n\n\n\n<div style=\"height:8px\" aria-hidden=\"true\" class=\"wp-block-spacer\"><\/div>\n\n\n\n<figure class=\"wp-block-image size-large\"><a href=\"https:\/\/etab.ac-reunion.fr\/lyc-francois-de-mahy\/wp-content\/uploads\/sites\/61\/2024\/09\/1-2.jpg\"><img loading=\"lazy\" decoding=\"async\" width=\"1024\" height=\"472\" src=\"https:\/\/etab.ac-reunion.fr\/lyc-francois-de-mahy\/wp-content\/uploads\/sites\/61\/2024\/09\/1-2-1024x472.jpg\" alt=\"\" class=\"wp-image-27449\" srcset=\"https:\/\/etab.ac-reunion.fr\/lyc-francois-de-mahy\/wp-content\/uploads\/sites\/61\/2024\/09\/1-2-1024x472.jpg 1024w, https:\/\/etab.ac-reunion.fr\/lyc-francois-de-mahy\/wp-content\/uploads\/sites\/61\/2024\/09\/1-2-300x138.jpg 300w, https:\/\/etab.ac-reunion.fr\/lyc-francois-de-mahy\/wp-content\/uploads\/sites\/61\/2024\/09\/1-2-768x354.jpg 768w, https:\/\/etab.ac-reunion.fr\/lyc-francois-de-mahy\/wp-content\/uploads\/sites\/61\/2024\/09\/1-2-1536x708.jpg 1536w, https:\/\/etab.ac-reunion.fr\/lyc-francois-de-mahy\/wp-content\/uploads\/sites\/61\/2024\/09\/1-2.jpg 1794w\" sizes=\"auto, (max-width: 1024px) 100vw, 1024px\" \/><\/a><\/figure>\n\n\n\n<p>Nous le remercions vivement pour ce qu\u2019il fait depuis des ann\u00e9es pour les \u00e9l\u00e8ves issus de formations dans la restauration du lyc\u00e9e Fran\u00e7ois de Mahy. Son accueil et sa bienveillance sont pr\u00e9cieux et semble-t-il, parfois r\u00e9compens\u00e9s par des recrutements satisfaisants. Nous esp\u00e9rons que ce partenariat perdurera longtemps.<\/p>\n\n\n\n<p><em><strong>Olivier Martelly<\/strong><\/em><\/p>\n\n\n\n<p><em><strong>Responsable du <a href=\"https:\/\/etab.ac-reunion.fr\/lyc-francois-de-mahy\/bureau-des-entreprises\/\">Bureau des Entreprises<\/a><\/strong><\/em><\/p>\n\n\n\n<p><em><strong>bde-lp-francois-de-mahy@ac-reunion.fr<\/strong><\/em><\/p>\n\n\n\n<p><\/p>\n","protected":false},"excerpt":{"rendered":"<p>\u00c0 Mont\u00e9e Villeneuve, Grand bois La mairie de Saint-Pierre et le responsable de la restauration, Monsieur Yap-Chim, ont invit\u00e9 le Bureau des Entreprises du lyc\u00e9e Fran\u00e7ois de Mahy \u00e0 son inauguration le 4 septembre dernier et a autoris\u00e9 la visite de 4 groupes d\u2019\u00e9l\u00e8ves de CAP Production en Service et Restaurations pendant ce mois de [&hellip;]<\/p>\n","protected":false},"author":19067,"featured_media":27454,"comment_status":"closed","ping_status":"closed","sticky":false,"template":"","format":"standard","meta":{"footnotes":""},"categories":[20],"tags":[],"class_list":["post-27442","post","type-post","status-publish","format-standard","has-post-thumbnail","hentry","category-action-pedagogique"],"_links":{"self":[{"href":"https:\/\/etab.ac-reunion.fr\/lyc-francois-de-mahy\/wp-json\/wp\/v2\/posts\/27442","targetHints":{"allow":["GET"]}}],"collection":[{"href":"https:\/\/etab.ac-reunion.fr\/lyc-francois-de-mahy\/wp-json\/wp\/v2\/posts"}],"about":[{"href":"https:\/\/etab.ac-reunion.fr\/lyc-francois-de-mahy\/wp-json\/wp\/v2\/types\/post"}],"author":[{"embeddable":true,"href":"https:\/\/etab.ac-reunion.fr\/lyc-francois-de-mahy\/wp-json\/wp\/v2\/users\/19067"}],"replies":[{"embeddable":true,"href":"https:\/\/etab.ac-reunion.fr\/lyc-francois-de-mahy\/wp-json\/wp\/v2\/comments?post=27442"}],"version-history":[{"count":10,"href":"https:\/\/etab.ac-reunion.fr\/lyc-francois-de-mahy\/wp-json\/wp\/v2\/posts\/27442\/revisions"}],"predecessor-version":[{"id":27465,"href":"https:\/\/etab.ac-reunion.fr\/lyc-francois-de-mahy\/wp-json\/wp\/v2\/posts\/27442\/revisions\/27465"}],"wp:featuredmedia":[{"embeddable":true,"href":"https:\/\/etab.ac-reunion.fr\/lyc-francois-de-mahy\/wp-json\/wp\/v2\/media\/27454"}],"wp:attachment":[{"href":"https:\/\/etab.ac-reunion.fr\/lyc-francois-de-mahy\/wp-json\/wp\/v2\/media?parent=27442"}],"wp:term":[{"taxonomy":"category","embeddable":true,"href":"https:\/\/etab.ac-reunion.fr\/lyc-francois-de-mahy\/wp-json\/wp\/v2\/categories?post=27442"},{"taxonomy":"post_tag","embeddable":true,"href":"https:\/\/etab.ac-reunion.fr\/lyc-francois-de-mahy\/wp-json\/wp\/v2\/tags?post=27442"}],"curies":[{"name":"wp","href":"https:\/\/api.w.org\/{rel}","templated":true}]}}