{"id":27818,"date":"2024-11-05T17:00:17","date_gmt":"2024-11-05T13:00:17","guid":{"rendered":"https:\/\/etab.ac-reunion.fr\/lyc-francois-de-mahy\/?p=27818"},"modified":"2025-10-10T17:35:04","modified_gmt":"2025-10-10T13:35:04","slug":"l-operation-plastique-a-loupe-pal","status":"publish","type":"post","link":"https:\/\/etab.ac-reunion.fr\/lyc-francois-de-mahy\/l-operation-plastique-a-loupe-pal\/","title":{"rendered":"L&rsquo; Op\u00e9ration Plastique \u00e0 la Loupe ( PAL )"},"content":{"rendered":"\n<p><strong>L&rsquo; Op\u00e9ration Plastique \u00e0 la Loupe ( PAL ) s&rsquo;est d\u00e9roul\u00e9e sur la plage de Salahin avec la classe de C1 PSR1 et 3 \u00e9l\u00e8ves de C1 EPC3<\/strong> <strong>le jeudi 31 octobre.<\/strong><\/p>\n\n\n\n<figure class=\"wp-block-image size-large\"><a href=\"https:\/\/etab.ac-reunion.fr\/lyc-francois-de-mahy\/wp-content\/uploads\/sites\/61\/2024\/11\/4-2.jpg\"><img loading=\"lazy\" decoding=\"async\" width=\"1024\" height=\"575\" src=\"https:\/\/etab.ac-reunion.fr\/lyc-francois-de-mahy\/wp-content\/uploads\/sites\/61\/2024\/11\/4-2-1024x575.jpg\" alt=\"\" class=\"wp-image-27849\" srcset=\"https:\/\/etab.ac-reunion.fr\/lyc-francois-de-mahy\/wp-content\/uploads\/sites\/61\/2024\/11\/4-2-1024x575.jpg 1024w, https:\/\/etab.ac-reunion.fr\/lyc-francois-de-mahy\/wp-content\/uploads\/sites\/61\/2024\/11\/4-2-300x169.jpg 300w, https:\/\/etab.ac-reunion.fr\/lyc-francois-de-mahy\/wp-content\/uploads\/sites\/61\/2024\/11\/4-2-768x431.jpg 768w, https:\/\/etab.ac-reunion.fr\/lyc-francois-de-mahy\/wp-content\/uploads\/sites\/61\/2024\/11\/4-2.jpg 1198w\" sizes=\"auto, (max-width: 1024px) 100vw, 1024px\" \/><\/a><\/figure>\n\n\n\n<p>C&rsquo;est Une op\u00e9ration p\u00e9dagogique au service de l&rsquo;\u00e9ducation \u00e0 la science et au d\u00e9veloppement durable.<br>Nous participons pour la premi\u00e8re fois cette ann\u00e9e \u00e0 la r\u00e9colte des Macrod\u00e9chets.<\/p>\n\n\n\n<p>Nous avons ramass\u00e9 pr\u00e8s de 25 kilos de d\u00e9chets, puis nous les avons tri\u00e9s et compt\u00e9s, de retour au Lyc\u00e9e.<\/p>\n\n\n\n<figure class=\"wp-block-image size-large\"><a href=\"https:\/\/etab.ac-reunion.fr\/lyc-francois-de-mahy\/wp-content\/uploads\/sites\/61\/2024\/11\/5.jpg\"><img loading=\"lazy\" decoding=\"async\" width=\"1024\" height=\"577\" src=\"https:\/\/etab.ac-reunion.fr\/lyc-francois-de-mahy\/wp-content\/uploads\/sites\/61\/2024\/11\/5-1024x577.jpg\" alt=\"\" class=\"wp-image-27822\" srcset=\"https:\/\/etab.ac-reunion.fr\/lyc-francois-de-mahy\/wp-content\/uploads\/sites\/61\/2024\/11\/5-1024x577.jpg 1024w, https:\/\/etab.ac-reunion.fr\/lyc-francois-de-mahy\/wp-content\/uploads\/sites\/61\/2024\/11\/5-300x169.jpg 300w, https:\/\/etab.ac-reunion.fr\/lyc-francois-de-mahy\/wp-content\/uploads\/sites\/61\/2024\/11\/5-768x433.jpg 768w, https:\/\/etab.ac-reunion.fr\/lyc-francois-de-mahy\/wp-content\/uploads\/sites\/61\/2024\/11\/5.jpg 1198w\" sizes=\"auto, (max-width: 1024px) 100vw, 1024px\" \/><\/a><\/figure>\n\n\n\n<p>Il nous reste \u00e0 renvoyer les donn\u00e9es que l&rsquo;on r\u00e9unira dans un tableur \u00e0 la Fondation Tara Oc\u00e9an.<br>L&rsquo;ann\u00e9e prochaine, nous continuerons cette op\u00e9ration avec cette fois l&rsquo;\u00e9tude des Microplastiques en plus.<\/p>\n\n\n\n<p>Et pour joindre l&rsquo;utile \u00e0 l&rsquo;agr\u00e9able cette journ\u00e9e a \u00e9t\u00e9 agr\u00e9ment\u00e9e par un pique nique confectionn\u00e9 sp\u00e9cialement par les PSR.<\/p>\n\n\n\n<figure class=\"wp-block-gallery has-nested-images columns-default is-cropped wp-block-gallery-1 is-layout-flex wp-block-gallery-is-layout-flex\">\n<figure class=\"wp-block-image size-large\"><a href=\"https:\/\/etab.ac-reunion.fr\/lyc-francois-de-mahy\/wp-content\/uploads\/sites\/61\/2024\/11\/2-1.jpg\"><img loading=\"lazy\" decoding=\"async\" width=\"1024\" height=\"577\" data-id=\"27823\" src=\"https:\/\/etab.ac-reunion.fr\/lyc-francois-de-mahy\/wp-content\/uploads\/sites\/61\/2024\/11\/2-1-1024x577.jpg\" alt=\"\" class=\"wp-image-27823\" srcset=\"https:\/\/etab.ac-reunion.fr\/lyc-francois-de-mahy\/wp-content\/uploads\/sites\/61\/2024\/11\/2-1-1024x577.jpg 1024w, https:\/\/etab.ac-reunion.fr\/lyc-francois-de-mahy\/wp-content\/uploads\/sites\/61\/2024\/11\/2-1-300x169.jpg 300w, https:\/\/etab.ac-reunion.fr\/lyc-francois-de-mahy\/wp-content\/uploads\/sites\/61\/2024\/11\/2-1-768x432.jpg 768w, https:\/\/etab.ac-reunion.fr\/lyc-francois-de-mahy\/wp-content\/uploads\/sites\/61\/2024\/11\/2-1.jpg 1197w\" sizes=\"auto, (max-width: 1024px) 100vw, 1024px\" \/><\/a><\/figure>\n\n\n\n<figure class=\"wp-block-image size-large\"><a href=\"https:\/\/etab.ac-reunion.fr\/lyc-francois-de-mahy\/wp-content\/uploads\/sites\/61\/2024\/11\/Capture.jpg\"><img loading=\"lazy\" decoding=\"async\" width=\"1024\" height=\"576\" data-id=\"27824\" src=\"https:\/\/etab.ac-reunion.fr\/lyc-francois-de-mahy\/wp-content\/uploads\/sites\/61\/2024\/11\/Capture-1024x576.jpg\" alt=\"\" class=\"wp-image-27824\" srcset=\"https:\/\/etab.ac-reunion.fr\/lyc-francois-de-mahy\/wp-content\/uploads\/sites\/61\/2024\/11\/Capture-1024x576.jpg 1024w, https:\/\/etab.ac-reunion.fr\/lyc-francois-de-mahy\/wp-content\/uploads\/sites\/61\/2024\/11\/Capture-300x169.jpg 300w, https:\/\/etab.ac-reunion.fr\/lyc-francois-de-mahy\/wp-content\/uploads\/sites\/61\/2024\/11\/Capture-768x432.jpg 768w, https:\/\/etab.ac-reunion.fr\/lyc-francois-de-mahy\/wp-content\/uploads\/sites\/61\/2024\/11\/Capture.jpg 1199w\" sizes=\"auto, (max-width: 1024px) 100vw, 1024px\" \/><\/a><\/figure>\n<\/figure>\n\n\n\n<p>Nous avons aussi laiss\u00e9 quelques \u0153uvres de \u00ab\u00a0Land art\u00a0\u00bb sur cette plage.<\/p>\n\n\n\n<figure class=\"wp-block-image size-large\"><a href=\"https:\/\/etab.ac-reunion.fr\/lyc-francois-de-mahy\/wp-content\/uploads\/sites\/61\/2024\/11\/3.jpg\"><img loading=\"lazy\" decoding=\"async\" width=\"1024\" height=\"576\" src=\"https:\/\/etab.ac-reunion.fr\/lyc-francois-de-mahy\/wp-content\/uploads\/sites\/61\/2024\/11\/3-1024x576.jpg\" alt=\"\" class=\"wp-image-27821\" srcset=\"https:\/\/etab.ac-reunion.fr\/lyc-francois-de-mahy\/wp-content\/uploads\/sites\/61\/2024\/11\/3-1024x576.jpg 1024w, https:\/\/etab.ac-reunion.fr\/lyc-francois-de-mahy\/wp-content\/uploads\/sites\/61\/2024\/11\/3-300x169.jpg 300w, https:\/\/etab.ac-reunion.fr\/lyc-francois-de-mahy\/wp-content\/uploads\/sites\/61\/2024\/11\/3-768x432.jpg 768w, https:\/\/etab.ac-reunion.fr\/lyc-francois-de-mahy\/wp-content\/uploads\/sites\/61\/2024\/11\/3.jpg 1303w\" sizes=\"auto, (max-width: 1024px) 100vw, 1024px\" \/><\/a><\/figure>\n\n\n\n<p class=\"has-text-align-center\">Merci \u00e0 tous pour cette belle participation.<\/p>\n\n\n\n<p><\/p>\n\n\n\n<p class=\"has-text-align-center\"><strong><em>La classe de C1 PSR, 3 \u00e9l\u00e8ves de C1 EPC3 et les professeurs accompagnateurs, M. Lepori, Mme Thiaw-Wing, Mme Poquet et M. Picard.<\/em><\/strong><\/p>\n\n\n\n<div style=\"height:25px\" aria-hidden=\"true\" class=\"wp-block-spacer\"><\/div>\n\n\n\n<p class=\"has-text-align-center\"><em>Lien :<a href=\"https:\/\/plastiquealaloupe.fondationtaraocean.org\/\"> L&rsquo;op\u00e9ration plastique \u00e0 la loupe<\/a><\/em><\/p>\n\n\n\n<p><\/p>\n","protected":false},"excerpt":{"rendered":"<p>L&rsquo; Op\u00e9ration Plastique \u00e0 la Loupe ( PAL ) s&rsquo;est d\u00e9roul\u00e9e sur la plage de Salahin avec la classe de C1 PSR1 et 3 \u00e9l\u00e8ves de C1 EPC3 le jeudi 31 octobre. C&rsquo;est Une op\u00e9ration p\u00e9dagogique au service de l&rsquo;\u00e9ducation \u00e0 la science et au d\u00e9veloppement durable.Nous participons pour la premi\u00e8re fois cette ann\u00e9e \u00e0 [&hellip;]<\/p>\n","protected":false},"author":19067,"featured_media":27852,"comment_status":"closed","ping_status":"closed","sticky":false,"template":"","format":"standard","meta":{"footnotes":""},"categories":[20],"tags":[],"class_list":["post-27818","post","type-post","status-publish","format-standard","has-post-thumbnail","hentry","category-action-pedagogique"],"_links":{"self":[{"href":"https:\/\/etab.ac-reunion.fr\/lyc-francois-de-mahy\/wp-json\/wp\/v2\/posts\/27818","targetHints":{"allow":["GET"]}}],"collection":[{"href":"https:\/\/etab.ac-reunion.fr\/lyc-francois-de-mahy\/wp-json\/wp\/v2\/posts"}],"about":[{"href":"https:\/\/etab.ac-reunion.fr\/lyc-francois-de-mahy\/wp-json\/wp\/v2\/types\/post"}],"author":[{"embeddable":true,"href":"https:\/\/etab.ac-reunion.fr\/lyc-francois-de-mahy\/wp-json\/wp\/v2\/users\/19067"}],"replies":[{"embeddable":true,"href":"https:\/\/etab.ac-reunion.fr\/lyc-francois-de-mahy\/wp-json\/wp\/v2\/comments?post=27818"}],"version-history":[{"count":15,"href":"https:\/\/etab.ac-reunion.fr\/lyc-francois-de-mahy\/wp-json\/wp\/v2\/posts\/27818\/revisions"}],"predecessor-version":[{"id":27853,"href":"https:\/\/etab.ac-reunion.fr\/lyc-francois-de-mahy\/wp-json\/wp\/v2\/posts\/27818\/revisions\/27853"}],"wp:featuredmedia":[{"embeddable":true,"href":"https:\/\/etab.ac-reunion.fr\/lyc-francois-de-mahy\/wp-json\/wp\/v2\/media\/27852"}],"wp:attachment":[{"href":"https:\/\/etab.ac-reunion.fr\/lyc-francois-de-mahy\/wp-json\/wp\/v2\/media?parent=27818"}],"wp:term":[{"taxonomy":"category","embeddable":true,"href":"https:\/\/etab.ac-reunion.fr\/lyc-francois-de-mahy\/wp-json\/wp\/v2\/categories?post=27818"},{"taxonomy":"post_tag","embeddable":true,"href":"https:\/\/etab.ac-reunion.fr\/lyc-francois-de-mahy\/wp-json\/wp\/v2\/tags?post=27818"}],"curies":[{"name":"wp","href":"https:\/\/api.w.org\/{rel}","templated":true}]}}